{"id":68296,"date":"2025-06-05T17:01:07","date_gmt":"2025-06-05T20:01:07","guid":{"rendered":"https:\/\/www.paranapraia.com.br\/?p=68296"},"modified":"2025-06-05T17:01:10","modified_gmt":"2025-06-05T20:01:10","slug":"vem-ai-o-22o-encontro-paranaense-de-veiculos-antigos-e-especiais-de-antonina","status":"publish","type":"post","link":"https:\/\/www.paranapraia.com.br\/index.php\/2025\/06\/05\/vem-ai-o-22o-encontro-paranaense-de-veiculos-antigos-e-especiais-de-antonina\/","title":{"rendered":"Vem a\u00ed o 22\u00ba Encontro Paranaense de Ve\u00edculos Antigos e Especiais de Antonina"},"content":{"rendered":"\n<p>O evento acontecer\u00e1 nos dias 28 e 29 de junho na Avenida Carlos Gomes da Costa, e promete reunir apaixonados por autom\u00f3veis de todas as idades.<\/p>\n\n\n\n<p>Um encontro de autom\u00f3veis \u00e9 sempre uma oportunidade \u00fanica de conhecer hist\u00f3rias, mem\u00f3rias e paix\u00f5es que atravessam gera\u00e7\u00f5es. \u00c9 o momento perfeito para colecionadores, admiradores e amantes de carros antigos se reunirem, trocarem experi\u00eancias e celebrarem o que <a><\/a>h\u00e1 de mais belo no automobilismo cl\u00e1ssico.<\/p>\n\n\n\n<p>Durante esses dois dias, diversos modelos de ve\u00edculos antigos e especiais estar\u00e3o em exibi\u00e7\u00e3o, mostrando a beleza e a hist\u00f3ria de cada um,\u00e9 uma chance de apreciar a nostalgia, a engenharia e o design de \u00e9pocas passadas, al\u00e9m de fortalecer a comunidade de entusiastas.<\/p>\n\n\n\n<p>N\u00e3o perca essa oportunidade de viver momentos inesquec\u00edveis, fazer novas amizades e celebrar a paix\u00e3o pelos carros antigos. Venha aproveitar e fazer parte dessa tradi\u00e7\u00e3o que encanta gera\u00e7\u00f5es!<\/p>\n\n\n\n<p>Prefeitura de Antonina<\/p>\n","protected":false},"excerpt":{"rendered":"<p>O evento acontecer\u00e1 nos dias 28 e 29 de junho na Avenida Carlos Gomes da Costa, e promete reunir apaixonados por autom\u00f3veis de todas as idades. Um encontro de autom\u00f3veis \u00e9 sempre uma oportunidade \u00fanica de conhecer hist\u00f3rias, mem\u00f3rias e paix\u00f5es que atravessam gera\u00e7\u00f5es. \u00c9 o momento perfeito para colecionadores, admiradores e amantes de carros [&hellip;]<\/p>\n","protected":false},"author":2,"featured_media":68297,"comment_status":"open","ping_status":"open","sticky":false,"template":"","format":"standard","meta":{"advanced_seo_description":"","jetpack_seo_html_title":"","jetpack_seo_noindex":false,"_jetpack_memberships_contains_paid_content":false,"footnotes":""},"categories":[132],"tags":[],"class_list":{"0":"post-68296","1":"post","2":"type-post","3":"status-publish","4":"format-standard","5":"has-post-thumbnail","7":"category-antonina"},"jetpack_featured_media_url":"https:\/\/www.paranapraia.com.br\/wp-content\/uploads\/2025\/06\/504293900_1149073573918378_4603243140188483871_n-scaled.jpg","jetpack_sharing_enabled":true,"_links":{"self":[{"href":"https:\/\/www.paranapraia.com.br\/index.php\/wp-json\/wp\/v2\/posts\/68296"}],"collection":[{"href":"https:\/\/www.paranapraia.com.br\/index.php\/wp-json\/wp\/v2\/posts"}],"about":[{"href":"https:\/\/www.paranapraia.com.br\/index.php\/wp-json\/wp\/v2\/types\/post"}],"author":[{"embeddable":true,"href":"https:\/\/www.paranapraia.com.br\/index.php\/wp-json\/wp\/v2\/users\/2"}],"replies":[{"embeddable":true,"href":"https:\/\/www.paranapraia.com.br\/index.php\/wp-json\/wp\/v2\/comments?post=68296"}],"version-history":[{"count":1,"href":"https:\/\/www.paranapraia.com.br\/index.php\/wp-json\/wp\/v2\/posts\/68296\/revisions"}],"predecessor-version":[{"id":68298,"href":"https:\/\/www.paranapraia.com.br\/index.php\/wp-json\/wp\/v2\/posts\/68296\/revisions\/68298"}],"wp:featuredmedia":[{"embeddable":true,"href":"https:\/\/www.paranapraia.com.br\/index.php\/wp-json\/wp\/v2\/media\/68297"}],"wp:attachment":[{"href":"https:\/\/www.paranapraia.com.br\/index.php\/wp-json\/wp\/v2\/media?parent=68296"}],"wp:term":[{"taxonomy":"category","embeddable":true,"href":"https:\/\/www.paranapraia.com.br\/index.php\/wp-json\/wp\/v2\/categories?post=68296"},{"taxonomy":"post_tag","embeddable":true,"href":"https:\/\/www.paranapraia.com.br\/index.php\/wp-json\/wp\/v2\/tags?post=68296"}],"curies":[{"name":"wp","href":"https:\/\/api.w.org\/{rel}","templated":true}]}}