{"id":68165,"date":"2025-06-04T17:07:03","date_gmt":"2025-06-04T20:07:03","guid":{"rendered":"https:\/\/www.paranapraia.com.br\/?p=68165"},"modified":"2025-06-04T17:07:06","modified_gmt":"2025-06-04T20:07:06","slug":"ratinho-junior-anuncia-contratacao-de-620-policiais-para-reforcar-o-quadro-da-policia-civil","status":"publish","type":"post","link":"https:\/\/www.paranapraia.com.br\/index.php\/2025\/06\/04\/ratinho-junior-anuncia-contratacao-de-620-policiais-para-reforcar-o-quadro-da-policia-civil\/","title":{"rendered":"Ratinho Junior anuncia contrata\u00e7\u00e3o de 620 policiais para refor\u00e7ar o quadro da Pol\u00edcia Civil"},"content":{"rendered":"\n<p>O governador Carlos Massa Ratinho Junior anunciou nesta quarta-feira (04) a contrata\u00e7\u00e3o de mais 620 policiais civis para refor\u00e7ar o quadro da seguran\u00e7a p\u00fablica no Estado. Ser\u00e3o 500 agentes de pol\u00edcia judici\u00e1ria, 80 delegados e 40 papiloscopistas aprovados no concurso p\u00fablico realizado em 2021. Somente em 2025, ser\u00e3o 746 novos agentes na Pol\u00edcia Civil do Paran\u00e1 (PCPR), a maior contrata\u00e7\u00e3o da hist\u00f3ria da corpora\u00e7\u00e3o. O governador tamb\u00e9m entregou\u00a0ve\u00edculos e equipamentos para o Corpo de Bombeiros.<\/p>\n\n\n\n<p>\u201cA Pol\u00edcia Civil do Paran\u00e1 est\u00e1 entre as que mais soluciona crimes no Brasil. Estamos no menor patamar de criminalidade dos \u00faltimos 17 anos e essa nova convoca\u00e7\u00e3o, de mais 620 profissionais, ir\u00e1 refor\u00e7ar todo esse trabalho\u201d, afirmou Ratinho Junior.<\/p>\n\n\n\n<p>\u201cQuando assumimos o governo, reorganizamos as comarcas do Paran\u00e1, com todas tendo, no m\u00ednimo, um delegado para atender a parte de pol\u00edcia judici\u00e1ria, de investiga\u00e7\u00e3o, e como consequ\u00eancia tivemos a redu\u00e7\u00e3o dos \u00edndices de criminalidade, ent\u00e3o \u00e9 uma demonstra\u00e7\u00e3o de que essa estrat\u00e9gia de reestrutura\u00e7\u00e3o tem dado certo\u201d, acrescentou o governador.<\/p>\n\n\n\n<p>Em 2025, o impacto financeiro estimado com as contrata\u00e7\u00f5es \u00e9 de R$ 69,7 milh\u00f5es, sendo que o custo anual ser\u00e1 de R$ 108,6 milh\u00f5es. O investimento \u00e9 poss\u00edvel gra\u00e7as ao bom momento econ\u00f4mico do Estado que possibilitou que o or\u00e7amento da Secretaria de Estado da Seguran\u00e7a P\u00fablica (Sesp) quase dobrasse, saindo de R$ 3,8 bilh\u00f5es para R$ 7 bilh\u00f5es neste ano.<\/p>\n\n\n\n<p>Os novos policiais devem iniciar o curso de forma\u00e7\u00e3o na Escola Superior da Pol\u00edcia Civil em julho, com previs\u00e3o de conclus\u00e3o ainda neste ano para que, ent\u00e3o, iniciem o trabalho nas delegacias. Eles atuar\u00e3o diretamente na investiga\u00e7\u00e3o de crimes, lavratura de flagrantes, condu\u00e7\u00e3o de inqu\u00e9ritos, execu\u00e7\u00e3o de opera\u00e7\u00f5es, per\u00edcias papilosc\u00f3picas e interlocu\u00e7\u00e3o com o Poder Judici\u00e1rio. O objetivo \u00e9 agilizar atendimentos e procedimentos nas centrais de flagrante, distritos, delegacias regionais e especializadas.<\/p>\n\n\n\n<p>O secret\u00e1rio de Estado da Seguran\u00e7a P\u00fablica, Hudson Teixeira, ressaltou que hoje o quadro da Pol\u00edcia Civil do Paran\u00e1 est\u00e1 entre os mais qualificados do Pa\u00eds. \u201cO refor\u00e7o do efetivo da Pol\u00edcia Civil \u00e9 resultado direto dos investimentos estruturantes feitos pelo Governo do Estado. Com mais profissionais bem preparados, ampliamos a capacidade de resposta da seguran\u00e7a p\u00fablica e aproximamos os servi\u00e7os do cidad\u00e3o\u201d, salientou.<\/p>\n\n\n\n<p>Em janeiro deste ano, 126 policiais, sendo 106 agentes de pol\u00edcia judici\u00e1ria, 12 delegados e oito papiloscopistas policiais tomaram posse, tamb\u00e9m aprovados no concurso p\u00fablico realizado em 2021. A\u00a0formatura desse grupo foi em maio. Apenas em 2025 ser\u00e3o 746 novos policiais contratados para refor\u00e7ar a seguran\u00e7a dos paranaenses.<\/p>\n\n\n\n<p>At\u00e9 ent\u00e3o, a maior contrata\u00e7\u00e3o para a PCPR havia sido em 2022, quando 400 agentes tomaram posse, o que garantiu a presen\u00e7a de delegados em todas as 161 comarcas do Estado. Durante toda a gest\u00e3o do governador Ratinho Junior, iniciada em 2019, foram incorporados 1.624 novos policiais civis, sendo 1.217 agentes de pol\u00edcia judici\u00e1ria, 285 delegados e 122 papiloscopistas.<\/p>\n\n\n\n<p><strong>PROMO\u00c7\u00d5ES<\/strong>\u00a0\u2013 Ratinho Junior tamb\u00e9m autorizou, na \u00faltima segunda-feira (02), a\u00a0promo\u00e7\u00e3o de 2.118 profissionais da PCPR, uma das maiores da hist\u00f3ria da corpora\u00e7\u00e3o. O Decreto 10.140\/2025 beneficia, com aumento de remunera\u00e7\u00e3o, mais de 1,9 mil agentes de pol\u00edcia judici\u00e1ria, 140 papiloscopistas e 4 agentes de opera\u00e7\u00f5es policiais, todos do Quadro Pr\u00f3prio da Pol\u00edcia Civil (QPPC).<\/p>\n\n\n\n<p>\u201cS\u00e3o a\u00e7\u00f5es focadas na valoriza\u00e7\u00e3o do policial civil, com investimentos que melhoram o exerc\u00edcio da profiss\u00e3o. Um policial motivado, com condi\u00e7\u00e3o de trabalho, consegue entregar resultados e isso est\u00e1 sendo refletido todos os dias\u201d, disse o delegado-geral da PCPR, Silvio Jacob Rockembach. \u201cEm termos de estrutura e tecnologia, temos o que h\u00e1 de melhor no mundo \u00e0 disposi\u00e7\u00e3o dos policiais para trabalhar. Hoje a Pol\u00edcia Civil do Paran\u00e1 \u00e9 refer\u00eancia, com um dos melhores \u00edndices de solu\u00e7\u00e3o de homic\u00eddios do Pa\u00eds.\u201d<\/p>\n\n\n\n<p>No primeiro trimestre de 2025, o Paran\u00e1 reduziu em 26,3% o n\u00famero de homic\u00eddios dolosos (aqueles com a inten\u00e7\u00e3o de matar) no Estado. Entre janeiro e mar\u00e7o do ano passado, estas ocorr\u00eancias vitimaram 479 pessoas, 126 a mais do que as 353 v\u00edtimas deste tipo de crime nos tr\u00eas primeiros meses deste ano em todo o Paran\u00e1. Trata-se do quarto ano seguido de queda nos indicadores de homic\u00eddios para o 1\u00ba trimestre.<\/p>\n\n\n\n<p><strong>NOVO REFOR\u00c7O<\/strong>&nbsp;\u2013 Al\u00e9m das contrata\u00e7\u00f5es de policiais civis, o Governo do Estado tamb\u00e9m est\u00e1 conduzindo um novo concurso p\u00fablico para a contrata\u00e7\u00e3o de 2 mil policiais militares e 600 bombeiros militares.<\/p>\n\n\n\n<p>O certame em andamento\u00a0recebeu mais de 30 mil inscri\u00e7\u00f5es, sendo 23.491 para o concurso da Pol\u00edcia Militar do Paran\u00e1 (PMPR) e 6.868 para o Curso de Forma\u00e7\u00e3o de Pra\u00e7as do Corpo de Bombeiros Militar do Paran\u00e1 (CBMPR), resultando em uma m\u00e9dia de 15 candidatos por vaga na PM e 11,4 nos Bombeiros. O concurso ainda destina 10% das vagas a candidatos afrodescendentes.<\/p>\n\n\n\n<p>A primeira fase do concurso ser\u00e1 composta por provas objetivas e discursivas, ambas de car\u00e1ter eliminat\u00f3rio e classificat\u00f3rio. A avalia\u00e7\u00e3o para a PMPR est\u00e1 marcada para o dia 29 de junho, enquanto os candidatos ao CBMPR far\u00e3o prova no dia 6 de julho.<\/p>\n\n\n\n<p>AEN\/PR<\/p>\n","protected":false},"excerpt":{"rendered":"<p>O governador Carlos Massa Ratinho Junior anunciou nesta quarta-feira (04) a contrata\u00e7\u00e3o de mais 620 policiais civis para refor\u00e7ar o quadro da seguran\u00e7a p\u00fablica no Estado. Ser\u00e3o 500 agentes de pol\u00edcia judici\u00e1ria, 80 delegados e 40 papiloscopistas aprovados no concurso p\u00fablico realizado em 2021. Somente em 2025, ser\u00e3o 746 novos agentes na Pol\u00edcia Civil do [&hellip;]<\/p>\n","protected":false},"author":2,"featured_media":68166,"comment_status":"open","ping_status":"open","sticky":false,"template":"","format":"standard","meta":{"advanced_seo_description":"","jetpack_seo_html_title":"","jetpack_seo_noindex":false,"_jetpack_memberships_contains_paid_content":false,"footnotes":""},"categories":[33],"tags":[],"class_list":{"0":"post-68165","1":"post","2":"type-post","3":"status-publish","4":"format-standard","5":"has-post-thumbnail","7":"category-policia"},"jetpack_featured_media_url":"https:\/\/www.paranapraia.com.br\/wp-content\/uploads\/2025\/06\/governador-entrega_de_equipamentos_ao_corpo_de_bombeiros-04-06-25_209-scaled.jpg","jetpack_sharing_enabled":true,"_links":{"self":[{"href":"https:\/\/www.paranapraia.com.br\/index.php\/wp-json\/wp\/v2\/posts\/68165"}],"collection":[{"href":"https:\/\/www.paranapraia.com.br\/index.php\/wp-json\/wp\/v2\/posts"}],"about":[{"href":"https:\/\/www.paranapraia.com.br\/index.php\/wp-json\/wp\/v2\/types\/post"}],"author":[{"embeddable":true,"href":"https:\/\/www.paranapraia.com.br\/index.php\/wp-json\/wp\/v2\/users\/2"}],"replies":[{"embeddable":true,"href":"https:\/\/www.paranapraia.com.br\/index.php\/wp-json\/wp\/v2\/comments?post=68165"}],"version-history":[{"count":1,"href":"https:\/\/www.paranapraia.com.br\/index.php\/wp-json\/wp\/v2\/posts\/68165\/revisions"}],"predecessor-version":[{"id":68167,"href":"https:\/\/www.paranapraia.com.br\/index.php\/wp-json\/wp\/v2\/posts\/68165\/revisions\/68167"}],"wp:featuredmedia":[{"embeddable":true,"href":"https:\/\/www.paranapraia.com.br\/index.php\/wp-json\/wp\/v2\/media\/68166"}],"wp:attachment":[{"href":"https:\/\/www.paranapraia.com.br\/index.php\/wp-json\/wp\/v2\/media?parent=68165"}],"wp:term":[{"taxonomy":"category","embeddable":true,"href":"https:\/\/www.paranapraia.com.br\/index.php\/wp-json\/wp\/v2\/categories?post=68165"},{"taxonomy":"post_tag","embeddable":true,"href":"https:\/\/www.paranapraia.com.br\/index.php\/wp-json\/wp\/v2\/tags?post=68165"}],"curies":[{"name":"wp","href":"https:\/\/api.w.org\/{rel}","templated":true}]}}