{"id":68156,"date":"2025-06-04T16:43:42","date_gmt":"2025-06-04T19:43:42","guid":{"rendered":"https:\/\/www.paranapraia.com.br\/?p=68156"},"modified":"2025-06-04T16:43:45","modified_gmt":"2025-06-04T19:43:45","slug":"por-um-mar-sem-lixo-inicia-semana-socioambiental-de-guaratuba","status":"publish","type":"post","link":"https:\/\/www.paranapraia.com.br\/index.php\/2025\/06\/04\/por-um-mar-sem-lixo-inicia-semana-socioambiental-de-guaratuba\/","title":{"rendered":"\u201cPor um mar sem lixo\u201d: Inicia semana Socioambiental de Guaratuba"},"content":{"rendered":"\n<p>Teve in\u00edcio na ter\u00e7a-feira (3), a 9\u00aa Semana Socioambiental de Guaratuba, que acontece de 3 a 7 de junho, com o tema \u201cPor um mar sem lixo\u201d. O evento tem como objetivo conscientizar a popula\u00e7\u00e3o sobre os problemas da polui\u00e7\u00e3o marinha e a urgente necessidade de mudan\u00e7as nos h\u00e1bitos de consumo e no descarte de res\u00edduos.<\/p>\n\n\n\n<p>A abertura aconteceu no Casar\u00e3o Marc\u00edlio Dias (sede da Secretaria Municipal da Cultura e Turismo) e contou com a participa\u00e7\u00e3o da pesquisadora Camila Domit, do Laborat\u00f3rio de Ecologia e Conserva\u00e7\u00e3o da UFPR (LEC-UFPR), que ministrou uma palestra sobre o futuro dos oceanos.<\/p>\n\n\n\n<p>Na ocasi\u00e3o, tamb\u00e9m foi realizado o lan\u00e7amento do curta-metragem &#8220;O mar e eles: Uma rela\u00e7\u00e3o de suor, sustento, sonhos e vidas&#8221;, produzido com recursos da Lei Paulo Gustavo, destacando a rela\u00e7\u00e3o das comunidades locais com o mar.<\/p>\n\n\n\n<p>A Semana Socioambiental e o tradicional Mutir\u00e3o de Limpeza da Ba\u00eda em seu encerramento s\u00e3o uma realiza\u00e7\u00e3o do Instituto Guaju, com apoio da Prefeitura de Guaratuba, de diversas institui\u00e7\u00f5es parceiras e da imprensa local.<\/p>\n\n\n\n<p>Estiveram presentes na solenidade a vice-prefeita e secret\u00e1ria da Educa\u00e7\u00e3o, Evani Justus, os secret\u00e1rios municipais D\u00e9bora Grooger (Meio Ambiente), Jo\u00e3o Martinho Cleto Reis J\u00fanior (Urbanismo), Cel. Adilson Correa (Seguran\u00e7a), o ouvidor municipal, Gil Justus, o diretor do Departamento de Comunica\u00e7\u00e3o Social, Antonio Ricardo Labatut, a presidente do Instituto Guaju, Renata Cristine Temoteo Travassos, o coordenador volunt\u00e1rio do evento, Fabiano Cecilio da Silva, o gerente administrativo e financeiro do Cons\u00f3rcio Nova Ponte, Fernando Cesar Pereira Carneiro, o gerente geral da Cooperativa Sicoob Sul, Abner Feliciano Camargo, esses dois \u00faltimos apoiadores do evento, e comunidade em geral.<\/p>\n\n\n\n<p>Programa\u00e7\u00e3o da Semana:<\/p>\n\n\n\n<p>3 a 7 de junho &#8211; Exposi\u00e7\u00e3o \u201cNatureza e biodiversidade: Conhecer para preservar\u201d<\/p>\n\n\n\n<p>Local: Terminal Tur\u00edstico Pesqueiro \u2013 Pra\u00e7a dos Namorados<\/p>\n\n\n\n<p>Hor\u00e1rio: 8h \u00e0s 17h<\/p>\n\n\n\n<p>Atividades de educa\u00e7\u00e3o ambiental, distribui\u00e7\u00e3o de mudas e troca de experi\u00eancias entre as comunidades cai\u00e7aras.<\/p>\n\n\n\n<p>3 a 6 de junho &#8211; Atividades com escolas<\/p>\n\n\n\n<p>A\u00e7\u00e3o educativa com escolas municipais, estaduais e particulares, com foco na preserva\u00e7\u00e3o ambiental e nos desafios enfrentados pela Ba\u00eda de Guaratuba.<\/p>\n\n\n\n<p>7 de junho (s\u00e1bado) &#8211; 17\u00ba Mutir\u00e3o de limpeza da Ba\u00eda de Guaratuba<\/p>\n\n\n\n<p>Concentra\u00e7\u00e3o: A partir das 7h, na Pra\u00e7a dos Namorados.<\/p>\n\n\n\n<p>Volunt\u00e1rios ir\u00e3o realizar a limpeza da ba\u00eda, com atua\u00e7\u00e3o em locais de dif\u00edcil acesso como manguezais, ilhas e praias. Desde sua cria\u00e7\u00e3o, em 2007, o mutir\u00e3o j\u00e1 removeu mais de 85 toneladas de lixo da ba\u00eda, contribuindo diretamente para a conserva\u00e7\u00e3o dos ecossistemas marinhos e costeiros de Guaratuba.<\/p>\n\n\n\n<p>Inscri\u00e7\u00f5es abertas para volunt\u00e1rios de todas as idades. Acesse o formul\u00e1rio: <a href=\"https:\/\/forms.gle\/8TKQm9CZRtjnLYQ26?fbclid=IwZXh0bgNhZW0CMTAAYnJpZBExU1AweEloenkxZFBySURwTwEe5eL10836Tg_pUybuKVj_0XyMYQLlQxCH2805bZuG-YhTku5dhiVm5UAfKOU_aem_wn7h8XoUl0k7o6BvSPOwMA\" rel=\"noreferrer noopener\" target=\"_blank\">https:\/\/forms.gle\/8TKQm9CZRtjnLYQ26<\/a><\/p>\n\n\n\n<p>Prefeitura de Guaratuba<\/p>\n","protected":false},"excerpt":{"rendered":"<p>Teve in\u00edcio na ter\u00e7a-feira (3), a 9\u00aa Semana Socioambiental de Guaratuba, que acontece de 3 a 7 de junho, com o tema \u201cPor um mar sem lixo\u201d. O evento tem como objetivo conscientizar a popula\u00e7\u00e3o sobre os problemas da polui\u00e7\u00e3o marinha e a urgente necessidade de mudan\u00e7as nos h\u00e1bitos de consumo e no descarte de [&hellip;]<\/p>\n","protected":false},"author":2,"featured_media":68157,"comment_status":"open","ping_status":"open","sticky":false,"template":"","format":"standard","meta":{"advanced_seo_description":"","jetpack_seo_html_title":"","jetpack_seo_noindex":false,"_jetpack_memberships_contains_paid_content":false,"footnotes":""},"categories":[99],"tags":[],"class_list":{"0":"post-68156","1":"post","2":"type-post","3":"status-publish","4":"format-standard","5":"has-post-thumbnail","7":"category-guaratuba"},"jetpack_featured_media_url":"https:\/\/www.paranapraia.com.br\/wp-content\/uploads\/2025\/06\/504336443_1121437563350755_3794496095362395013_n-scaled.jpg","jetpack_sharing_enabled":true,"_links":{"self":[{"href":"https:\/\/www.paranapraia.com.br\/index.php\/wp-json\/wp\/v2\/posts\/68156"}],"collection":[{"href":"https:\/\/www.paranapraia.com.br\/index.php\/wp-json\/wp\/v2\/posts"}],"about":[{"href":"https:\/\/www.paranapraia.com.br\/index.php\/wp-json\/wp\/v2\/types\/post"}],"author":[{"embeddable":true,"href":"https:\/\/www.paranapraia.com.br\/index.php\/wp-json\/wp\/v2\/users\/2"}],"replies":[{"embeddable":true,"href":"https:\/\/www.paranapraia.com.br\/index.php\/wp-json\/wp\/v2\/comments?post=68156"}],"version-history":[{"count":1,"href":"https:\/\/www.paranapraia.com.br\/index.php\/wp-json\/wp\/v2\/posts\/68156\/revisions"}],"predecessor-version":[{"id":68158,"href":"https:\/\/www.paranapraia.com.br\/index.php\/wp-json\/wp\/v2\/posts\/68156\/revisions\/68158"}],"wp:featuredmedia":[{"embeddable":true,"href":"https:\/\/www.paranapraia.com.br\/index.php\/wp-json\/wp\/v2\/media\/68157"}],"wp:attachment":[{"href":"https:\/\/www.paranapraia.com.br\/index.php\/wp-json\/wp\/v2\/media?parent=68156"}],"wp:term":[{"taxonomy":"category","embeddable":true,"href":"https:\/\/www.paranapraia.com.br\/index.php\/wp-json\/wp\/v2\/categories?post=68156"},{"taxonomy":"post_tag","embeddable":true,"href":"https:\/\/www.paranapraia.com.br\/index.php\/wp-json\/wp\/v2\/tags?post=68156"}],"curies":[{"name":"wp","href":"https:\/\/api.w.org\/{rel}","templated":true}]}}