{"id":68151,"date":"2025-06-04T10:21:54","date_gmt":"2025-06-04T13:21:54","guid":{"rendered":"https:\/\/www.paranapraia.com.br\/?p=68151"},"modified":"2025-06-04T10:21:57","modified_gmt":"2025-06-04T13:21:57","slug":"limpeza-e-desassoreamento-do-canal-pery-avanca-ate-a-pr-407-em-pontal-do-parana","status":"publish","type":"post","link":"https:\/\/www.paranapraia.com.br\/index.php\/2025\/06\/04\/limpeza-e-desassoreamento-do-canal-pery-avanca-ate-a-pr-407-em-pontal-do-parana\/","title":{"rendered":"Limpeza e desassoreamento do Canal Pery avan\u00e7a at\u00e9 a PR-407, em Pontal do Paran\u00e1"},"content":{"rendered":"\n<p>A limpeza e o desassoreamento do Canal Pery, tamb\u00e9m conhecido como Rio Pery, seguem em andamento e agora chegam at\u00e9 a PR-407, em Pontal do Paran\u00e1.<\/p>\n\n\n\n<p>A a\u00e7\u00e3o, que n\u00e3o era realizada desde 2002, est\u00e1 sendo executada pelo Instituto \u00c1gua e Terra (IAT), com apoio da Prefeitura de Pontal do Paran\u00e1. A interven\u00e7\u00e3o faz parte de um amplo pacote de obras de drenagem urbana com objetivo de combater reduzir alagamentos.<\/p>\n\n\n\n<p>O projeto foi dividido em tr\u00eas etapas. O primeiro lote abrange a regi\u00e3o do balne\u00e1rio Canoas, iniciando no final da Avenida Santos Dumont e se estendendo por cerca de 7 quil\u00f4metros ao longo do canal, at\u00e9 o ponto de interse\u00e7\u00e3o com o trecho vindo de Matinhos.<\/p>\n\n\n\n<p>O segundo lote cobre esse trecho de interliga\u00e7\u00e3o at\u00e9 o in\u00edcio do canal j\u00e1 dentro do territ\u00f3rio de Matinhos. Por fim, o terceiro lote ser\u00e1 executado no segmento que vai do ponto de encontro entre os dois primeiros trechos at\u00e9 o Rio Guaragua\u00e7u.<\/p>\n\n\n\n<p>As frentes de trabalho contam com equipamentos espec\u00edficos para atua\u00e7\u00e3o em \u00e1reas alagadas, incluindo uma m\u00e1quina anf\u00edbia e tr\u00eas escavadeiras com bra\u00e7o longo, que permitem maior alcance e efici\u00eancia na remo\u00e7\u00e3o do excesso de sedimentos.<\/p>\n\n\n\n<p>O projeto foi desenvolvido em conjunto com a Secretaria Municipal de Meio Ambiente, Agricultura e Pesca de Pontal do Paran\u00e1 e prev\u00ea um investimento total de R$ 3,8 milh\u00f5es.<\/p>\n\n\n\n<p>O munic\u00edpio segue atuando com foco em a\u00e7\u00f5es estruturais, que trazem resultados concretos para as comunidades.<\/p>\n\n\n\n<p>\ud83d\udcf7Fotos: Prefeitura Pontal do Paran\u00e1\/ Clovis Santos<\/p>\n","protected":false},"excerpt":{"rendered":"<p>A limpeza e o desassoreamento do Canal Pery, tamb\u00e9m conhecido como Rio Pery, seguem em andamento e agora chegam at\u00e9 a PR-407, em Pontal do Paran\u00e1. A a\u00e7\u00e3o, que n\u00e3o era realizada desde 2002, est\u00e1 sendo executada pelo Instituto \u00c1gua e Terra (IAT), com apoio da Prefeitura de Pontal do Paran\u00e1. A interven\u00e7\u00e3o faz parte [&hellip;]<\/p>\n","protected":false},"author":2,"featured_media":68152,"comment_status":"open","ping_status":"open","sticky":false,"template":"","format":"standard","meta":{"advanced_seo_description":"","jetpack_seo_html_title":"","jetpack_seo_noindex":false,"_jetpack_memberships_contains_paid_content":false,"footnotes":""},"categories":[40,65],"tags":[1269,318],"class_list":{"0":"post-68151","1":"post","2":"type-post","3":"status-publish","4":"format-standard","5":"has-post-thumbnail","7":"category-destaques","8":"category-pontal-do-parana","9":"tag-canal-pery","10":"tag-pontal-do-parana"},"jetpack_featured_media_url":"https:\/\/www.paranapraia.com.br\/wp-content\/uploads\/2025\/06\/FB_IMG_1749043205579-scaled.jpg","jetpack_sharing_enabled":true,"_links":{"self":[{"href":"https:\/\/www.paranapraia.com.br\/index.php\/wp-json\/wp\/v2\/posts\/68151"}],"collection":[{"href":"https:\/\/www.paranapraia.com.br\/index.php\/wp-json\/wp\/v2\/posts"}],"about":[{"href":"https:\/\/www.paranapraia.com.br\/index.php\/wp-json\/wp\/v2\/types\/post"}],"author":[{"embeddable":true,"href":"https:\/\/www.paranapraia.com.br\/index.php\/wp-json\/wp\/v2\/users\/2"}],"replies":[{"embeddable":true,"href":"https:\/\/www.paranapraia.com.br\/index.php\/wp-json\/wp\/v2\/comments?post=68151"}],"version-history":[{"count":1,"href":"https:\/\/www.paranapraia.com.br\/index.php\/wp-json\/wp\/v2\/posts\/68151\/revisions"}],"predecessor-version":[{"id":68153,"href":"https:\/\/www.paranapraia.com.br\/index.php\/wp-json\/wp\/v2\/posts\/68151\/revisions\/68153"}],"wp:featuredmedia":[{"embeddable":true,"href":"https:\/\/www.paranapraia.com.br\/index.php\/wp-json\/wp\/v2\/media\/68152"}],"wp:attachment":[{"href":"https:\/\/www.paranapraia.com.br\/index.php\/wp-json\/wp\/v2\/media?parent=68151"}],"wp:term":[{"taxonomy":"category","embeddable":true,"href":"https:\/\/www.paranapraia.com.br\/index.php\/wp-json\/wp\/v2\/categories?post=68151"},{"taxonomy":"post_tag","embeddable":true,"href":"https:\/\/www.paranapraia.com.br\/index.php\/wp-json\/wp\/v2\/tags?post=68151"}],"curies":[{"name":"wp","href":"https:\/\/api.w.org\/{rel}","templated":true}]}}