{"id":68145,"date":"2025-06-04T09:00:51","date_gmt":"2025-06-04T12:00:51","guid":{"rendered":"https:\/\/www.paranapraia.com.br\/?p=68145"},"modified":"2025-06-04T09:00:54","modified_gmt":"2025-06-04T12:00:54","slug":"campanha-de-vacinacao-nas-escolas-teve-168-mil-carteirinhas-avaliadas-e-86-mil-doses-aplicadas","status":"publish","type":"post","link":"https:\/\/www.paranapraia.com.br\/index.php\/2025\/06\/04\/campanha-de-vacinacao-nas-escolas-teve-168-mil-carteirinhas-avaliadas-e-86-mil-doses-aplicadas\/","title":{"rendered":"Campanha de vacina\u00e7\u00e3o nas escolas teve 168 mil carteirinhas avaliadas e 86 mil doses aplicadas"},"content":{"rendered":"\n<p>A Secretaria de Estado da Sa\u00fade (Sesa) divulgou nesta quarta-feira (4) o balan\u00e7o&nbsp;da intensifica\u00e7\u00e3o da Campanha de Vacina\u00e7\u00e3o nas Escolas, que ocorreu entre 14 de abril a 31 de maio. A iniciativa, coordenada pelas secretarias de Estado da Educa\u00e7\u00e3o (Seed) e da Sa\u00fade (Sesa), envolveu 2.240 institui\u00e7\u00f5es p\u00fablicas e privadas nos 399 munic\u00edpios.&nbsp;Nos 47 dias de campanha, 168.745 carteirinhas foram avaliadas e 86.457 doses aplicadas.<\/p>\n\n\n\n<p>Apesar de conclu\u00edda a for\u00e7a-tarefa, os alunos podem continuar se vacinando no ambiente escolar durante o ano, com os mesmos imunizantes dispon\u00edveis. Dentre eles est\u00e3o as doses contra Influenza, febre amarela, Covid-19 e HPV, al\u00e9m da atualiza\u00e7\u00e3o de imunizantes como pentavalente, DTP (tr\u00edplice bacteriana), poliomielite e pneumoc\u00f3cica 10.<\/p>\n\n\n\n<p>Participaram da a\u00e7\u00e3o 67 Associa\u00e7\u00f5es&nbsp;de Pais e Amigos dos Excepcionais (APAEs), 698 Centros Municipais de Educa\u00e7\u00e3o Infantil (CMEIs), 907 escolas municipais, 515 escolas estaduais, oito universidades e 45 escolas particulares.<\/p>\n\n\n\n<p>\u201cO principal objetivo da a\u00e7\u00e3o \u00e9 aumentar a cobertura vacinal e ampliar a prote\u00e7\u00e3o contra doen\u00e7as pass\u00edveis de preven\u00e7\u00e3o, como a gripe.&nbsp;Os alunos que n\u00e3o se vacinaram podem faz\u00ea-lo com agendamento junto \u00e0s escolas\u201d, disse o secret\u00e1rio de Estado da Sa\u00fade Beto Preto.<\/p>\n\n\n\n<p>\u201cMobilizamos as 22 Regionais de Sa\u00fade e todos os munic\u00edpios do Paran\u00e1 com essa a\u00e7\u00e3o extramuro e queremos manter de forma cont\u00ednua. Precisamos manter o engajamento na a\u00e7\u00e3o e incentivar pais e alunos\u201d, acrescentou.<\/p>\n\n\n\n<p>Entre as vacinas mais aplicadas durante a for\u00e7a-tarefa est\u00e3o a da Influenza, cuja cobertura est\u00e1 em 40,84% nos grupos priorit\u00e1rios, al\u00e9m das vacinas HPV (85,03% em meninas e 76,28% em meninos) e febre amarela (90,44%). Os dados s\u00e3o do Vacin\u00f4metro Nacional do Minist\u00e9rio da Sa\u00fade.<\/p>\n\n\n\n<p><strong>AUTORIZA\u00c7\u00c3O<\/strong>&nbsp;\u2013 O termo de consentimento e a apresenta\u00e7\u00e3o da caderneta de vacina\u00e7\u00e3o foram requisitos obrigat\u00f3rios para a aplica\u00e7\u00e3o das vacinas nas escolas. Os pais ou respons\u00e1veis que n\u00e3o autorizaram a imuniza\u00e7\u00e3o dever\u00e3o apresentar nos pr\u00f3ximos dias a declara\u00e7\u00e3o de atualiza\u00e7\u00e3o vacinal emitida por uma unidade de sa\u00fade.<\/p>\n\n\n\n<p>Levar a vacina\u00e7\u00e3o at\u00e9 as escolas \u00e9 uma estrat\u00e9gia que amplia o acesso e facilita a ades\u00e3o dos estudantes \u00e0s campanhas de imuniza\u00e7\u00e3o. Com a vacina dentro do pr\u00f3prio ambiente escolar, evita-se o deslocamento at\u00e9 as unidades de sa\u00fade.<\/p>\n\n\n\n<p>AEN\/PR<\/p>\n","protected":false},"excerpt":{"rendered":"<p>Campanha de vacina\u00e7\u00e3o nas escolas teve 168 mil carteirinhas avaliadas e 86 mil doses aplicadas<br \/>\nFoto: Ricardo Ribeiro\/AEN<\/p>\n","protected":false},"author":2,"featured_media":68146,"comment_status":"open","ping_status":"open","sticky":false,"template":"","format":"standard","meta":{"advanced_seo_description":"","jetpack_seo_html_title":"","jetpack_seo_noindex":false,"_jetpack_memberships_contains_paid_content":false,"footnotes":""},"categories":[50],"tags":[],"class_list":{"0":"post-68145","1":"post","2":"type-post","3":"status-publish","4":"format-standard","5":"has-post-thumbnail","7":"category-saude"},"jetpack_featured_media_url":"https:\/\/www.paranapraia.com.br\/wp-content\/uploads\/2025\/06\/foto_7-scaled.jpg","jetpack_sharing_enabled":true,"_links":{"self":[{"href":"https:\/\/www.paranapraia.com.br\/index.php\/wp-json\/wp\/v2\/posts\/68145"}],"collection":[{"href":"https:\/\/www.paranapraia.com.br\/index.php\/wp-json\/wp\/v2\/posts"}],"about":[{"href":"https:\/\/www.paranapraia.com.br\/index.php\/wp-json\/wp\/v2\/types\/post"}],"author":[{"embeddable":true,"href":"https:\/\/www.paranapraia.com.br\/index.php\/wp-json\/wp\/v2\/users\/2"}],"replies":[{"embeddable":true,"href":"https:\/\/www.paranapraia.com.br\/index.php\/wp-json\/wp\/v2\/comments?post=68145"}],"version-history":[{"count":1,"href":"https:\/\/www.paranapraia.com.br\/index.php\/wp-json\/wp\/v2\/posts\/68145\/revisions"}],"predecessor-version":[{"id":68147,"href":"https:\/\/www.paranapraia.com.br\/index.php\/wp-json\/wp\/v2\/posts\/68145\/revisions\/68147"}],"wp:featuredmedia":[{"embeddable":true,"href":"https:\/\/www.paranapraia.com.br\/index.php\/wp-json\/wp\/v2\/media\/68146"}],"wp:attachment":[{"href":"https:\/\/www.paranapraia.com.br\/index.php\/wp-json\/wp\/v2\/media?parent=68145"}],"wp:term":[{"taxonomy":"category","embeddable":true,"href":"https:\/\/www.paranapraia.com.br\/index.php\/wp-json\/wp\/v2\/categories?post=68145"},{"taxonomy":"post_tag","embeddable":true,"href":"https:\/\/www.paranapraia.com.br\/index.php\/wp-json\/wp\/v2\/tags?post=68145"}],"curies":[{"name":"wp","href":"https:\/\/api.w.org\/{rel}","templated":true}]}}