{"id":68142,"date":"2025-06-03T20:04:46","date_gmt":"2025-06-03T23:04:46","guid":{"rendered":"https:\/\/www.paranapraia.com.br\/?p=68142"},"modified":"2025-06-03T20:04:48","modified_gmt":"2025-06-03T23:04:48","slug":"paranagua-marca-presenca-no-seminario-parana-bici-e-reforca-compromisso-com-o-cicloturismo","status":"publish","type":"post","link":"https:\/\/www.paranapraia.com.br\/index.php\/2025\/06\/03\/paranagua-marca-presenca-no-seminario-parana-bici-e-reforca-compromisso-com-o-cicloturismo\/","title":{"rendered":"Paranagu\u00e1 marca presen\u00e7a no Semin\u00e1rio Paran\u00e1 Bici e refor\u00e7a compromisso com o cicloturismo"},"content":{"rendered":"\n<p>As Secretarias de Turismo (Setur) e de Seguran\u00e7a (Semseg) da Prefeitura de Paranagu\u00e1 participaram da edi\u00e7\u00e3o regional do Semin\u00e1rio Paranaense de Ciclomobilidade e Cicloturismo \u2013 Paran\u00e1 Bici nos dias 29 e 30 de maio, no Armaz\u00e9m Macedo, em Antonina. O evento reuniu gestores p\u00fablicos, ciclistas, profissionais do turismo, planejamento urbano e representantes da sociedade civil para discutir solu\u00e7\u00f5es de mobilidade e promover o cicloturismo como vetor de desenvolvimento sustent\u00e1vel. Os secret\u00e1rios municipais participaram do evento, juntamente com o deputado estadual e idealizador do Paran\u00e1 Bici, Jorge Gomes de Oliveira Brand (Goura).<\/p>\n\n\n\n<p>A equipe da Setur refor\u00e7ou o apoio institucional do munic\u00edpio \u00e0 pauta da mobilidade ativa e do uso da bicicleta como instrumento de transforma\u00e7\u00e3o urbana e fortalecimento do turismo, assim como da Rota Cai\u00e7ara de Cicloturismo, proposta que visa interligar os sete munic\u00edpios do litoral paranaense por meio de rotas cicl\u00e1veis seguras, sinalizadas e integradas ao patrim\u00f4nio natural e cultural da regi\u00e3o. \u201cParanagu\u00e1 tem um imenso potencial para o cicloturismo. Nossa geografia, nossos atrativos culturais e as comunidades tradicionais formam uma base ideal para a constru\u00e7\u00e3o de rotas sustent\u00e1veis. Estar presente no Paran\u00e1 Bici refor\u00e7a o compromisso da gest\u00e3o do prefeito Adriano Ramos com um turismo mais inclusivo, respons\u00e1vel e conectado \u00e0s pr\u00e1ticas contempor\u00e2neas de mobilidade\u201d, destacou a secret\u00e1ria de Turismo de Paranagu\u00e1, Paula Torres.<\/p>\n\n\n\n<p>Para o secret\u00e1rio municipal de Seguran\u00e7a, Francisco N\u00f3brega dos Santos, \u00e9 fundamental uma infraestrutura adequada para os ciclistas. \u201cEstivemos no evento representando o prefeito Adriano Ramos e levamos a import\u00e2ncia de melhorias nas nossas ciclovias e da cria\u00e7\u00e3o de novas rotas. Paranagu\u00e1 est\u00e1 entre as cidades com maior n\u00famero de bicicletas no sul do Brasil e o cicloturismo s\u00f3 cresce na regi\u00e3o. Temos um territ\u00f3rio bel\u00edssimo, com col\u00f4nias e paisagens que precisa ser explorado com responsabilidade\u201d, ponderou N\u00f3brega.<\/p>\n\n\n\n<p>Prefeitura de Paranagu\u00e1<\/p>\n","protected":false},"excerpt":{"rendered":"<p>As Secretarias de Turismo (Setur) e de Seguran\u00e7a (Semseg) da Prefeitura de Paranagu\u00e1 participaram da edi\u00e7\u00e3o regional do Semin\u00e1rio Paranaense de Ciclomobilidade e Cicloturismo \u2013 Paran\u00e1 Bici nos dias 29 e 30 de maio, no Armaz\u00e9m Macedo, em Antonina. O evento reuniu gestores p\u00fablicos, ciclistas, profissionais do turismo, planejamento urbano e representantes da sociedade civil [&hellip;]<\/p>\n","protected":false},"author":2,"featured_media":68143,"comment_status":"open","ping_status":"open","sticky":false,"template":"","format":"standard","meta":{"advanced_seo_description":"","jetpack_seo_html_title":"","jetpack_seo_noindex":false,"_jetpack_memberships_contains_paid_content":false,"footnotes":""},"categories":[77],"tags":[],"class_list":{"0":"post-68142","1":"post","2":"type-post","3":"status-publish","4":"format-standard","5":"has-post-thumbnail","7":"category-paranagua"},"jetpack_featured_media_url":"https:\/\/www.paranapraia.com.br\/wp-content\/uploads\/2025\/06\/679b0d0a-9fc5-4e95-a081-7e94d0198aea-scaled.jpeg","jetpack_sharing_enabled":true,"_links":{"self":[{"href":"https:\/\/www.paranapraia.com.br\/index.php\/wp-json\/wp\/v2\/posts\/68142"}],"collection":[{"href":"https:\/\/www.paranapraia.com.br\/index.php\/wp-json\/wp\/v2\/posts"}],"about":[{"href":"https:\/\/www.paranapraia.com.br\/index.php\/wp-json\/wp\/v2\/types\/post"}],"author":[{"embeddable":true,"href":"https:\/\/www.paranapraia.com.br\/index.php\/wp-json\/wp\/v2\/users\/2"}],"replies":[{"embeddable":true,"href":"https:\/\/www.paranapraia.com.br\/index.php\/wp-json\/wp\/v2\/comments?post=68142"}],"version-history":[{"count":1,"href":"https:\/\/www.paranapraia.com.br\/index.php\/wp-json\/wp\/v2\/posts\/68142\/revisions"}],"predecessor-version":[{"id":68144,"href":"https:\/\/www.paranapraia.com.br\/index.php\/wp-json\/wp\/v2\/posts\/68142\/revisions\/68144"}],"wp:featuredmedia":[{"embeddable":true,"href":"https:\/\/www.paranapraia.com.br\/index.php\/wp-json\/wp\/v2\/media\/68143"}],"wp:attachment":[{"href":"https:\/\/www.paranapraia.com.br\/index.php\/wp-json\/wp\/v2\/media?parent=68142"}],"wp:term":[{"taxonomy":"category","embeddable":true,"href":"https:\/\/www.paranapraia.com.br\/index.php\/wp-json\/wp\/v2\/categories?post=68142"},{"taxonomy":"post_tag","embeddable":true,"href":"https:\/\/www.paranapraia.com.br\/index.php\/wp-json\/wp\/v2\/tags?post=68142"}],"curies":[{"name":"wp","href":"https:\/\/api.w.org\/{rel}","templated":true}]}}