{"id":68107,"date":"2025-06-03T14:11:36","date_gmt":"2025-06-03T17:11:36","guid":{"rendered":"https:\/\/www.paranapraia.com.br\/?p=68107"},"modified":"2025-06-03T14:11:39","modified_gmt":"2025-06-03T17:11:39","slug":"morretes-sedia-encontro-regional-da-planificasus-com-a-participacao-de-municipios-da-1a-regional-de-saude","status":"publish","type":"post","link":"https:\/\/www.paranapraia.com.br\/index.php\/2025\/06\/03\/morretes-sedia-encontro-regional-da-planificasus-com-a-participacao-de-municipios-da-1a-regional-de-saude\/","title":{"rendered":"Morretes sedia encontro regional da PlanificaSUS com a participa\u00e7\u00e3o de munic\u00edpios da 1\u00aa Regional de Sa\u00fade"},"content":{"rendered":"\n<p>Na \u00faltima sexta-feira (30), Morretes recebeu representantes de diversos munic\u00edpios da 1\u00aa Regional de Sa\u00fade para mais uma etapa da&nbsp;<strong>PlanificaSUS Paran\u00e1<\/strong>, uma importante estrat\u00e9gia de educa\u00e7\u00e3o permanente voltada \u00e0 qualifica\u00e7\u00e3o e integra\u00e7\u00e3o dos servi\u00e7os prestados na Rede de Aten\u00e7\u00e3o \u00e0 Sa\u00fade (RAS). O encontro foi promovido com o apoio da Secretaria Municipal de Sa\u00fade e demonstra o protagonismo do munic\u00edpio na busca por um atendimento mais eficiente, humano e resolutivo para a popula\u00e7\u00e3o.<\/p>\n\n\n\n<p>A PlanificaSUS busca consolidar a operacionaliza\u00e7\u00e3o plena da RAS, por meio da implanta\u00e7\u00e3o metodol\u00f3gica da&nbsp;<strong>Planifica\u00e7\u00e3o da Aten\u00e7\u00e3o \u00e0 Sa\u00fade (PAS)<\/strong>. O objetivo principal \u00e9 desenvolver compet\u00eancias, habilidades e atitudes nas equipes t\u00e9cnicas e gestoras, fortalecendo a organiza\u00e7\u00e3o e a integra\u00e7\u00e3o dos processos de trabalho entre os tr\u00eas n\u00edveis de aten\u00e7\u00e3o:&nbsp;<strong>Aten\u00e7\u00e3o Prim\u00e1ria \u00e0 Sa\u00fade (APS), Aten\u00e7\u00e3o Ambulatorial Especializada (AAE)<\/strong>&nbsp;e&nbsp;<strong>Aten\u00e7\u00e3o Hospitalar (AH)<\/strong>, sempre com foco nas reais necessidades de sa\u00fade dos usu\u00e1rios.<\/p>\n\n\n\n<p>Em Morretes, a estrat\u00e9gia teve in\u00edcio com as Unidades B\u00e1sicas de Sa\u00fade (UBS) do&nbsp;<strong>Porto de Cima<\/strong>&nbsp;e&nbsp;<strong>Vila das Palmeiras<\/strong>. Em 2024, o munic\u00edpio expandiu sua participa\u00e7\u00e3o com a inclus\u00e3o da&nbsp;<strong>UBS do Sambaqui<\/strong>, do&nbsp;<strong>N\u00facleo Integrado de Sa\u00fade<\/strong>&nbsp;e do&nbsp;<strong>Hospital Municipal Dr. Alc\u00eddio Bortolin<\/strong>, demonstrando o comprometimento com a qualifica\u00e7\u00e3o cont\u00ednua dos servi\u00e7os de sa\u00fade.<\/p>\n\n\n\n<p>Durante o encontro, foram realizadas oficinas, rodas de conversa e trocas de experi\u00eancias entre os profissionais da sa\u00fade dos munic\u00edpios participantes, fortalecendo a integra\u00e7\u00e3o regional e o compromisso com uma sa\u00fade p\u00fablica mais acess\u00edvel e resolutiva.<\/p>\n\n\n\n<p>A Prefeitura de Morretes, por meio da Secretaria Municipal de Sa\u00fade, agradece a presen\u00e7a dos representantes da 1\u00aa Regional de Sa\u00fade e reafirma seu empenho na constru\u00e7\u00e3o de uma rede de aten\u00e7\u00e3o cada vez mais forte e centrada no cuidado com as pessoas.<\/p>\n\n\n\n<p>Prefeitura de Morretes<\/p>\n","protected":false},"excerpt":{"rendered":"<p>Na \u00faltima sexta-feira (30), Morretes recebeu representantes de diversos munic\u00edpios da 1\u00aa Regional de Sa\u00fade para mais uma etapa da&nbsp;PlanificaSUS Paran\u00e1, uma importante estrat\u00e9gia de educa\u00e7\u00e3o permanente voltada \u00e0 qualifica\u00e7\u00e3o e integra\u00e7\u00e3o dos servi\u00e7os prestados na Rede de Aten\u00e7\u00e3o \u00e0 Sa\u00fade (RAS). O encontro foi promovido com o apoio da Secretaria Municipal de Sa\u00fade e [&hellip;]<\/p>\n","protected":false},"author":2,"featured_media":68108,"comment_status":"open","ping_status":"open","sticky":false,"template":"","format":"standard","meta":{"advanced_seo_description":"","jetpack_seo_html_title":"","jetpack_seo_noindex":false,"_jetpack_memberships_contains_paid_content":false,"footnotes":""},"categories":[125],"tags":[],"class_list":{"0":"post-68107","1":"post","2":"type-post","3":"status-publish","4":"format-standard","5":"has-post-thumbnail","7":"category-morretes"},"jetpack_featured_media_url":"https:\/\/www.paranapraia.com.br\/wp-content\/uploads\/2025\/06\/whatsapp-image-2025-06-02-at-145418-2-scaled.jpg","jetpack_sharing_enabled":true,"_links":{"self":[{"href":"https:\/\/www.paranapraia.com.br\/index.php\/wp-json\/wp\/v2\/posts\/68107"}],"collection":[{"href":"https:\/\/www.paranapraia.com.br\/index.php\/wp-json\/wp\/v2\/posts"}],"about":[{"href":"https:\/\/www.paranapraia.com.br\/index.php\/wp-json\/wp\/v2\/types\/post"}],"author":[{"embeddable":true,"href":"https:\/\/www.paranapraia.com.br\/index.php\/wp-json\/wp\/v2\/users\/2"}],"replies":[{"embeddable":true,"href":"https:\/\/www.paranapraia.com.br\/index.php\/wp-json\/wp\/v2\/comments?post=68107"}],"version-history":[{"count":1,"href":"https:\/\/www.paranapraia.com.br\/index.php\/wp-json\/wp\/v2\/posts\/68107\/revisions"}],"predecessor-version":[{"id":68109,"href":"https:\/\/www.paranapraia.com.br\/index.php\/wp-json\/wp\/v2\/posts\/68107\/revisions\/68109"}],"wp:featuredmedia":[{"embeddable":true,"href":"https:\/\/www.paranapraia.com.br\/index.php\/wp-json\/wp\/v2\/media\/68108"}],"wp:attachment":[{"href":"https:\/\/www.paranapraia.com.br\/index.php\/wp-json\/wp\/v2\/media?parent=68107"}],"wp:term":[{"taxonomy":"category","embeddable":true,"href":"https:\/\/www.paranapraia.com.br\/index.php\/wp-json\/wp\/v2\/categories?post=68107"},{"taxonomy":"post_tag","embeddable":true,"href":"https:\/\/www.paranapraia.com.br\/index.php\/wp-json\/wp\/v2\/tags?post=68107"}],"curies":[{"name":"wp","href":"https:\/\/api.w.org\/{rel}","templated":true}]}}