{"id":68104,"date":"2025-06-03T14:06:32","date_gmt":"2025-06-03T17:06:32","guid":{"rendered":"https:\/\/www.paranapraia.com.br\/?p=68104"},"modified":"2025-06-03T14:06:35","modified_gmt":"2025-06-03T17:06:35","slug":"yacht-day-4-movimenta-o-turismo-nautico-e-reune-mais-de-200-embarcacoes-em-antonina","status":"publish","type":"post","link":"https:\/\/www.paranapraia.com.br\/index.php\/2025\/06\/03\/yacht-day-4-movimenta-o-turismo-nautico-e-reune-mais-de-200-embarcacoes-em-antonina\/","title":{"rendered":"Yacht Day 4 movimenta o turismo n\u00e1utico e re\u00fane mais de 200 embarca\u00e7\u00f5es em Antonina"},"content":{"rendered":"\n<p>No \u00faltimo s\u00e1bado (31) o munic\u00edpio de Antonina recebeu, um dos maiores eventos n\u00e1uticos do Paran\u00e1. A Pra\u00e7a Romildo Gon\u00e7alves Pereira (Feira-Mar) e todo o Largo da Ba\u00eda foi palco de lazer, integra\u00e7\u00e3o, shows e atra\u00e7\u00f5es, reunindo embarca\u00e7\u00f5es de diversos portes, como, barcos, veleiros, jets e yacths, al\u00e9m da presen\u00e7a da popula\u00e7\u00e3o, turistas e autoridades.<\/p>\n\n\n\n<p>Evento que fortalece o turismo e a economia local<\/p>\n\n\n\n<p>Durante todo o dia, o p\u00fablico p\u00f4de aproveitar uma programa\u00e7\u00e3o diversificada, com shows musicais, gastronomia t\u00edpica, espa\u00e7o para comercializa\u00e7\u00e3o de produtos e servi\u00e7os, al\u00e9m do desfile de barcos, veleiros e jet skis que embelezaram a ba\u00eda de Antonina.<\/p>\n\n\n\n<p>A prefeita Rozane Osaki destacou a import\u00e2ncia do evento para projetar Antonina no cen\u00e1rio do turismo n\u00e1utico,<br>&#8220;Nossa cidade \u00e9 um dos lugares mais bonitos do litoral paranaense. O Yacht Day \u00e9 mais do que um encontro n\u00e1utico, \u00e9 a confirma\u00e7\u00e3o de que estamos preparados para receber turistas e investidores que acreditam no potencial da nossa cidade.\u201d<\/p>\n\n\n\n<p>O secret\u00e1rio de turismo do estado Leonaldo Paranhos ressaltou que eventos como este est\u00e3o alinhados com as diretrizes do Governo do Estado de incentivar o turismo n\u00e1utico e sustent\u00e1vel no litoral paranaense.&nbsp;<\/p>\n\n\n\n<p>O Capit\u00e3o Tinoco, da Marinha do Brasil, parabenizou a organiza\u00e7\u00e3o do evento e refor\u00e7ou a import\u00e2ncia da seguran\u00e7a n\u00e1utica, enquanto, Roberto Guandaline agradeceu o apoio da Prefeitura e dos parceiros, refor\u00e7ando que o Yacht Day j\u00e1 faz parte do calend\u00e1rio oficial da cidade.<\/p>\n\n\n\n<p>Programa\u00e7\u00e3o com muita m\u00fasica e cultura<\/p>\n\n\n\n<p>A programa\u00e7\u00e3o contou com apresenta\u00e7\u00f5es do grupo Virou Onda, Laercio Choro, Carlos e Cezinha, Banda Sonora Blues, Fanfarra \u00danica e da Filarm\u00f4nica Orquestra Show, al\u00e9m de sorteio de brindes e som ambiente durante o dia.<\/p>\n\n\n\n<p>Parcerias que fazem a diferen\u00e7a<\/p>\n\n\n\n<p>O Yacht Day \u00e9 uma realiza\u00e7\u00e3o da Biomar Marina, com apoio da Prefeitura de Antonina, por meio das Secretarias de Turismo, Cultura, Patrim\u00f4nio Hist\u00f3rico e Comunica\u00e7\u00e3o, al\u00e9m de parcerias com o Governo do Estado, Viaje Paran\u00e1, Grande Reserva Mata Atl\u00e2ntica e Clube N\u00e1utico de Antonina.<\/p>\n\n\n\n<p>Al\u00e9m da prefeita de Antonina, Rozane Osaki, estiveram presentes na solenidade de abertura, o vice-prefeito Diogo Machado, vereadores e secret\u00e1rios municipais da cidade, o secret\u00e1rio estadual do Turismo, Leonaldo Paranhos, e representando a secret\u00e1ria estadual de Infraestrutura e Log\u00edstica, Marcelo Roque. O evento contou ainda com a presen\u00e7a do Capit\u00e3o Tinoco, representando a Marinha do Brasil,&nbsp;Rafael Folmann Adetur, Ern\u00e2ni Paciornik empres\u00e1rio do seguimento n\u00e1utico, esteve presente no evento e navegou pela nossa ba\u00eda,&nbsp;e Roberto Guandaline, organizador do Yacht Day, al\u00e9m de representantes do setor n\u00e1utico, empres\u00e1rios e parceiros.<\/p>\n\n\n\n<p>Antonina mais uma vez demonstra sua for\u00e7a como destino tur\u00edstico, unindo cultura, natureza e desenvolvimento econ\u00f4mico em um evento que cresce a cada ano.<\/p>\n\n\n\n<p>Prefeitura de Antonina<\/p>\n","protected":false},"excerpt":{"rendered":"<p>No \u00faltimo s\u00e1bado (31) o munic\u00edpio de Antonina recebeu, um dos maiores eventos n\u00e1uticos do Paran\u00e1. A Pra\u00e7a Romildo Gon\u00e7alves Pereira (Feira-Mar) e todo o Largo da Ba\u00eda foi palco de lazer, integra\u00e7\u00e3o, shows e atra\u00e7\u00f5es, reunindo embarca\u00e7\u00f5es de diversos portes, como, barcos, veleiros, jets e yacths, al\u00e9m da presen\u00e7a da popula\u00e7\u00e3o, turistas e autoridades. [&hellip;]<\/p>\n","protected":false},"author":2,"featured_media":68105,"comment_status":"open","ping_status":"open","sticky":false,"template":"","format":"standard","meta":{"advanced_seo_description":"","jetpack_seo_html_title":"","jetpack_seo_noindex":false,"_jetpack_memberships_contains_paid_content":false,"footnotes":""},"categories":[132],"tags":[],"class_list":{"0":"post-68104","1":"post","2":"type-post","3":"status-publish","4":"format-standard","5":"has-post-thumbnail","7":"category-antonina"},"jetpack_featured_media_url":"https:\/\/www.paranapraia.com.br\/wp-content\/uploads\/2025\/06\/whatsapp-image-2025-06-02-at-091644-scaled.jpg","jetpack_sharing_enabled":true,"_links":{"self":[{"href":"https:\/\/www.paranapraia.com.br\/index.php\/wp-json\/wp\/v2\/posts\/68104"}],"collection":[{"href":"https:\/\/www.paranapraia.com.br\/index.php\/wp-json\/wp\/v2\/posts"}],"about":[{"href":"https:\/\/www.paranapraia.com.br\/index.php\/wp-json\/wp\/v2\/types\/post"}],"author":[{"embeddable":true,"href":"https:\/\/www.paranapraia.com.br\/index.php\/wp-json\/wp\/v2\/users\/2"}],"replies":[{"embeddable":true,"href":"https:\/\/www.paranapraia.com.br\/index.php\/wp-json\/wp\/v2\/comments?post=68104"}],"version-history":[{"count":1,"href":"https:\/\/www.paranapraia.com.br\/index.php\/wp-json\/wp\/v2\/posts\/68104\/revisions"}],"predecessor-version":[{"id":68106,"href":"https:\/\/www.paranapraia.com.br\/index.php\/wp-json\/wp\/v2\/posts\/68104\/revisions\/68106"}],"wp:featuredmedia":[{"embeddable":true,"href":"https:\/\/www.paranapraia.com.br\/index.php\/wp-json\/wp\/v2\/media\/68105"}],"wp:attachment":[{"href":"https:\/\/www.paranapraia.com.br\/index.php\/wp-json\/wp\/v2\/media?parent=68104"}],"wp:term":[{"taxonomy":"category","embeddable":true,"href":"https:\/\/www.paranapraia.com.br\/index.php\/wp-json\/wp\/v2\/categories?post=68104"},{"taxonomy":"post_tag","embeddable":true,"href":"https:\/\/www.paranapraia.com.br\/index.php\/wp-json\/wp\/v2\/tags?post=68104"}],"curies":[{"name":"wp","href":"https:\/\/api.w.org\/{rel}","templated":true}]}}