{"id":67978,"date":"2025-06-02T09:35:37","date_gmt":"2025-06-02T12:35:37","guid":{"rendered":"https:\/\/www.paranapraia.com.br\/?p=67978"},"modified":"2025-06-02T09:35:40","modified_gmt":"2025-06-02T12:35:40","slug":"uepg-abre-inscricoes-para-2o-vestibular-ead-de-tecnologia-em-producao-cultural","status":"publish","type":"post","link":"https:\/\/www.paranapraia.com.br\/index.php\/2025\/06\/02\/uepg-abre-inscricoes-para-2o-vestibular-ead-de-tecnologia-em-producao-cultural\/","title":{"rendered":"UEPG abre inscri\u00e7\u00f5es para 2\u00ba Vestibular EaD de Tecnologia em Produ\u00e7\u00e3o Cultural"},"content":{"rendered":"\n<p>A Universidade Estadual de Ponta Grossa (UEPG) abriu, neste domingo (1\u00ba), as inscri\u00e7\u00f5es para o 2\u00ba Vestibular EaD 2025, com previs\u00e3o de 100 vagas para o curso de Tecnologia em Produ\u00e7\u00e3o Cultural, divididas em cinco polos. As inscri\u00e7\u00f5es v\u00e3o at\u00e9 dia 16 de junho. A sele\u00e7\u00e3o ocorre com an\u00e1lise do hist\u00f3rico escolar do Ensino M\u00e9dio, sem aplica\u00e7\u00e3o de provas.<\/p>\n\n\n\n<p>As vagas est\u00e3o divididas nos polos de Curitiba:&nbsp;20; Goioer\u00ea:&nbsp;20; Jaguaria\u00edva:&nbsp;20; Pinh\u00e3o:&nbsp;20; e Tibagi:&nbsp;20. O curso de Tecnologia em Produ\u00e7\u00e3o Cultural \u00e9 ofertado pelo N\u00facleo de Tecnologia e Educa\u00e7\u00e3o Aberta e a Dist\u00e2ncia (Nutead) da UEPG, por meio do Sistema Universidade Aberta do Brasil (UAB). H\u00e1 cotas para agentes p\u00fablicos da Administra\u00e7\u00e3o P\u00fablica, pessoas com defici\u00eancia, pessoas negras e alunos de escolas p\u00fablicas.<\/p>\n\n\n\n<p>O curso funciona com at\u00e9 20% de aulas presenciais no polo e at\u00e9 80% via educa\u00e7\u00e3o a dist\u00e2ncia.<\/p>\n\n\n\n<p>Al\u00e9m do envio da documenta\u00e7\u00e3o exigida no edital, o candidato deve pagar uma taxa de R$ 50,00 at\u00e9 17 de junho. &nbsp;Os crit\u00e9rios e regras para solicitar isen\u00e7\u00e3o do pagamento tamb\u00e9m constam no edital. O Manual do Candidato, que apresenta as regras do processo seletivo e as instru\u00e7\u00f5es para realizar as inscri\u00e7\u00f5es, est\u00e1 no site&nbsp;<a href=\"https:\/\/www2.uepg.br\/cps\/ead\/\" target=\"_blank\" rel=\"noreferrer noopener\">https:\/\/www2.uepg.br\/cps\/ead\/<\/a>.O resultado provis\u00f3rio est\u00e1 previsto para 30 de junho.<\/p>\n\n\n\n<p>AEN\/PR<\/p>\n","protected":false},"excerpt":{"rendered":"<p>A Universidade Estadual de Ponta Grossa (UEPG) abriu, neste domingo (1\u00ba), as inscri\u00e7\u00f5es para o 2\u00ba Vestibular EaD 2025, com previs\u00e3o de 100 vagas para o curso de Tecnologia em Produ\u00e7\u00e3o Cultural, divididas em cinco polos. As inscri\u00e7\u00f5es v\u00e3o at\u00e9 dia 16 de junho. A sele\u00e7\u00e3o ocorre com an\u00e1lise do hist\u00f3rico escolar do Ensino M\u00e9dio, [&hellip;]<\/p>\n","protected":false},"author":2,"featured_media":67979,"comment_status":"open","ping_status":"open","sticky":false,"template":"","format":"standard","meta":{"advanced_seo_description":"","jetpack_seo_html_title":"","jetpack_seo_noindex":false,"_jetpack_memberships_contains_paid_content":false,"footnotes":""},"categories":[72],"tags":[],"class_list":{"0":"post-67978","1":"post","2":"type-post","3":"status-publish","4":"format-standard","5":"has-post-thumbnail","7":"category-educacao"},"jetpack_featured_media_url":"https:\/\/www.paranapraia.com.br\/wp-content\/uploads\/2025\/06\/fachada-centro-scaled.jpg","jetpack_sharing_enabled":true,"_links":{"self":[{"href":"https:\/\/www.paranapraia.com.br\/index.php\/wp-json\/wp\/v2\/posts\/67978"}],"collection":[{"href":"https:\/\/www.paranapraia.com.br\/index.php\/wp-json\/wp\/v2\/posts"}],"about":[{"href":"https:\/\/www.paranapraia.com.br\/index.php\/wp-json\/wp\/v2\/types\/post"}],"author":[{"embeddable":true,"href":"https:\/\/www.paranapraia.com.br\/index.php\/wp-json\/wp\/v2\/users\/2"}],"replies":[{"embeddable":true,"href":"https:\/\/www.paranapraia.com.br\/index.php\/wp-json\/wp\/v2\/comments?post=67978"}],"version-history":[{"count":1,"href":"https:\/\/www.paranapraia.com.br\/index.php\/wp-json\/wp\/v2\/posts\/67978\/revisions"}],"predecessor-version":[{"id":67980,"href":"https:\/\/www.paranapraia.com.br\/index.php\/wp-json\/wp\/v2\/posts\/67978\/revisions\/67980"}],"wp:featuredmedia":[{"embeddable":true,"href":"https:\/\/www.paranapraia.com.br\/index.php\/wp-json\/wp\/v2\/media\/67979"}],"wp:attachment":[{"href":"https:\/\/www.paranapraia.com.br\/index.php\/wp-json\/wp\/v2\/media?parent=67978"}],"wp:term":[{"taxonomy":"category","embeddable":true,"href":"https:\/\/www.paranapraia.com.br\/index.php\/wp-json\/wp\/v2\/categories?post=67978"},{"taxonomy":"post_tag","embeddable":true,"href":"https:\/\/www.paranapraia.com.br\/index.php\/wp-json\/wp\/v2\/tags?post=67978"}],"curies":[{"name":"wp","href":"https:\/\/api.w.org\/{rel}","templated":true}]}}