{"id":67974,"date":"2025-06-02T09:30:13","date_gmt":"2025-06-02T12:30:13","guid":{"rendered":"https:\/\/www.paranapraia.com.br\/?p=67974"},"modified":"2025-06-02T09:30:49","modified_gmt":"2025-06-02T12:30:49","slug":"baleia-jubarte-golfinhos-e-toninhas-sao-avistados-por-pesquisadores-da-ufpr-em-sobrevoo-no-litoral-do-parana","status":"publish","type":"post","link":"https:\/\/www.paranapraia.com.br\/index.php\/2025\/06\/02\/baleia-jubarte-golfinhos-e-toninhas-sao-avistados-por-pesquisadores-da-ufpr-em-sobrevoo-no-litoral-do-parana\/","title":{"rendered":"Baleia jubarte, golfinhos e toninhas s\u00e3o avistados por pesquisadores da UFPR em sobrevoo no litoral do Paran\u00e1"},"content":{"rendered":"\n<p>Uma baleia jubarte, golfinhos e toninhas foram avistados por pesquisadores da Universidade Federal do Paran\u00e1 (<a class=\"\" href=\"https:\/\/g1.globo.com\/educacao\/universidade\/ufpr\/\">UFPR<\/a>) durante um sobrevoo de helic\u00f3ptero no litoral do Paran\u00e1. Junto com o Instituto \u00c1gua e Terra (IAT), eles realizaram um trabalho de observa\u00e7\u00e3o do comportamento dos animais durante uma semana.<\/p>\n\n\n\n<p>Durante o per\u00edodo, um mesmo indiv\u00edduo de baleia jubarte foi avisado tr\u00eas vezes, pr\u00f3ximo a Ilha do Mel. Os golfinhos e toninhas foram vistos durante o sobrevoo realizado neste s\u00e1bado (31).<\/p>\n\n\n\n<p>O trabalho de observa\u00e7\u00e3o faz parte de um estudo que come\u00e7ou em janeiro de 2025 e monitora as esp\u00e9cies que passam pela costa paranaense. Antes disso, o monitoramento era realizado com o uso de embarca\u00e7\u00f5es e drones, mas neste ano o helic\u00f3ptero passou a auxiliar no trabalho. Desde ent\u00e3o, 12 voos foram realizados.<\/p>\n\n\n\n<p>De acordo com a Coordenadora do Laborat\u00f3rio de Ecologia e Conserva\u00e7\u00e3o da UFPR, Camila Domit, as baleias jubarte est\u00e3o em per\u00edodo de migra\u00e7\u00e3o rumo \u00e0 Bahia, onde fica o arquip\u00e9lago de Abrolhos, considerado o ber\u00e7o das jubarte.<\/p>\n\n\n\n<p>A pesquisadora explica que \u00e9 normal a presen\u00e7a de baleias no litoral do Brasil entre os meses de maio e outubro, principalmente nas regi\u00f5es sul e sudeste. Contudo, no Paran\u00e1 elas n\u00e3o apareciam todos os anos, mas recentemente os pesquisadores notara o aumento de baleias em rota migrat\u00f3ria pr\u00f3ximo \u00e0s zonas costeiras.<\/p>\n\n\n\n<p>A suspeita \u00e9 de que o motivo dessa mudan\u00e7a de rota esteja ligada a diminui\u00e7\u00e3o de krills &#8211; crust\u00e1ceos abundantes em \u00e1reas polares e principais alimentos de baleias &#8211; devido aos efeitos das mudan\u00e7as clim\u00e1ticas.<\/p>\n\n\n\n<blockquote class=\"wp-block-quote is-layout-flow wp-block-quote-is-layout-flow\">\n<p class=\"has-regular-font-size dropcapp\" style=\"margin-top:57px\">&#8220;A gente tem percebido ao longo dos \u00faltimos anos \u00e9 que as baleias jubarte est\u00e3o em uma rota migrat\u00f3ria mais pr\u00f3xima a zona costeira. Desde 2020 isso tem sido mais comum, e essa migra\u00e7\u00e3o \u00e9 principalmente por animais juvenis e um pouco menores. A gente tem discutido o que tem levado esses animais mudar a rota e um dos pontos que nos preocupa \u00e9 que eles n\u00e3o encontram mais a mesma quantidade de alimento, est\u00e3o mais magros e isso podei estar ligado aos efeitos dr\u00e1sticos das mudan\u00e7as clim\u00e1ticas na regi\u00e3o ant\u00e1rtica&#8221;, explicou Domit.<\/p>\n<\/blockquote>\n\n\n\n<h2 class=\"wp-block-heading\">Esp\u00e9cies s\u00e3o bioindicadores de qualidade ambiental do estado<\/h2>\n\n\n\n<p>O t\u00e9cnico em meio ambiente do IAT, Rafael Galv\u00e3o, explicou que essas esp\u00e9cies s\u00e3o bioindicadores da qualidade ambiental presente no estado.<\/p>\n\n\n\n<p>&#8220;Durante um certo per\u00edodo vai ter uma presen\u00e7a maior desses indiv\u00edduos. Eles est\u00e3o se deslocando do ambiente ant\u00e1rtico e v\u00e3o subir at\u00e9 a costa do brasil. \u00c9 importante esse monitoramento pois a sa\u00fade desses indiv\u00edduos s\u00e3o indicadores muito importante pra n\u00f3s&#8221;, explicou.<\/p>\n\n\n\n<p>Por Lucian Pichetti, g1 e RPC<\/p>\n","protected":false},"excerpt":{"rendered":"<p>Uma baleia jubarte, golfinhos e toninhas foram avistados por pesquisadores da Universidade Federal do Paran\u00e1 (UFPR) durante um sobrevoo de helic\u00f3ptero no litoral do Paran\u00e1. Junto com o Instituto \u00c1gua e Terra (IAT), eles realizaram um trabalho de observa\u00e7\u00e3o do comportamento dos animais durante uma semana. Durante o per\u00edodo, um mesmo indiv\u00edduo de baleia jubarte [&hellip;]<\/p>\n","protected":false},"author":2,"featured_media":67975,"comment_status":"open","ping_status":"open","sticky":false,"template":"","format":"standard","meta":{"advanced_seo_description":"","jetpack_seo_html_title":"","jetpack_seo_noindex":false,"_jetpack_memberships_contains_paid_content":false,"footnotes":""},"categories":[91],"tags":[],"class_list":{"0":"post-67974","1":"post","2":"type-post","3":"status-publish","4":"format-standard","5":"has-post-thumbnail","7":"category-litoral"},"jetpack_featured_media_url":"https:\/\/www.paranapraia.com.br\/wp-content\/uploads\/2025\/06\/WhatsApp-Image-2025-06-02-at-09.29.12-scaled.jpeg","jetpack_sharing_enabled":true,"_links":{"self":[{"href":"https:\/\/www.paranapraia.com.br\/index.php\/wp-json\/wp\/v2\/posts\/67974"}],"collection":[{"href":"https:\/\/www.paranapraia.com.br\/index.php\/wp-json\/wp\/v2\/posts"}],"about":[{"href":"https:\/\/www.paranapraia.com.br\/index.php\/wp-json\/wp\/v2\/types\/post"}],"author":[{"embeddable":true,"href":"https:\/\/www.paranapraia.com.br\/index.php\/wp-json\/wp\/v2\/users\/2"}],"replies":[{"embeddable":true,"href":"https:\/\/www.paranapraia.com.br\/index.php\/wp-json\/wp\/v2\/comments?post=67974"}],"version-history":[{"count":2,"href":"https:\/\/www.paranapraia.com.br\/index.php\/wp-json\/wp\/v2\/posts\/67974\/revisions"}],"predecessor-version":[{"id":67977,"href":"https:\/\/www.paranapraia.com.br\/index.php\/wp-json\/wp\/v2\/posts\/67974\/revisions\/67977"}],"wp:featuredmedia":[{"embeddable":true,"href":"https:\/\/www.paranapraia.com.br\/index.php\/wp-json\/wp\/v2\/media\/67975"}],"wp:attachment":[{"href":"https:\/\/www.paranapraia.com.br\/index.php\/wp-json\/wp\/v2\/media?parent=67974"}],"wp:term":[{"taxonomy":"category","embeddable":true,"href":"https:\/\/www.paranapraia.com.br\/index.php\/wp-json\/wp\/v2\/categories?post=67974"},{"taxonomy":"post_tag","embeddable":true,"href":"https:\/\/www.paranapraia.com.br\/index.php\/wp-json\/wp\/v2\/tags?post=67974"}],"curies":[{"name":"wp","href":"https:\/\/api.w.org\/{rel}","templated":true}]}}