{"id":67971,"date":"2025-06-02T09:13:25","date_gmt":"2025-06-02T12:13:25","guid":{"rendered":"https:\/\/www.paranapraia.com.br\/?p=67971"},"modified":"2025-06-02T09:13:28","modified_gmt":"2025-06-02T12:13:28","slug":"antonina-da-passo-importante-rumo-ao-fortalecimento-das-acoes-ambientais","status":"publish","type":"post","link":"https:\/\/www.paranapraia.com.br\/index.php\/2025\/06\/02\/antonina-da-passo-importante-rumo-ao-fortalecimento-das-acoes-ambientais\/","title":{"rendered":"Antonina d\u00e1 passo importante rumo ao fortalecimento das a\u00e7\u00f5es ambientais"},"content":{"rendered":"\n<p>Na tarde da \u00faltima&nbsp;sexta-feira (30), aconteceu a Reuni\u00e3o Extraordin\u00e1ria do Conselho Municipal de Meio Ambiente e Desenvolvimento Sustent\u00e1vel (CMADS), realizada no audit\u00f3rio da hist\u00f3rica Esta\u00e7\u00e3o Ferrovi\u00e1ria de Antonina.<\/p>\n\n\n\n<p>O encontro foi marcado por um avan\u00e7o significativo para a agenda ambiental do munic\u00edpio: a elei\u00e7\u00e3o do Gestor e do Tesoureiro respons\u00e1veis pela implanta\u00e7\u00e3o e condu\u00e7\u00e3o do Fundo Municipal de Meio Ambiente. Este instrumento ser\u00e1 essencial para financiar projetos que contribuam com a sustentabilidade, a prote\u00e7\u00e3o dos recursos naturais, a educa\u00e7\u00e3o ambiental e o fortalecimento das comunidades locais em a\u00e7\u00f5es de preserva\u00e7\u00e3o.<\/p>\n\n\n\n<p>O fundo representa mais do que uma ferramenta de financiamento, ele simboliza o compromisso de Antonina com um futuro onde o desenvolvimento caminha lado a lado com o respeito ao meio ambiente.<\/p>\n\n\n\n<p>Prefeitura de Antonina<\/p>\n","protected":false},"excerpt":{"rendered":"<p>Na tarde da \u00faltima&nbsp;sexta-feira (30), aconteceu a Reuni\u00e3o Extraordin\u00e1ria do Conselho Municipal de Meio Ambiente e Desenvolvimento Sustent\u00e1vel (CMADS), realizada no audit\u00f3rio da hist\u00f3rica Esta\u00e7\u00e3o Ferrovi\u00e1ria de Antonina. O encontro foi marcado por um avan\u00e7o significativo para a agenda ambiental do munic\u00edpio: a elei\u00e7\u00e3o do Gestor e do Tesoureiro respons\u00e1veis pela implanta\u00e7\u00e3o e condu\u00e7\u00e3o do [&hellip;]<\/p>\n","protected":false},"author":2,"featured_media":67972,"comment_status":"open","ping_status":"open","sticky":false,"template":"","format":"standard","meta":{"advanced_seo_description":"","jetpack_seo_html_title":"","jetpack_seo_noindex":false,"_jetpack_memberships_contains_paid_content":false,"footnotes":""},"categories":[132],"tags":[],"class_list":{"0":"post-67971","1":"post","2":"type-post","3":"status-publish","4":"format-standard","5":"has-post-thumbnail","7":"category-antonina"},"jetpack_featured_media_url":"https:\/\/www.paranapraia.com.br\/wp-content\/uploads\/2025\/06\/whatsapp-image-2025-06-02-at-090601-scaled.jpg","jetpack_sharing_enabled":true,"_links":{"self":[{"href":"https:\/\/www.paranapraia.com.br\/index.php\/wp-json\/wp\/v2\/posts\/67971"}],"collection":[{"href":"https:\/\/www.paranapraia.com.br\/index.php\/wp-json\/wp\/v2\/posts"}],"about":[{"href":"https:\/\/www.paranapraia.com.br\/index.php\/wp-json\/wp\/v2\/types\/post"}],"author":[{"embeddable":true,"href":"https:\/\/www.paranapraia.com.br\/index.php\/wp-json\/wp\/v2\/users\/2"}],"replies":[{"embeddable":true,"href":"https:\/\/www.paranapraia.com.br\/index.php\/wp-json\/wp\/v2\/comments?post=67971"}],"version-history":[{"count":1,"href":"https:\/\/www.paranapraia.com.br\/index.php\/wp-json\/wp\/v2\/posts\/67971\/revisions"}],"predecessor-version":[{"id":67973,"href":"https:\/\/www.paranapraia.com.br\/index.php\/wp-json\/wp\/v2\/posts\/67971\/revisions\/67973"}],"wp:featuredmedia":[{"embeddable":true,"href":"https:\/\/www.paranapraia.com.br\/index.php\/wp-json\/wp\/v2\/media\/67972"}],"wp:attachment":[{"href":"https:\/\/www.paranapraia.com.br\/index.php\/wp-json\/wp\/v2\/media?parent=67971"}],"wp:term":[{"taxonomy":"category","embeddable":true,"href":"https:\/\/www.paranapraia.com.br\/index.php\/wp-json\/wp\/v2\/categories?post=67971"},{"taxonomy":"post_tag","embeddable":true,"href":"https:\/\/www.paranapraia.com.br\/index.php\/wp-json\/wp\/v2\/tags?post=67971"}],"curies":[{"name":"wp","href":"https:\/\/api.w.org\/{rel}","templated":true}]}}