{"id":67955,"date":"2025-06-01T17:44:24","date_gmt":"2025-06-01T20:44:24","guid":{"rendered":"https:\/\/www.paranapraia.com.br\/?p=67955"},"modified":"2025-06-01T17:44:27","modified_gmt":"2025-06-01T20:44:27","slug":"maio-registrou-pouca-chuva-e-temperaturas-acima-da-media-no-parana","status":"publish","type":"post","link":"https:\/\/www.paranapraia.com.br\/index.php\/2025\/06\/01\/maio-registrou-pouca-chuva-e-temperaturas-acima-da-media-no-parana\/","title":{"rendered":"Maio registrou pouca chuva e temperaturas acima da m\u00e9dia no Paran\u00e1"},"content":{"rendered":"\n<p>Mesmo com o frio da \u00faltima semana, todo o Paran\u00e1 terminou o m\u00eas de maio dentro ou acima da m\u00e9dia de temperatura. Tr\u00eas cidades, inclusive, tiveram a temperatura m\u00e9dia mais alta de toda a s\u00e9rie hist\u00f3rica: Quedas do Igua\u00e7u, S\u00e3o Miguel do Igua\u00e7u e Toledo. A chuva no Estado ficou dentro ou abaixo da m\u00e9dia em praticamente todas as regi\u00f5es.<\/p>\n\n\n\n<p>As \u00fanicas cidades que registraram chuva acima da m\u00e9dia no m\u00eas passado foram Foz do Igua\u00e7u (choveu 198 mm e a m\u00e9dia para o m\u00eas \u00e9 de 122,8mm) e Pinh\u00e3o (choveu 151,4 mm e a m\u00e9dia para o m\u00eas \u00e9 de 139,2 mm).&nbsp;<\/p>\n\n\n\n<p>Em munic\u00edpios ao redor de Paranava\u00ed, Guarapuava, Palmas, Jaguaria\u00edva, Guaraque\u00e7aba e Lapa o volume de chuva ficou dentro da m\u00e9dia hist\u00f3rica. Todo o resto do Estado registrou chuva abaixo da m\u00e9dia. Choveu menos no extremo Oeste, regi\u00e3o de Cascavel e regi\u00e3o de Londrina.&nbsp;&nbsp;<\/p>\n\n\n\n<p>A chuva mais intensa prevista no Paran\u00e1 em maio ficou nos estados vizinhos. \u201cAs chuvas foram mais frequentes no Rio Grande do Sul, com o escoamento de umidade mais direcionado para o estado, e com a forma\u00e7\u00e3o de \u00e1reas de baixa press\u00e3o associadas a frentes frias de caracter\u00edsticas oce\u00e2nicas. Esse cen\u00e1rio favoreceu chuvas mais intensas l\u00e1, diferentemente do Paran\u00e1, que estava frequentemente sob atua\u00e7\u00e3o de massas de ar mais aquecido e seco\u201d, explica Leonardo Furlan, meteorologista do Simepar.<\/p>\n\n\n\n<p>Outras condi\u00e7\u00f5es tamb\u00e9m impactaram na quantidade baixa de chuva no Paran\u00e1 em maio. \u201cNo retorno da umidade, as frentes frias passavam rapidamente pelo Estado, trazendo chuvas mais significativas em alguns pontos na divisa com Santa Catarina\u201d, explicou ele.<\/p>\n\n\n\n<p>\u201cNeste per\u00edodo s\u00e3o esperadas chuvas mais consistentes por conta da passagem mais recorrente de frentes frias e pela forma\u00e7\u00e3o de sistemas meteorol\u00f3gicos que se formam no Paraguai e Norte da Argentina, avan\u00e7ando em dire\u00e7\u00e3o ao Paran\u00e1. Mas isso foi pouco observado neste m\u00eas de maio\u201d, detalha Furlan.<\/p>\n\n\n\n<p><strong>TEMPERATURA<\/strong>&nbsp;&#8211; Algumas cidades tiveram o maio mais quente da s\u00e9rie hist\u00f3rica. Em Quedas do Igua\u00e7u, onde a esta\u00e7\u00e3o meteorol\u00f3gica foi instalada em 2000, a temperatura m\u00e9dia de maio de 2025 ficou em 19,6\u00b0C. Em S\u00e3o Miguel do Igua\u00e7u, que tem esta\u00e7\u00e3o do Simepar desde 1997, a temperatura m\u00e9dia ficou em 20,9\u00b0C. Toledo, que teve as medi\u00e7\u00f5es de maio iniciadas em 1998, ficou com temperatura m\u00e9dia no m\u00eas passado de 20,6\u00b0C.<\/p>\n\n\n\n<p>\u201cO escoamento dos ventos do quadrante norte, atuante principalmente na faixa Oeste do Sul do pa\u00eds, e que transportou ar quente e \u00famido para o Rio Grande do Sul em alguns epis\u00f3dios de chuva persistente no Estado, favoreceu manh\u00e3s com temperaturas mais elevadas na faixa Oeste paranaense. As tardes, em geral, n\u00e3o tiveram temperaturas t\u00e3o elevadas, mas com m\u00ednimas mais altas, a m\u00e9dia do m\u00eas acabou ficando acima da m\u00e9dia hist\u00f3rica nesta regi\u00e3o de destaque\u201d, afirma Furlan.<\/p>\n\n\n\n<p>Todo o Noroeste, extremo Oeste, Sudoeste e boa parte da regi\u00e3o Central do Paran\u00e1 registraram temperaturas acima da m\u00e9dia hist\u00f3rica para maio. J\u00e1 na regi\u00e3o Leste, Norte Pioneiro e em uma faixa do Oeste (pr\u00f3ximo a Cascavel) at\u00e9 o Centro Sul do Estado, as temperaturas ficaram dentro da m\u00e9dia. Mesmo com o frio da \u00faltima semana de maio, nenhuma regi\u00e3o teve temperaturas abaixo da m\u00e9dia hist\u00f3rica em maio.&nbsp;<\/p>\n\n\n\n<p><strong>SIMEPAR<\/strong>&nbsp;&#8211; Com uma estrutura de 120 esta\u00e7\u00f5es meteorol\u00f3gicas telem\u00e9tricas autom\u00e1ticas, tr\u00eas radares meteorol\u00f3gicos e cinco sensores de descargas meteorol\u00f3gicas, o Simepar \u00e9 respons\u00e1vel por fornecer dados meteorol\u00f3gicos para \u00f3rg\u00e3os como a Coordenadoria da Defesa Civil e a Secretaria do Desenvolvimento Sustent\u00e1vel, de modo a facilitar a\u00e7\u00f5es de resposta a situa\u00e7\u00f5es extremas. S\u00e3o monitoradas desde situa\u00e7\u00f5es causadas por chuvas extremas, como enxurradas, deslizamentos e alagamentos, at\u00e9 inc\u00eandios e secas.<\/p>\n\n\n\n<p>Dados mais detalhados da previs\u00e3o do tempo para os 399 munic\u00edpios paranaenses est\u00e3o dispon\u00edveis no site&nbsp;<a href=\"https:\/\/www.simepar.br\/\" target=\"_blank\" rel=\"noreferrer noopener\">www.simepar.br<\/a>. A previs\u00e3o tem duas atualiza\u00e7\u00f5es di\u00e1rias. Para cada cidade \u00e9 poss\u00edvel saber o quanto deve chover, temperaturas m\u00ednimas e m\u00e1ximas previstas, umidade relativa do ar e vento, com detalhamento por hora para a data e o dia seguinte.<\/p>\n\n\n\n<p>Como o sistema atmosf\u00e9rico tem altera\u00e7\u00f5es constantes, a previs\u00e3o indicada no site pode sofrer altera\u00e7\u00f5es. Por este motivo, \u00e9 recomend\u00e1vel acompanhar a palavra do meteorologista, que est\u00e1 na p\u00e1gina inicial do site do Simepar, e os boletins emitidos diariamente pela equipe de meteorologistas e divulgados nas redes sociais e no canal de whatsapp do Simepar. Os meteorologistas contextualizam os dados e explicam as altera\u00e7\u00f5es atmosf\u00e9ricas em todas as regi\u00f5es do Paran\u00e1.<\/p>\n\n\n\n<p>AEN\/PR<\/p>\n","protected":false},"excerpt":{"rendered":"<p>Maio registrou pouca chuva e temperaturas acima da m\u00e9dia no Paran\u00e1<br \/>\nFoto: Roberto Dziura Jr\/AEN<\/p>\n","protected":false},"author":2,"featured_media":67956,"comment_status":"open","ping_status":"open","sticky":false,"template":"","format":"standard","meta":{"advanced_seo_description":"","jetpack_seo_html_title":"","jetpack_seo_noindex":false,"_jetpack_memberships_contains_paid_content":false,"footnotes":""},"categories":[84],"tags":[],"class_list":{"0":"post-67955","1":"post","2":"type-post","3":"status-publish","4":"format-standard","5":"has-post-thumbnail","7":"category-clima"},"jetpack_featured_media_url":"https:\/\/www.paranapraia.com.br\/wp-content\/uploads\/2025\/06\/Screenshot_20250601_174333_Chrome-scaled.jpg","jetpack_sharing_enabled":true,"_links":{"self":[{"href":"https:\/\/www.paranapraia.com.br\/index.php\/wp-json\/wp\/v2\/posts\/67955"}],"collection":[{"href":"https:\/\/www.paranapraia.com.br\/index.php\/wp-json\/wp\/v2\/posts"}],"about":[{"href":"https:\/\/www.paranapraia.com.br\/index.php\/wp-json\/wp\/v2\/types\/post"}],"author":[{"embeddable":true,"href":"https:\/\/www.paranapraia.com.br\/index.php\/wp-json\/wp\/v2\/users\/2"}],"replies":[{"embeddable":true,"href":"https:\/\/www.paranapraia.com.br\/index.php\/wp-json\/wp\/v2\/comments?post=67955"}],"version-history":[{"count":1,"href":"https:\/\/www.paranapraia.com.br\/index.php\/wp-json\/wp\/v2\/posts\/67955\/revisions"}],"predecessor-version":[{"id":67957,"href":"https:\/\/www.paranapraia.com.br\/index.php\/wp-json\/wp\/v2\/posts\/67955\/revisions\/67957"}],"wp:featuredmedia":[{"embeddable":true,"href":"https:\/\/www.paranapraia.com.br\/index.php\/wp-json\/wp\/v2\/media\/67956"}],"wp:attachment":[{"href":"https:\/\/www.paranapraia.com.br\/index.php\/wp-json\/wp\/v2\/media?parent=67955"}],"wp:term":[{"taxonomy":"category","embeddable":true,"href":"https:\/\/www.paranapraia.com.br\/index.php\/wp-json\/wp\/v2\/categories?post=67955"},{"taxonomy":"post_tag","embeddable":true,"href":"https:\/\/www.paranapraia.com.br\/index.php\/wp-json\/wp\/v2\/tags?post=67955"}],"curies":[{"name":"wp","href":"https:\/\/api.w.org\/{rel}","templated":true}]}}