{"id":67952,"date":"2025-05-31T15:34:22","date_gmt":"2025-05-31T18:34:22","guid":{"rendered":"https:\/\/www.paranapraia.com.br\/?p=67952"},"modified":"2025-05-31T15:34:25","modified_gmt":"2025-05-31T18:34:25","slug":"abertura-da-39a-festa-feira-agricola-e-artesanal-reune-mais-de-10-mil-pessoas-em-morretes","status":"publish","type":"post","link":"https:\/\/www.paranapraia.com.br\/index.php\/2025\/05\/31\/abertura-da-39a-festa-feira-agricola-e-artesanal-reune-mais-de-10-mil-pessoas-em-morretes\/","title":{"rendered":"Abertura da 39\u00aa Festa Feira Agr\u00edcola e Artesanal re\u00fane mais de 10 mil pessoas em Morretes"},"content":{"rendered":"\n<p>Morretes viveu uma noite memor\u00e1vel nesta sexta-feira (30) com a abertura oficial da 39\u00aa edi\u00e7\u00e3o da Festa Feira Agr\u00edcola e Artesanal, um dos eventos mais tradicionais do litoral paranaense. Mais de 10 mil pessoas passaram pelo Centro Hist\u00f3rico ao longo da noite, celebrando a cultura, a gastronomia e o talento local.<\/p>\n\n\n\n<p>A programa\u00e7\u00e3o art\u00edstica come\u00e7ou \u00e0s 18h no Coreto Cultural Jeff Petersen, com a apresenta\u00e7\u00e3o da banda Gralha Blues, que animou o p\u00fablico com um repert\u00f3rio vibrante, abrindo os caminhos para os dez dias de festa que est\u00e3o por vir.<\/p>\n\n\n\n<p>A cerim\u00f4nia oficial de abertura teve in\u00edcio \u00e0s 19h30, em uma solenidade que reuniu autoridades municipais, estaduais e regionais. Participaram do evento os deputados estaduais Alisson Wandscheer, Marli Paulino e Anibelli Neto; o representante da Secretaria de Turismo do Estado, Rodrigo Pioli; o secret\u00e1rio de Administra\u00e7\u00e3o e Previd\u00eancia, Luiz\u00e3o Goulart; o presidente da Adetur Litoral, Rafael Folmann; e Roberto Justus, representando o deputado Nelson Justus. O evento contou ainda com a presen\u00e7a dos vereadores de Morretes, do prefeito Junior Brindaroli e do vice-prefeito Bertolin.<\/p>\n\n\n\n<p>A programa\u00e7\u00e3o seguiu no Palco Principal com grandes shows: \u00e0s 20h, a dupla Vinicius &amp; Tayn\u00e1 subiu ao palco e, \u00e0s 22h, foi a vez de Milion\u00e1rio &amp; Mois\u00e9s Rico, atraindo uma multid\u00e3o e encerrando a primeira noite com muita m\u00fasica e emo\u00e7\u00e3o.<\/p>\n\n\n\n<p>Um evento que valoriza as ra\u00edzes morretenses<br>Realizada entre os dias 30 de maio e 8 de junho, a Festa Feira celebra o melhor da agricultura familiar, do artesanato local e das tradi\u00e7\u00f5es culturais da cidade. Com mais de 35 atra\u00e7\u00f5es gratuitas, a programa\u00e7\u00e3o contempla shows, dan\u00e7a, conta\u00e7\u00f5es de hist\u00f3rias, apresenta\u00e7\u00f5es folcl\u00f3ricas e manifesta\u00e7\u00f5es populares, distribu\u00eddas entre o Palco Principal e o Coreto Cultural Jeff Petersen.<\/p>\n\n\n\n<p>Criada nos anos 1980, a Festa Feira come\u00e7ou de forma modesta com apenas sete barracas e se transformou, ao longo das d\u00e9cadas, em uma das maiores celebra\u00e7\u00f5es culturais do litoral paranaense.<\/p>\n\n\n\n<p>\u201cEstamos trabalhando para que esta edi\u00e7\u00e3o da Festa Feira seja mais uma vez um grande momento de celebra\u00e7\u00e3o, economia solid\u00e1ria e encontro da nossa comunidade com os visitantes. A colabora\u00e7\u00e3o de cada feirante \u00e9 fundamental para que tudo aconte\u00e7a da melhor forma\u201d, refor\u00e7a a equipe organizadora.<\/p>\n\n\n\n<p>Programa\u00e7\u00e3o segue at\u00e9 8 de junho<br>A Festa Feira segue at\u00e9 o dia 8 de junho, com uma programa\u00e7\u00e3o pensada para toda a fam\u00edlia. Al\u00e9m dos shows e apresenta\u00e7\u00f5es culturais, o p\u00fablico poder\u00e1 saborear del\u00edcias da culin\u00e1ria t\u00edpica, adquirir produtos artesanais e conhecer de perto o trabalho dos produtores locais.<\/p>\n\n\n\n<p>A Prefeitura de Morretes convida moradores e turistas a participarem dessa grande festa que \u00e9 patrim\u00f4nio da cidade e s\u00edmbolo da identidade morretense.<\/p>\n\n\n\n<p>Prefeitura de Morretes<\/p>\n","protected":false},"excerpt":{"rendered":"<p>Morretes viveu uma noite memor\u00e1vel nesta sexta-feira (30) com a abertura oficial da 39\u00aa edi\u00e7\u00e3o da Festa Feira Agr\u00edcola e Artesanal, um dos eventos mais tradicionais do litoral paranaense. Mais de 10 mil pessoas passaram pelo Centro Hist\u00f3rico ao longo da noite, celebrando a cultura, a gastronomia e o talento local. A programa\u00e7\u00e3o art\u00edstica come\u00e7ou [&hellip;]<\/p>\n","protected":false},"author":2,"featured_media":67953,"comment_status":"open","ping_status":"open","sticky":false,"template":"","format":"standard","meta":{"advanced_seo_description":"","jetpack_seo_html_title":"","jetpack_seo_noindex":false,"_jetpack_memberships_contains_paid_content":false,"footnotes":""},"categories":[125],"tags":[],"class_list":{"0":"post-67952","1":"post","2":"type-post","3":"status-publish","4":"format-standard","5":"has-post-thumbnail","7":"category-morretes"},"jetpack_featured_media_url":"https:\/\/www.paranapraia.com.br\/wp-content\/uploads\/2025\/05\/20250530_205130-2-scaled.jpg","jetpack_sharing_enabled":true,"_links":{"self":[{"href":"https:\/\/www.paranapraia.com.br\/index.php\/wp-json\/wp\/v2\/posts\/67952"}],"collection":[{"href":"https:\/\/www.paranapraia.com.br\/index.php\/wp-json\/wp\/v2\/posts"}],"about":[{"href":"https:\/\/www.paranapraia.com.br\/index.php\/wp-json\/wp\/v2\/types\/post"}],"author":[{"embeddable":true,"href":"https:\/\/www.paranapraia.com.br\/index.php\/wp-json\/wp\/v2\/users\/2"}],"replies":[{"embeddable":true,"href":"https:\/\/www.paranapraia.com.br\/index.php\/wp-json\/wp\/v2\/comments?post=67952"}],"version-history":[{"count":1,"href":"https:\/\/www.paranapraia.com.br\/index.php\/wp-json\/wp\/v2\/posts\/67952\/revisions"}],"predecessor-version":[{"id":67954,"href":"https:\/\/www.paranapraia.com.br\/index.php\/wp-json\/wp\/v2\/posts\/67952\/revisions\/67954"}],"wp:featuredmedia":[{"embeddable":true,"href":"https:\/\/www.paranapraia.com.br\/index.php\/wp-json\/wp\/v2\/media\/67953"}],"wp:attachment":[{"href":"https:\/\/www.paranapraia.com.br\/index.php\/wp-json\/wp\/v2\/media?parent=67952"}],"wp:term":[{"taxonomy":"category","embeddable":true,"href":"https:\/\/www.paranapraia.com.br\/index.php\/wp-json\/wp\/v2\/categories?post=67952"},{"taxonomy":"post_tag","embeddable":true,"href":"https:\/\/www.paranapraia.com.br\/index.php\/wp-json\/wp\/v2\/tags?post=67952"}],"curies":[{"name":"wp","href":"https:\/\/api.w.org\/{rel}","templated":true}]}}