{"id":67947,"date":"2025-05-31T14:50:51","date_gmt":"2025-05-31T17:50:51","guid":{"rendered":"https:\/\/www.paranapraia.com.br\/?p=67947"},"modified":"2025-05-31T14:50:54","modified_gmt":"2025-05-31T17:50:54","slug":"novo-cardapio-nos-cmeis-de-pontal-do-parana-garante-refeicoes-mais-completas-para-as-criancas","status":"publish","type":"post","link":"https:\/\/www.paranapraia.com.br\/index.php\/2025\/05\/31\/novo-cardapio-nos-cmeis-de-pontal-do-parana-garante-refeicoes-mais-completas-para-as-criancas\/","title":{"rendered":"Novo card\u00e1pio nos CMEIs de Pontal do Paran\u00e1 garante refei\u00e7\u00f5es mais completas para as crian\u00e7as"},"content":{"rendered":"\n<p>Desde o dia 19 de maio de 2025, os Centros Municipais de Educa\u00e7\u00e3o Infantil (CMEIs) de Pontal do Paran\u00e1 passaram a oferecer jantar no lugar do lanche da tarde.<br>A nova estrat\u00e9gia busca melhorar a qualidade nutricional das refei\u00e7\u00f5es oferecidas \u00e0s crian\u00e7as, promovendo uma alimenta\u00e7\u00e3o mais saud\u00e1vel e adequada \u00e0s necessidades da inf\u00e2ncia.<\/p>\n\n\n\n<p>Anteriormente, os alunos recebiam frutas no per\u00edodo da tarde, seguidas por lanches como vitamina com biscoitos, tortas salgadas ou p\u00e3o com recheios diversos. Com a mudan\u00e7a, as frutas continuam no card\u00e1pio, mas agora s\u00e3o acompanhadas de refei\u00e7\u00f5es mais completas, como pur\u00ea de batatas com carne ao molho e legumes, canja de galinha, sopa de legumes com carne e p\u00e3o recheado com carne mo\u00edda.<\/p>\n\n\n\n<p>A iniciativa j\u00e1 est\u00e1 em funcionamento em todas as unidades e foi acompanhada de perto pelo prefeito de Pontal do Paran\u00e1, Rud\u00e3o Gimenes, pela vice-prefeita Patr\u00edcia Millo Marcomini, pela secret\u00e1ria de Educa\u00e7\u00e3o, C\u00edntia Mendes da Silva, e pelo deputado estadual Anibelli Neto, juntamente com a vereadora Elinete Guimar\u00e3es Rocha, atual presidente da C\u00e2mara Municipal de Pontal do Paran\u00e1.<\/p>\n\n\n\n<p>O grupo visitou o CMEI Peixinho Dourado para conhecer as altera\u00e7\u00f5es no card\u00e1pio e ouvir a equipe respons\u00e1vel pela alimenta\u00e7\u00e3o escolar. A visita evidenciou a aten\u00e7\u00e3o \u00e0s iniciativas que promovem a sa\u00fade e a alimenta\u00e7\u00e3o de qualidade na inf\u00e2ncia.<\/p>\n\n\n\n<p>Al\u00e9m da passagem pela unidade escolar, as autoridades tamb\u00e9m acompanharam o andamento das obras do projeto Meu Campinho, no balne\u00e1rio Shangri-l\u00e1. O novo espa\u00e7o de lazer, conhecido como &#8220;Campo do Zezinho&#8221;, est\u00e1 em fase avan\u00e7ada de implanta\u00e7\u00e3o e contar\u00e1 com campo de futebol com grama sint\u00e9tica, playground, paisagismo e \u00e1rea de passeio.<\/p>\n\n\n\n<p>Logo ap\u00f3s, as autoridades visitaram a obra do barrac\u00e3o da Provopar com a atual presidente Simone Rocha , que ser\u00e1 usado para o projeto \u201cCosturando Sonhos\u201d que tem como objetivo a confec\u00e7\u00e3o de uniformes escolares para os alunos da rede municipal de ensino.<\/p>\n\n\n\n<p>Com melhorias na alimenta\u00e7\u00e3o e investimentos nos espa\u00e7os p\u00fablicos, Pontal do Paran\u00e1 avan\u00e7a em dire\u00e7\u00e3o a uma educa\u00e7\u00e3o mais completa e din\u00e2mica!<\/p>\n\n\n\n<figure class=\"wp-block-image size-large\"><img loading=\"lazy\" decoding=\"async\" width=\"1024\" height=\"682\" src=\"https:\/\/www.paranapraia.com.br\/wp-content\/uploads\/2025\/05\/FB_IMG_1748713734065-1024x682.jpg\" alt=\"\" class=\"wp-image-67948\" srcset=\"https:\/\/www.paranapraia.com.br\/wp-content\/uploads\/2025\/05\/FB_IMG_1748713734065-1024x682.jpg 1024w, https:\/\/www.paranapraia.com.br\/wp-content\/uploads\/2025\/05\/FB_IMG_1748713734065-300x200.jpg 300w, https:\/\/www.paranapraia.com.br\/wp-content\/uploads\/2025\/05\/FB_IMG_1748713734065-768x512.jpg 768w, https:\/\/www.paranapraia.com.br\/wp-content\/uploads\/2025\/05\/FB_IMG_1748713734065-696x464.jpg 696w, https:\/\/www.paranapraia.com.br\/wp-content\/uploads\/2025\/05\/FB_IMG_1748713734065-1068x712.jpg 1068w, https:\/\/www.paranapraia.com.br\/wp-content\/uploads\/2025\/05\/FB_IMG_1748713734065-scaled.jpg 800w\" sizes=\"(max-width: 1024px) 100vw, 1024px\" \/><\/figure>\n\n\n\n<figure class=\"wp-block-image size-large\"><img loading=\"lazy\" decoding=\"async\" width=\"1024\" height=\"682\" src=\"https:\/\/www.paranapraia.com.br\/wp-content\/uploads\/2025\/05\/FB_IMG_1748713750418-1024x682.jpg\" alt=\"\" class=\"wp-image-67949\" srcset=\"https:\/\/www.paranapraia.com.br\/wp-content\/uploads\/2025\/05\/FB_IMG_1748713750418-1024x682.jpg 1024w, https:\/\/www.paranapraia.com.br\/wp-content\/uploads\/2025\/05\/FB_IMG_1748713750418-300x200.jpg 300w, https:\/\/www.paranapraia.com.br\/wp-content\/uploads\/2025\/05\/FB_IMG_1748713750418-768x512.jpg 768w, https:\/\/www.paranapraia.com.br\/wp-content\/uploads\/2025\/05\/FB_IMG_1748713750418-696x464.jpg 696w, https:\/\/www.paranapraia.com.br\/wp-content\/uploads\/2025\/05\/FB_IMG_1748713750418-1068x712.jpg 1068w, https:\/\/www.paranapraia.com.br\/wp-content\/uploads\/2025\/05\/FB_IMG_1748713750418-scaled.jpg 800w\" sizes=\"(max-width: 1024px) 100vw, 1024px\" \/><\/figure>\n\n\n\n<p>Fotos: Prefeitura de Pontal do Paran\u00e1\/Clovis Santos<\/p>\n","protected":false},"excerpt":{"rendered":"<p>Desde o dia 19 de maio de 2025, os Centros Municipais de Educa\u00e7\u00e3o Infantil (CMEIs) de Pontal do Paran\u00e1 passaram a oferecer jantar no lugar do lanche da tarde.A nova estrat\u00e9gia busca melhorar a qualidade nutricional das refei\u00e7\u00f5es oferecidas \u00e0s crian\u00e7as, promovendo uma alimenta\u00e7\u00e3o mais saud\u00e1vel e adequada \u00e0s necessidades da inf\u00e2ncia. Anteriormente, os alunos [&hellip;]<\/p>\n","protected":false},"author":2,"featured_media":67950,"comment_status":"open","ping_status":"open","sticky":false,"template":"","format":"standard","meta":{"advanced_seo_description":"","jetpack_seo_html_title":"","jetpack_seo_noindex":false,"_jetpack_memberships_contains_paid_content":false,"footnotes":""},"categories":[65],"tags":[],"class_list":{"0":"post-67947","1":"post","2":"type-post","3":"status-publish","4":"format-standard","5":"has-post-thumbnail","7":"category-pontal-do-parana"},"jetpack_featured_media_url":"https:\/\/www.paranapraia.com.br\/wp-content\/uploads\/2025\/05\/FB_IMG_1748713628458-scaled.jpg","jetpack_sharing_enabled":true,"_links":{"self":[{"href":"https:\/\/www.paranapraia.com.br\/index.php\/wp-json\/wp\/v2\/posts\/67947"}],"collection":[{"href":"https:\/\/www.paranapraia.com.br\/index.php\/wp-json\/wp\/v2\/posts"}],"about":[{"href":"https:\/\/www.paranapraia.com.br\/index.php\/wp-json\/wp\/v2\/types\/post"}],"author":[{"embeddable":true,"href":"https:\/\/www.paranapraia.com.br\/index.php\/wp-json\/wp\/v2\/users\/2"}],"replies":[{"embeddable":true,"href":"https:\/\/www.paranapraia.com.br\/index.php\/wp-json\/wp\/v2\/comments?post=67947"}],"version-history":[{"count":1,"href":"https:\/\/www.paranapraia.com.br\/index.php\/wp-json\/wp\/v2\/posts\/67947\/revisions"}],"predecessor-version":[{"id":67951,"href":"https:\/\/www.paranapraia.com.br\/index.php\/wp-json\/wp\/v2\/posts\/67947\/revisions\/67951"}],"wp:featuredmedia":[{"embeddable":true,"href":"https:\/\/www.paranapraia.com.br\/index.php\/wp-json\/wp\/v2\/media\/67950"}],"wp:attachment":[{"href":"https:\/\/www.paranapraia.com.br\/index.php\/wp-json\/wp\/v2\/media?parent=67947"}],"wp:term":[{"taxonomy":"category","embeddable":true,"href":"https:\/\/www.paranapraia.com.br\/index.php\/wp-json\/wp\/v2\/categories?post=67947"},{"taxonomy":"post_tag","embeddable":true,"href":"https:\/\/www.paranapraia.com.br\/index.php\/wp-json\/wp\/v2\/tags?post=67947"}],"curies":[{"name":"wp","href":"https:\/\/api.w.org\/{rel}","templated":true}]}}