{"id":67944,"date":"2025-05-31T14:44:58","date_gmt":"2025-05-31T17:44:58","guid":{"rendered":"https:\/\/www.paranapraia.com.br\/?p=67944"},"modified":"2025-05-31T14:45:01","modified_gmt":"2025-05-31T17:45:01","slug":"seguranca-publica-guarda-municipal-de-guaratuba-recebe-armamento","status":"publish","type":"post","link":"https:\/\/www.paranapraia.com.br\/index.php\/2025\/05\/31\/seguranca-publica-guarda-municipal-de-guaratuba-recebe-armamento\/","title":{"rendered":"Seguran\u00e7a P\u00fablica: Guarda Municipal de Guaratuba recebe armamento"},"content":{"rendered":"\n<p>A Guarda Municipal de Guaratuba recebeu, na sexta-feira (30), importante refor\u00e7o para sua atua\u00e7\u00e3o em cerim\u00f4nia realizada no Casar\u00e3o Marc\u00edlio Dias, com a presen\u00e7a de autoridades. A solenidade marcou a entrega de 30 pistolas Taurus calibre 380, sendo 14 unidades do modelo 838 e 16 do modelo S59, al\u00e9m de duas carabinas calibre 12, marca CBC, modelo Pump, doadas pela Guarda Municipal de Campo Largo, atrav\u00e9s de uma parceria com o Cons\u00f3rcio Intermunicipal das Guardas Municipais da Regi\u00e3o Metropolitana de Curitiba &#8211; COIN.<br>O evento contou com a participa\u00e7\u00e3o de 11 representantes de Guardas Municipais que comp\u00f5em o COIN.<br>O prefeito de Guaratuba, Mauricio Lense, destacou na entrega a import\u00e2ncia da moderniza\u00e7\u00e3o da Guarda Municipal para o fortalecimento da seguran\u00e7a p\u00fablica no munic\u00edpio. \u201cEsses equipamentos s\u00e3o mais um passo na estrutura\u00e7\u00e3o da nossa Guarda, que foi criada para proteger vidas, patrim\u00f4nios e aproximar o poder p\u00fablico da popula\u00e7\u00e3o\u201d, afirmou o prefeito.<br>O sargento Claudionor Moraes \u00e9 o respons\u00e1vel pela Guarda Municipal de Guaratuba que est\u00e1 dentro da estrutura da Secretaria Municipal da Seguran\u00e7a P\u00fablica e Tr\u00e2nsito.<br>O secret\u00e1rio Cel. Adilson Corr\u00eaa ressaltou que: \u201cA Guarda Municipal de Guaratuba conseguiu dar mais um passo para o seu fortalecimento, gra\u00e7as ao apoio e parceria com a GM Campo Largo, na doa\u00e7\u00e3o dos armamentos . Foi um longo processo de transi\u00e7\u00e3o de patrim\u00f4nio que come\u00e7ou a desenrolar em janeiro de 2025. Agora vamos realizar o nivelamento para uso do armamento e assim deixar os profissionais familiarizados com a ferramenta de trabalho\u201d.<\/p>\n\n\n\n<p>Criada pela Lei Municipal n\u00ba 1.950 de 25 de janeiro de 2023, em conformidade com a Lei Federal n\u00ba 13.022\/2014, a Guarda Municipal de Guaratuba conta com um efetivo de 27 agentes, que passaram por rigorosa sele\u00e7\u00e3o e forma\u00e7\u00e3o t\u00e9cnica. O curso de forma\u00e7\u00e3o teve dura\u00e7\u00e3o de cinco meses e foi promovido pela Academia de Forma\u00e7\u00e3o, Ensino e Capacita\u00e7\u00e3o Ricardo Tadeu Kush, da GCM de Paranagu\u00e1, por meio de um Acordo de Coopera\u00e7\u00e3o T\u00e9cnica entre os munic\u00edpios.<br>A GM de Guaratuba tem atuado de forma integrada com outras institui\u00e7\u00f5es de seguran\u00e7a p\u00fablica, exercendo papel fundamental na preserva\u00e7\u00e3o da ordem p\u00fablica, prote\u00e7\u00e3o do patrim\u00f4nio p\u00fablico, policiamento comunit\u00e1rio e seguran\u00e7a preventiva.<\/p>\n\n\n\n<p>A cerim\u00f4nia contou com a presen\u00e7a da vice-prefeita de Campo Largo, Crystiane Chemin; do secret\u00e1rio de Ordem P\u00fablica de Campo Largo, Jo\u00e3o Freita; do comandante da Guarda Municipal de Campo Largo, Marcos Leit\u00e3o; e do subcomandante, Vilmar Messias. A C\u00e2mara Municipal de Guaratuba foi representada por seu presidente, Ricardo Borba, e demais vereadores. A Pol\u00edcia Militar foi representada pelo sargento Jonathan, em nome do capit\u00e3o Andr\u00e9 Felipe Satel. A Pol\u00edcia Civil contou com a presen\u00e7a do superintendente S\u00e9rgio, representando o delegado Dr. Gabriel Rocha Rozendo Pinto.<br>Tamb\u00e9m marcaram presen\u00e7a o gestor da Cadeia P\u00fablica de Guaratuba, Alicardo Rochester Bianco Bianco, da Pol\u00edcia Penal; o tenente Andr\u00e9 Felipe Nakano, do Corpo de Bombeiros; a presidente do Conselho Comunit\u00e1rio de Seguran\u00e7a (CONSEG), Carla Cristina Kuntze. Secret\u00e1rios municipais de Guaratuba tamb\u00e9m participaram do evento, refor\u00e7ando o apoio institucional \u00e0 estrutura\u00e7\u00e3o da Guarda Municipal na cidade.<\/p>\n\n\n\n<p>Prefeitura de Guaratuba<\/p>\n","protected":false},"excerpt":{"rendered":"<p>A Guarda Municipal de Guaratuba recebeu, na sexta-feira (30), importante refor\u00e7o para sua atua\u00e7\u00e3o em cerim\u00f4nia realizada no Casar\u00e3o Marc\u00edlio Dias, com a presen\u00e7a de autoridades. A solenidade marcou a entrega de 30 pistolas Taurus calibre 380, sendo 14 unidades do modelo 838 e 16 do modelo S59, al\u00e9m de duas carabinas calibre 12, marca [&hellip;]<\/p>\n","protected":false},"author":2,"featured_media":67945,"comment_status":"open","ping_status":"open","sticky":false,"template":"","format":"standard","meta":{"advanced_seo_description":"","jetpack_seo_html_title":"","jetpack_seo_noindex":false,"_jetpack_memberships_contains_paid_content":false,"footnotes":""},"categories":[99],"tags":[],"class_list":{"0":"post-67944","1":"post","2":"type-post","3":"status-publish","4":"format-standard","5":"has-post-thumbnail","7":"category-guaratuba"},"jetpack_featured_media_url":"https:\/\/www.paranapraia.com.br\/wp-content\/uploads\/2025\/05\/FB_IMG_1748713412530-scaled.jpg","jetpack_sharing_enabled":true,"_links":{"self":[{"href":"https:\/\/www.paranapraia.com.br\/index.php\/wp-json\/wp\/v2\/posts\/67944"}],"collection":[{"href":"https:\/\/www.paranapraia.com.br\/index.php\/wp-json\/wp\/v2\/posts"}],"about":[{"href":"https:\/\/www.paranapraia.com.br\/index.php\/wp-json\/wp\/v2\/types\/post"}],"author":[{"embeddable":true,"href":"https:\/\/www.paranapraia.com.br\/index.php\/wp-json\/wp\/v2\/users\/2"}],"replies":[{"embeddable":true,"href":"https:\/\/www.paranapraia.com.br\/index.php\/wp-json\/wp\/v2\/comments?post=67944"}],"version-history":[{"count":1,"href":"https:\/\/www.paranapraia.com.br\/index.php\/wp-json\/wp\/v2\/posts\/67944\/revisions"}],"predecessor-version":[{"id":67946,"href":"https:\/\/www.paranapraia.com.br\/index.php\/wp-json\/wp\/v2\/posts\/67944\/revisions\/67946"}],"wp:featuredmedia":[{"embeddable":true,"href":"https:\/\/www.paranapraia.com.br\/index.php\/wp-json\/wp\/v2\/media\/67945"}],"wp:attachment":[{"href":"https:\/\/www.paranapraia.com.br\/index.php\/wp-json\/wp\/v2\/media?parent=67944"}],"wp:term":[{"taxonomy":"category","embeddable":true,"href":"https:\/\/www.paranapraia.com.br\/index.php\/wp-json\/wp\/v2\/categories?post=67944"},{"taxonomy":"post_tag","embeddable":true,"href":"https:\/\/www.paranapraia.com.br\/index.php\/wp-json\/wp\/v2\/tags?post=67944"}],"curies":[{"name":"wp","href":"https:\/\/api.w.org\/{rel}","templated":true}]}}