{"id":67922,"date":"2025-05-30T21:18:30","date_gmt":"2025-05-31T00:18:30","guid":{"rendered":"https:\/\/www.paranapraia.com.br\/?p=67922"},"modified":"2025-05-30T21:18:34","modified_gmt":"2025-05-31T00:18:34","slug":"estado-qualifica-mulheres-trabalhadoras-na-reciclagem-para-atuacao-empreendedora","status":"publish","type":"post","link":"https:\/\/www.paranapraia.com.br\/index.php\/2025\/05\/30\/estado-qualifica-mulheres-trabalhadoras-na-reciclagem-para-atuacao-empreendedora\/","title":{"rendered":"Estado qualifica mulheres trabalhadoras na reciclagem para atua\u00e7\u00e3o empreendedora"},"content":{"rendered":"\n<p>Dez mulheres que atuam na reciclagem de res\u00edduos s\u00f3lidos em Curitiba e nos munic\u00edpios de Campo Largo, Balsa Nova e Fazenda Rio Grande, na Regi\u00e3o Metropolitana, receberam nesta sexta-feira (30) os certificados de conclus\u00e3o do curso de capacita\u00e7\u00e3o para forma\u00e7\u00e3o empreendedora. Foi a 1\u00aa edi\u00e7\u00e3o do programa Empreendedoras da Reciclagem, promovido pelo Governo do Estado, por meio da Secretaria do Desenvolvimento Sustent\u00e1vel (Sedest). A cerim\u00f4nia foi no Casar\u00e3o do Parque Newton Puppi, em Campo Largo, com a presen\u00e7a do secret\u00e1rio estadual do Desenvolvimento Sustent\u00e1vel, Rafael Greca.<\/p>\n\n\n\n<p>Lan\u00e7ada em outubro do ano passado, a iniciativa tem o apoio do Gabinete da Primeira-Dama do Paran\u00e1, Luciana Saito Massa, da Prefeitura de Campo Largo e das empresas SIG Combibloc e So+Ma. O objetivo \u00e9 fortalecer a autoestima das trabalhadoras, qualificar o trabalho e reduzir a informalidade entre mulheres que atuam em cooperativas e associa\u00e7\u00f5es de reciclagem da Regi\u00e3o Metropolitana de Curitiba (RMC).&nbsp;<\/p>\n\n\n\n<p>O secret\u00e1rio Rafael Greca destacou o protagonismo das cidades na preserva\u00e7\u00e3o ambiental. \u201cS\u00e3o as cidades que reciclam, s\u00e3o as cidades que limpam, que plantam \u00e1rvores, que cuidam para n\u00e3o jogar lixo nos rios, para n\u00e3o envenenar o mar. S\u00e3o as cidades que fazem o mundo melhor\u201d, afirmou.<\/p>\n\n\n\n<p>A a\u00e7\u00e3o integra o projeto Recicla Paran\u00e1, que tem como um de seus principais focos a promo\u00e7\u00e3o da cadeia \u00e9tica da reciclagem. &#8220;Ficamos felizes em receber esse projeto aqui em Campo Largo. Temos trabalhado para identificar as dificuldades desses profissionais e oferecer apoio sempre que poss\u00edvel. Agora, com essa forma\u00e7\u00e3o empreendedora, elas t\u00eam a chance de buscar novos horizontes\u201d, destacou o prefeito de Campo Largo, Maur\u00edcio Rivabem.<\/p>\n\n\n\n<p><strong>FORMA\u00c7\u00c3O<\/strong>&nbsp;\u2013 A capacita\u00e7\u00e3o foi estruturada em nove mentorias, elaboradas pela startup So+Ma, abordando temas como planejamento financeiro, aumento da produtividade, seguran\u00e7a, sa\u00fade e autoestima no trabalho. A metodologia foi constru\u00edda a partir de um workshop de escuta ativa realizado na cidade, com a participa\u00e7\u00e3o de lideran\u00e7as femininas de associa\u00e7\u00f5es, cooperativas e empresas do setor de reciclagem.<\/p>\n\n\n\n<p>Segundo a fundadora da So+Ma, Claudia Pires, cerca de 75% da for\u00e7a de trabalho da reciclagem no Brasil \u00e9 composta por mulheres. \u201cO objetivo \u00e9 que elas se sintam, de fato, empreendedoras do pr\u00f3prio neg\u00f3cio, porque fazem muita diferen\u00e7a na sociedade\u201d, afirmou.<\/p>\n\n\n\n<p><strong>LEVANTAMENTO<\/strong>&nbsp;\u2013 De acordo com dados da Sedest, o Paran\u00e1 conta com cerca de 6 mil pessoas, a maioria mulheres, associadas a aproximadamente 443 cooperativas e associa\u00e7\u00f5es de catadores de materiais recicl\u00e1veis. O programa Empreendedoras da Reciclagem busca valorizar essas profissionais, promovendo oportunidades de crescimento, melhoria das condi\u00e7\u00f5es de trabalho e reconhecimento social.<\/p>\n\n\n\n<p>\u201cO curso me fez olhar para mim mesma, entender quem sou como mulher, empreendedora, ser humano. E tamb\u00e9m trouxe conhecimento sobre como nos desenvolver nesse setor, que \u00e9 t\u00e3o importante para a sociedade\u201d, afirmou Liliane dos Santos, conhecida como Lili da Reciclagem, uma das participantes do programa.<\/p>\n\n\n\n<p>Sandra Mara de Paula, de 42 anos, atua com res\u00edduos s\u00f3lidos desde 2012 e integra a Associa\u00e7\u00e3o Unidos da Reciclagem (Assur), de Campo Largo. \u00c9 dessa atividade que tira o sustento dela e dos dois filhos. \u201cFoi muito bom, trouxe bastante aprendizado sobre log\u00edstica reversa, formas de aumentar a renda. Espero ter mais oportunidades como essa\u201d, disse.<\/p>\n\n\n\n<p><strong>PRESEN\u00c7AS<\/strong>&nbsp;\u2013 Participaram tamb\u00e9m da entrega dos certificados o presidente da C\u00e2mara Municipal de Campo Largo, Alexandre Guimar\u00e3es; o secret\u00e1rio municipal de Meio Ambiente de Campo Largo, Thiago de Lima Teixeira; a diretora de Pesquisa e Qualifica\u00e7\u00e3o da Secretaria de Estado do Trabalho, Qualifica\u00e7\u00e3o e Renda, Liza Fortes; o diretor de Pol\u00edticas Ambientais da Sedest, Rafael Andreguetto; vereadores de Campo Largo e secret\u00e1rio municipais.<\/p>\n\n\n\n<p>AEN\/PR<\/p>\n","protected":false},"excerpt":{"rendered":"<p>Dez mulheres que atuam na reciclagem de res\u00edduos s\u00f3lidos em Curitiba e nos munic\u00edpios de Campo Largo, Balsa Nova e Fazenda Rio Grande, na Regi\u00e3o Metropolitana, receberam nesta sexta-feira (30) os certificados de conclus\u00e3o do curso de capacita\u00e7\u00e3o para forma\u00e7\u00e3o empreendedora. Foi a 1\u00aa edi\u00e7\u00e3o do programa Empreendedoras da Reciclagem, promovido pelo Governo do Estado, [&hellip;]<\/p>\n","protected":false},"author":2,"featured_media":67924,"comment_status":"open","ping_status":"open","sticky":false,"template":"","format":"standard","meta":{"advanced_seo_description":"","jetpack_seo_html_title":"","jetpack_seo_noindex":false,"_jetpack_memberships_contains_paid_content":false,"footnotes":""},"categories":[40],"tags":[],"class_list":{"0":"post-67922","1":"post","2":"type-post","3":"status-publish","4":"format-standard","5":"has-post-thumbnail","7":"category-destaques"},"jetpack_featured_media_url":"https:\/\/www.paranapraia.com.br\/wp-content\/uploads\/2025\/05\/evento_recicladoras013daniel_castellano-1-scaled.jpg","jetpack_sharing_enabled":true,"_links":{"self":[{"href":"https:\/\/www.paranapraia.com.br\/index.php\/wp-json\/wp\/v2\/posts\/67922"}],"collection":[{"href":"https:\/\/www.paranapraia.com.br\/index.php\/wp-json\/wp\/v2\/posts"}],"about":[{"href":"https:\/\/www.paranapraia.com.br\/index.php\/wp-json\/wp\/v2\/types\/post"}],"author":[{"embeddable":true,"href":"https:\/\/www.paranapraia.com.br\/index.php\/wp-json\/wp\/v2\/users\/2"}],"replies":[{"embeddable":true,"href":"https:\/\/www.paranapraia.com.br\/index.php\/wp-json\/wp\/v2\/comments?post=67922"}],"version-history":[{"count":1,"href":"https:\/\/www.paranapraia.com.br\/index.php\/wp-json\/wp\/v2\/posts\/67922\/revisions"}],"predecessor-version":[{"id":67925,"href":"https:\/\/www.paranapraia.com.br\/index.php\/wp-json\/wp\/v2\/posts\/67922\/revisions\/67925"}],"wp:featuredmedia":[{"embeddable":true,"href":"https:\/\/www.paranapraia.com.br\/index.php\/wp-json\/wp\/v2\/media\/67924"}],"wp:attachment":[{"href":"https:\/\/www.paranapraia.com.br\/index.php\/wp-json\/wp\/v2\/media?parent=67922"}],"wp:term":[{"taxonomy":"category","embeddable":true,"href":"https:\/\/www.paranapraia.com.br\/index.php\/wp-json\/wp\/v2\/categories?post=67922"},{"taxonomy":"post_tag","embeddable":true,"href":"https:\/\/www.paranapraia.com.br\/index.php\/wp-json\/wp\/v2\/tags?post=67922"}],"curies":[{"name":"wp","href":"https:\/\/api.w.org\/{rel}","templated":true}]}}