{"id":67893,"date":"2025-05-30T20:45:03","date_gmt":"2025-05-30T23:45:03","guid":{"rendered":"https:\/\/www.paranapraia.com.br\/?p=67893"},"modified":"2025-05-30T20:45:06","modified_gmt":"2025-05-30T23:45:06","slug":"jovens-revitalizam-escola-e-destacam-esporte-inclusivo-em-paranagua","status":"publish","type":"post","link":"https:\/\/www.paranapraia.com.br\/index.php\/2025\/05\/30\/jovens-revitalizam-escola-e-destacam-esporte-inclusivo-em-paranagua\/","title":{"rendered":"Jovens revitalizam escola e destacam esporte inclusivo em Paranagu\u00e1"},"content":{"rendered":"\n<p>A Secretaria Municipal de Esportes e Juventude de Paranagu\u00e1 (Sespor), por meio do projeto Juventude em A\u00e7\u00e3o, realizar\u00e1 neste s\u00e1bado (31) uma a\u00e7\u00e3o de pintura na Escola Municipal \u201cProf\u00aa. Eva Tereza Amarante Cavani\u201d \u2013 Ensino Fundamental, na modalidade Educa\u00e7\u00e3o Especial. O objetivo \u00e9 revitalizar a parte externa do pr\u00e9dio, come\u00e7ando com limpeza, aplica\u00e7\u00e3o de massa corrida e pintura.<\/p>\n\n\n\n<p>Neto Louren\u00e7o, diretor e idealizador do Grupo Juventude em A\u00e7\u00e3o, destacou o envolvimento dos jovens na atividade volunt\u00e1ria. \u201c\u00c9 muito bom ver a juventude colaborando na preserva\u00e7\u00e3o de espa\u00e7os educativos como recentemente a escola Escola Municipal em Tempo Integral Prof\u00aa. Edin\u00e9a Marize Marques Garcia que recebeu essa a\u00e7\u00e3o de limpeza e pintura\u201d, afirmou.<\/p>\n\n\n\n<p>A a\u00e7\u00e3o tamb\u00e9m contar\u00e1 com a participa\u00e7\u00e3o do professor de Educa\u00e7\u00e3o F\u00edsica, Rafael Nascimento Neves, o \u201cRafael Bolacha\u201d, respons\u00e1vel pelo projeto Goalball \u2014 esporte adaptado para pessoas com defici\u00eancia visual. \u201cO Goalball \u00e9 uma modalidade que mostra \u00e0 sociedade que pessoas com defici\u00eancia visual t\u00eam condi\u00e7\u00f5es de praticar esportes, e at\u00e9 mesmo sonhar com o alto rendimento, como atletas paral\u00edmpicos\u201d, explicou Rafael.<\/p>\n\n\n\n<p>Ele lembrou das dificuldades enfrentadas por pessoas com defici\u00eancia visual, inclusive no acesso ao esporte. \u201cGra\u00e7as \u00e0 parceria entre a Secretaria de Esportes e Juventude, a Secretaria Municipal de Inclus\u00e3o e o projeto Maestro da Bola, conseguimos oferecer essa oportunidade aos s\u00e1bados, das 9h \u00e0s 11h, na escola\u201d, completou.<\/p>\n\n\n\n<p><strong>Saiba mais sobre o Goalball<\/strong><\/p>\n\n\n\n<p>O Goalball \u00e9 um esporte coletivo adaptado exclusivamente para atletas com defici\u00eancia visual. \u00c9 jogado em uma quadra com gols em cada extremidade. Cada equipe conta com tr\u00eas jogadores, que utilizam vendas nos olhos para garantir igualdade de condi\u00e7\u00f5es.<\/p>\n\n\n\n<p>A bola, com guizos internos, emite sons que permitem aos atletas se orientarem. Os jogadores se guiam pela audi\u00e7\u00e3o e pelo tato para defender e atacar. Cada gol vale um ponto e a equipe que somar mais pontos ao final de dois tempos de 12 minutos vence a partida. Faltas podem inverter a posse de bola, aumentando o desafio.<\/p>\n\n\n\n<p>A iniciativa de Paranagu\u00e1 mostra que o esporte e a cidadania caminham juntos, transformando vidas por meio da inclus\u00e3o e do trabalho volunt\u00e1rio.<\/p>\n\n\n\n<figure class=\"wp-block-gallery has-nested-images columns-default is-cropped wp-block-gallery-1 is-layout-flex wp-block-gallery-is-layout-flex\">\n<figure class=\"wp-block-image size-large\"><img loading=\"lazy\" decoding=\"async\" width=\"800\" height=\"499\" data-id=\"67895\" src=\"https:\/\/www.paranapraia.com.br\/wp-content\/uploads\/2025\/05\/thumb-11-1-scaled.jpg\" alt=\"\" class=\"wp-image-67895\" srcset=\"https:\/\/www.paranapraia.com.br\/wp-content\/uploads\/2025\/05\/thumb-11-1-scaled.jpg 800w, https:\/\/www.paranapraia.com.br\/wp-content\/uploads\/2025\/05\/thumb-11-1-300x187.jpg 300w, https:\/\/www.paranapraia.com.br\/wp-content\/uploads\/2025\/05\/thumb-11-1-768x479.jpg 768w, https:\/\/www.paranapraia.com.br\/wp-content\/uploads\/2025\/05\/thumb-11-1-696x434.jpg 696w\" sizes=\"(max-width: 800px) 100vw, 800px\" \/><\/figure>\n\n\n\n<figure class=\"wp-block-image size-large\"><img loading=\"lazy\" decoding=\"async\" width=\"800\" height=\"499\" data-id=\"67896\" src=\"https:\/\/www.paranapraia.com.br\/wp-content\/uploads\/2025\/05\/thumb-12-1-scaled.jpg\" alt=\"\" class=\"wp-image-67896\" srcset=\"https:\/\/www.paranapraia.com.br\/wp-content\/uploads\/2025\/05\/thumb-12-1-scaled.jpg 800w, https:\/\/www.paranapraia.com.br\/wp-content\/uploads\/2025\/05\/thumb-12-1-300x187.jpg 300w, https:\/\/www.paranapraia.com.br\/wp-content\/uploads\/2025\/05\/thumb-12-1-768x479.jpg 768w, https:\/\/www.paranapraia.com.br\/wp-content\/uploads\/2025\/05\/thumb-12-1-696x434.jpg 696w\" sizes=\"(max-width: 800px) 100vw, 800px\" \/><\/figure>\n<\/figure>\n\n\n\n<p>Prefeitura de Paranagu\u00e1<\/p>\n","protected":false},"excerpt":{"rendered":"<p>A Secretaria Municipal de Esportes e Juventude de Paranagu\u00e1 (Sespor), por meio do projeto Juventude em A\u00e7\u00e3o, realizar\u00e1 neste s\u00e1bado (31) uma a\u00e7\u00e3o de pintura na Escola Municipal \u201cProf\u00aa. Eva Tereza Amarante Cavani\u201d \u2013 Ensino Fundamental, na modalidade Educa\u00e7\u00e3o Especial. O objetivo \u00e9 revitalizar a parte externa do pr\u00e9dio, come\u00e7ando com limpeza, aplica\u00e7\u00e3o de massa [&hellip;]<\/p>\n","protected":false},"author":2,"featured_media":67894,"comment_status":"open","ping_status":"open","sticky":false,"template":"","format":"standard","meta":{"advanced_seo_description":"","jetpack_seo_html_title":"","jetpack_seo_noindex":false,"_jetpack_memberships_contains_paid_content":false,"footnotes":""},"categories":[77],"tags":[],"class_list":{"0":"post-67893","1":"post","2":"type-post","3":"status-publish","4":"format-standard","5":"has-post-thumbnail","7":"category-paranagua"},"jetpack_featured_media_url":"https:\/\/www.paranapraia.com.br\/wp-content\/uploads\/2025\/05\/thumb-10-scaled.jpg","jetpack_sharing_enabled":true,"_links":{"self":[{"href":"https:\/\/www.paranapraia.com.br\/index.php\/wp-json\/wp\/v2\/posts\/67893"}],"collection":[{"href":"https:\/\/www.paranapraia.com.br\/index.php\/wp-json\/wp\/v2\/posts"}],"about":[{"href":"https:\/\/www.paranapraia.com.br\/index.php\/wp-json\/wp\/v2\/types\/post"}],"author":[{"embeddable":true,"href":"https:\/\/www.paranapraia.com.br\/index.php\/wp-json\/wp\/v2\/users\/2"}],"replies":[{"embeddable":true,"href":"https:\/\/www.paranapraia.com.br\/index.php\/wp-json\/wp\/v2\/comments?post=67893"}],"version-history":[{"count":1,"href":"https:\/\/www.paranapraia.com.br\/index.php\/wp-json\/wp\/v2\/posts\/67893\/revisions"}],"predecessor-version":[{"id":67897,"href":"https:\/\/www.paranapraia.com.br\/index.php\/wp-json\/wp\/v2\/posts\/67893\/revisions\/67897"}],"wp:featuredmedia":[{"embeddable":true,"href":"https:\/\/www.paranapraia.com.br\/index.php\/wp-json\/wp\/v2\/media\/67894"}],"wp:attachment":[{"href":"https:\/\/www.paranapraia.com.br\/index.php\/wp-json\/wp\/v2\/media?parent=67893"}],"wp:term":[{"taxonomy":"category","embeddable":true,"href":"https:\/\/www.paranapraia.com.br\/index.php\/wp-json\/wp\/v2\/categories?post=67893"},{"taxonomy":"post_tag","embeddable":true,"href":"https:\/\/www.paranapraia.com.br\/index.php\/wp-json\/wp\/v2\/tags?post=67893"}],"curies":[{"name":"wp","href":"https:\/\/api.w.org\/{rel}","templated":true}]}}