{"id":67890,"date":"2025-05-30T14:51:46","date_gmt":"2025-05-30T17:51:46","guid":{"rendered":"https:\/\/www.paranapraia.com.br\/?p=67890"},"modified":"2025-05-30T14:51:48","modified_gmt":"2025-05-30T17:51:48","slug":"prorrogada-adesao-ao-fundo-de-r-159-milhoes-para-politicas-de-criancas-e-adolescentes","status":"publish","type":"post","link":"https:\/\/www.paranapraia.com.br\/index.php\/2025\/05\/30\/prorrogada-adesao-ao-fundo-de-r-159-milhoes-para-politicas-de-criancas-e-adolescentes\/","title":{"rendered":"Prorrogada ades\u00e3o ao fundo de R$ 159 milh\u00f5es para pol\u00edticas de crian\u00e7as e adolescentes"},"content":{"rendered":"\n<p>O&nbsp;prazo para os munic\u00edpios do Paran\u00e1 formalizarem a ades\u00e3o ao incentivo financeiro de R$ 159 milh\u00f5es destinado ao fortalecimento da Pol\u00edtica de Garantia de Direitos de Crian\u00e7as e Adolescentes foi prorrogado e agora vai at\u00e9 3 de julho. Anteriormente, o prazo se encerraria em 3 de junho. A oportunidade permite que os 399 munic\u00edpios paranaenses possam acessar os recursos, que ser\u00e3o repassados na modalidade fundo a fundo e utilizados de forma aut\u00f4noma para implementar a\u00e7\u00f5es em benef\u00edcio&nbsp;de&nbsp;crian\u00e7as e adolescentes.<\/p>\n\n\n\n<p>Os recursos s\u00e3o provenientes do Fundo para a Inf\u00e2ncia e Adolesc\u00eancia (FIA), deliberados&nbsp;pelo Conselho Estadual dos Direitos da Crian\u00e7a e do Adolescente (CEDCA-PR) e administrados&nbsp;pela Secretaria de Estado do Desenvolvimento Social e Fam\u00edlia (Sedef). O repasse foi autorizado pelo governador Carlos Massa Ratinho Junior em abril.&nbsp;A&nbsp;prorroga\u00e7\u00e3o visa garantir que mais munic\u00edpios possam participar&nbsp;do&nbsp;investimento.<\/p>\n\n\n\n<p>Gestores municipais que ainda tiverem d\u00favidas sobre como fazer a ades\u00e3o, poder\u00e3o acessar o&nbsp;<a href=\"https:\/\/www.desenvolvimentosocial.pr.gov.br\/Pagina\/R-159-Milhoes-para-criancas-e-adolescentes-do-Parana\" target=\"_blank\" rel=\"noreferrer noopener\">site da Sedef&nbsp;<\/a>para seguir todas as orienta\u00e7\u00f5es. Na p\u00e1gina, \u00e9 poss\u00edvel encontrar a Delibera\u00e7\u00e3o n\u00ba 013\/2025-CEDCA\/PR, que traz as defini\u00e7\u00f5es sobre os repasses de recursos para fortalecer o Sistema Estadual da Pol\u00edtica da Crian\u00e7a e do Adolescente nos munic\u00edpios; duas lives realizadas por t\u00e9cnicos da Sedef sobre o assunto, al\u00e9m de um menu de perguntas e respostas com os principais questionamentos.<\/p>\n\n\n\n<p>O&nbsp;n\u00e3o atendimento ao prazo poder\u00e1 resultar na inabilita\u00e7\u00e3o do munic\u00edpio na etapa atual do processo, o que comprometer\u00e1 a viabilidade no recebimento do recurso.&nbsp;Segundo o secret\u00e1rio Rog\u00e9rio Carboni, a prorroga\u00e7\u00e3o do prazo at\u00e9 o dia 3 de julho \u00e9 uma oportunidade importante para que os munic\u00edpios do Paran\u00e1 possam se organizar e garantir o acesso aos&nbsp;recursos. \u201c\u00c9 fundamental que as cidades agilizem o processo de ades\u00e3o, pois esse investimento \u00e9 crucial para fortalecer as a\u00e7\u00f5es de prote\u00e7\u00e3o e garantia dos direitos de nossas crian\u00e7as e adolescentes no estado&#8221;, completou.<\/p>\n\n\n\n<p>Os termos de ades\u00e3o devem ser preenchidos pelos munic\u00edpios atrav\u00e9s do Sistema de Acompanhamento do Cofinanciamento Estadual Fundo a Fundo (SIFF). As orienta\u00e7\u00f5es sobre o incentivo est\u00e3o na Delibera\u00e7\u00e3o 013\/2025-CEDCA\/PR. O documento traz detalhes, como prazos, itens de despesas e valores destinados para cada munic\u00edpio.<\/p>\n\n\n\n<p>\u00c9 importante que as administra\u00e7\u00f5es municipais fa\u00e7am a regulariza\u00e7\u00e3o de saldos encerrados e da presta\u00e7\u00e3o de contas.&nbsp;Caso os gestores identifiquem pend\u00eancias ou saldos, \u00e9 necess\u00e1rio enviar um e-mail para duvidassiff@sedef.pr.gov.br, solicitando as orienta\u00e7\u00f5es necess\u00e1rias. Al\u00e9m disso, \u00e9 preciso manter os extratos banc\u00e1rios atualizados mensalmente no SIFF.<\/p>\n\n\n\n<p><strong>RECURSOS<\/strong>&nbsp;\u2013 Os valores poder\u00e3o ser utilizados em materiais de consumo, pedag\u00f3gico e esportivo, materiais de higiene e limpeza, artesanato e recrea\u00e7\u00e3o, al\u00e9m do desenvolvimento de materiais de \u00e1udio, v\u00eddeo e foto, despesas com impress\u00e3o de materiais gr\u00e1ficos, alimentos perec\u00edveis e n\u00e3o-perec\u00edveis, ve\u00edculo e m\u00f3veis.<\/p>\n\n\n\n<p>Cada munic\u00edpio receber\u00e1, no m\u00ednimo, R$ 250 mil. Do total dos recursos dispon\u00edveis, dois munic\u00edpios v\u00e3o receber R$ 250 mil; 246 cidades receber\u00e3o entre R$ 300 mil e R$ 400 mil; 137 devem receber entre R$ 400 mil e R$ 500 mil; 12 v\u00e3o receber entre R$ 600 mil e R$ 700 mil; um munic\u00edpio receber\u00e1 R$ 800 mil; e Curitiba, devido ao porte, receber\u00e1 R$ 1,5 milh\u00e3o.<\/p>\n\n\n\n<p>AEN\/PR<\/p>\n","protected":false},"excerpt":{"rendered":"<p>O&nbsp;prazo para os munic\u00edpios do Paran\u00e1 formalizarem a ades\u00e3o ao incentivo financeiro de R$ 159 milh\u00f5es destinado ao fortalecimento da Pol\u00edtica de Garantia de Direitos de Crian\u00e7as e Adolescentes foi prorrogado e agora vai at\u00e9 3 de julho. Anteriormente, o prazo se encerraria em 3 de junho. A oportunidade permite que os 399 munic\u00edpios paranaenses [&hellip;]<\/p>\n","protected":false},"author":2,"featured_media":67891,"comment_status":"open","ping_status":"open","sticky":false,"template":"","format":"standard","meta":{"advanced_seo_description":"","jetpack_seo_html_title":"","jetpack_seo_noindex":false,"_jetpack_memberships_contains_paid_content":false,"footnotes":""},"categories":[40],"tags":[],"class_list":{"0":"post-67890","1":"post","2":"type-post","3":"status-publish","4":"format-standard","5":"has-post-thumbnail","7":"category-destaques"},"jetpack_featured_media_url":"https:\/\/www.paranapraia.com.br\/wp-content\/uploads\/2025\/05\/foto_geraldo_bubniakaen_0-scaled.jpg","jetpack_sharing_enabled":true,"_links":{"self":[{"href":"https:\/\/www.paranapraia.com.br\/index.php\/wp-json\/wp\/v2\/posts\/67890"}],"collection":[{"href":"https:\/\/www.paranapraia.com.br\/index.php\/wp-json\/wp\/v2\/posts"}],"about":[{"href":"https:\/\/www.paranapraia.com.br\/index.php\/wp-json\/wp\/v2\/types\/post"}],"author":[{"embeddable":true,"href":"https:\/\/www.paranapraia.com.br\/index.php\/wp-json\/wp\/v2\/users\/2"}],"replies":[{"embeddable":true,"href":"https:\/\/www.paranapraia.com.br\/index.php\/wp-json\/wp\/v2\/comments?post=67890"}],"version-history":[{"count":1,"href":"https:\/\/www.paranapraia.com.br\/index.php\/wp-json\/wp\/v2\/posts\/67890\/revisions"}],"predecessor-version":[{"id":67892,"href":"https:\/\/www.paranapraia.com.br\/index.php\/wp-json\/wp\/v2\/posts\/67890\/revisions\/67892"}],"wp:featuredmedia":[{"embeddable":true,"href":"https:\/\/www.paranapraia.com.br\/index.php\/wp-json\/wp\/v2\/media\/67891"}],"wp:attachment":[{"href":"https:\/\/www.paranapraia.com.br\/index.php\/wp-json\/wp\/v2\/media?parent=67890"}],"wp:term":[{"taxonomy":"category","embeddable":true,"href":"https:\/\/www.paranapraia.com.br\/index.php\/wp-json\/wp\/v2\/categories?post=67890"},{"taxonomy":"post_tag","embeddable":true,"href":"https:\/\/www.paranapraia.com.br\/index.php\/wp-json\/wp\/v2\/tags?post=67890"}],"curies":[{"name":"wp","href":"https:\/\/api.w.org\/{rel}","templated":true}]}}