{"id":67887,"date":"2025-05-30T14:49:16","date_gmt":"2025-05-30T17:49:16","guid":{"rendered":"https:\/\/www.paranapraia.com.br\/?p=67887"},"modified":"2025-05-30T14:49:18","modified_gmt":"2025-05-30T17:49:18","slug":"estado-promove-curso-em-antonina-para-marcar-a-semana-da-mulher-do-campo","status":"publish","type":"post","link":"https:\/\/www.paranapraia.com.br\/index.php\/2025\/05\/30\/estado-promove-curso-em-antonina-para-marcar-a-semana-da-mulher-do-campo\/","title":{"rendered":"Estado promove curso em Antonina para marcar a Semana da Mulher do Campo"},"content":{"rendered":"\n<p>Iniciativa do Governo do Paran\u00e1, por meio da Secretaria da Mulher, Igualdade Racial e Pessoa Idosa (Semipi), em parceria com o Instituto de Desenvolvimento Rural do Paran\u00e1 (IDR-Paran\u00e1), o Projeto Sementes do Bem Viver promoveu uma programa\u00e7\u00e3o especial em&nbsp;Antonina, no Litoral do Estado, como parte da Semana da Mulher do Campo, institu\u00edda pela lei estadual 21.926\/2024 e celebrada de 26 a 31 de maio.<\/p>\n\n\n\n<p>O projeto proporciona \u00e0s mulheres, por meio de cursos,&nbsp;acesso a conhecimentos e forma\u00e7\u00e3o pessoal, visando o bem-estar, fortalecimento e maior participa\u00e7\u00e3o econ\u00f4mica e social. Nesta Semana da Mulher do Campo, tamb\u00e9m foram realizadas capacita\u00e7\u00f5es pelo projeto em S\u00e3o Mateus do Sul, Paranagu\u00e1 (Ilha dos Valadares), Guamiranga, S\u00e3o Jorge do Patroc\u00ednio, Umuarama, Ribeir\u00e3o do Pinhal e Bom Sucesso do Sul.<\/p>\n\n\n\n<p>Em Antonina, onde as a\u00e7\u00f5es aconteceram na ter\u00e7a-feira (27), foi ofertada uma trilha formativa para mulheres rurais, prioritariamente aquelas acompanhadas por pol\u00edticas e programas sociais do IDR-Paran\u00e1 e mulheres ind\u00edgenas e quilombolas.&nbsp;Um dos m\u00f3dulos do projeto, o de Sa\u00fade e Bem Viver, teve a parceria das secretarias de Assist\u00eancia Social, da Sa\u00fade e da Mulher de Antonina.<\/p>\n\n\n\n<p>\u201cRealizamos um dia especial dedicado \u00e0s mulheres agricultoras no Rio Pequeno, na comunidade Agroflorestal Filhos da Terra, em Antonina&#8221;, explicou a&nbsp;extensionista Giovana Chiarelotto. Foram&nbsp;desenvolvidas atividades de informa\u00e7\u00e3o e orienta\u00e7\u00e3o, com rodas de conversa sobre sa\u00fade f\u00edsica e emocional, a\u00e7\u00f5es integradas, orienta\u00e7\u00e3o social, al\u00e9m de corte de cabelo e varal solid\u00e1rio.&nbsp;<\/p>\n\n\n\n<p>Lan\u00e7ado pelo Governo do Estado em 2024, o Sementes do Bem Viver \u00e9 um projeto para forma\u00e7\u00e3o de mulheres rurais. Com investimento de R$ 1,2 milh\u00e3o, a iniciativa atender\u00e1 mais de 1 mil mulheres em 75 munic\u00edpios. Do montante investido, R$ 410 mil s\u00e3o oriundos do Fundo Estadual dos Direitos da Mulher (Fedim) e R$ 816 mil do IDR-Paran\u00e1.<\/p>\n\n\n\n<p>Ao todo, neste primeiro ano do projeto, 30 munic\u00edpios paranaenses j\u00e1 iniciaram os cursos, com a participa\u00e7\u00e3o de mais de 600 mulheres rurais. Nos pr\u00f3ximos meses, mais 45 munic\u00edpios v\u00e3o desenvolver os m\u00f3dulos do projeto.<\/p>\n\n\n\n<p>\u201cH\u00e1 quase um ano em atividade, o Projeto Sementes do Bem leva at\u00e9 os munic\u00edpios participantes a\u00e7\u00f5es de impacto que ajudam a transformar significativamente a realidade das mulheres rurais. \u00c9 um trabalho conjunto que est\u00e1 trazendo \u00f3timos resultados no dia a dia das participantes\u201d, destaca a secret\u00e1ria estadual da Mulher, Igualdade Racial e Pessoa Idosa, Leandre Dal Ponte.<\/p>\n\n\n\n<p>\u201cVer o Sementes do Bem Viver transformar a vida de tantas mulheres do campo enche o cora\u00e7\u00e3o de esperan\u00e7a e orgulho. Essas mulheres s\u00e3o a for\u00e7a silenciosa que sustenta nossas comunidades, e agora est\u00e3o tendo a oportunidade de se reconhecerem como protagonistas de suas pr\u00f3prias hist\u00f3rias. \u00c9 emocionante saber que, com acolhimento, forma\u00e7\u00e3o e respeito, estamos contribuindo para que elas se sintam mais fortes, valorizadas e cheias de possibilidades\u201d, complementa a primeira-dama do Estado, Luciana Saito Massa.<\/p>\n\n\n\n<p>A coordenadora estadual de Promo\u00e7\u00e3o Social do IDR-Paran\u00e1, Daniele Martin Sandri, ressalta que o Sementes do Bem Viver superou as expectativas. &#8220;O projeto est\u00e1 sendo uma oportunidade de ampliar e fortalecer o trabalho j\u00e1 executado pelo IDR junto \u00e0s mulheres rurais. A participa\u00e7\u00e3o e o entusiasmo t\u00eam sido al\u00e9m das expectativas, o que nos motiva a estender para outros munic\u00edpios e prorrogar o projeto para o pr\u00f3ximo ano&#8221;, diz.<\/p>\n\n\n\n<p><strong>TEMAS&nbsp;<\/strong>\u2013&nbsp;Entre os temas trabalhados na capacita\u00e7\u00e3o do Sementes do Bem Viver destacam-se informa\u00e7\u00f5es referentes ao Direito Sucess\u00f3rio e Sucess\u00e3o Familiar; Previd\u00eancia Rural; Viver com Qualidade; Seguran\u00e7a e Prote\u00e7\u00e3o; e Organiza\u00e7\u00e3o e Prosperidade. Ao todo, s\u00e3o cinco m\u00f3dulos, com quatro horas de dura\u00e7\u00e3o cada, totalizando 20 horas.<\/p>\n\n\n\n<p>As forma\u00e7\u00f5es s\u00e3o adapt\u00e1veis \u00e0 realidade local, com metodologia participativa, em formato de oficina, integrando as viv\u00eancias e trajet\u00f3rias das mulheres rurais aos conte\u00fados.<\/p>\n\n\n\n<p>AEN\/PR<\/p>\n","protected":false},"excerpt":{"rendered":"<p>Iniciativa do Governo do Paran\u00e1, por meio da Secretaria da Mulher, Igualdade Racial e Pessoa Idosa (Semipi), em parceria com o Instituto de Desenvolvimento Rural do Paran\u00e1 (IDR-Paran\u00e1), o Projeto Sementes do Bem Viver promoveu uma programa\u00e7\u00e3o especial em&nbsp;Antonina, no Litoral do Estado, como parte da Semana da Mulher do Campo, institu\u00edda pela lei estadual [&hellip;]<\/p>\n","protected":false},"author":2,"featured_media":67888,"comment_status":"open","ping_status":"open","sticky":false,"template":"","format":"standard","meta":{"advanced_seo_description":"","jetpack_seo_html_title":"","jetpack_seo_noindex":false,"_jetpack_memberships_contains_paid_content":false,"footnotes":""},"categories":[132],"tags":[],"class_list":{"0":"post-67887","1":"post","2":"type-post","3":"status-publish","4":"format-standard","5":"has-post-thumbnail","7":"category-antonina"},"jetpack_featured_media_url":"https:\/\/www.paranapraia.com.br\/wp-content\/uploads\/2025\/05\/whatsapp_image_2025-05-30_at_10.25.46.jpg","jetpack_sharing_enabled":true,"_links":{"self":[{"href":"https:\/\/www.paranapraia.com.br\/index.php\/wp-json\/wp\/v2\/posts\/67887"}],"collection":[{"href":"https:\/\/www.paranapraia.com.br\/index.php\/wp-json\/wp\/v2\/posts"}],"about":[{"href":"https:\/\/www.paranapraia.com.br\/index.php\/wp-json\/wp\/v2\/types\/post"}],"author":[{"embeddable":true,"href":"https:\/\/www.paranapraia.com.br\/index.php\/wp-json\/wp\/v2\/users\/2"}],"replies":[{"embeddable":true,"href":"https:\/\/www.paranapraia.com.br\/index.php\/wp-json\/wp\/v2\/comments?post=67887"}],"version-history":[{"count":1,"href":"https:\/\/www.paranapraia.com.br\/index.php\/wp-json\/wp\/v2\/posts\/67887\/revisions"}],"predecessor-version":[{"id":67889,"href":"https:\/\/www.paranapraia.com.br\/index.php\/wp-json\/wp\/v2\/posts\/67887\/revisions\/67889"}],"wp:featuredmedia":[{"embeddable":true,"href":"https:\/\/www.paranapraia.com.br\/index.php\/wp-json\/wp\/v2\/media\/67888"}],"wp:attachment":[{"href":"https:\/\/www.paranapraia.com.br\/index.php\/wp-json\/wp\/v2\/media?parent=67887"}],"wp:term":[{"taxonomy":"category","embeddable":true,"href":"https:\/\/www.paranapraia.com.br\/index.php\/wp-json\/wp\/v2\/categories?post=67887"},{"taxonomy":"post_tag","embeddable":true,"href":"https:\/\/www.paranapraia.com.br\/index.php\/wp-json\/wp\/v2\/tags?post=67887"}],"curies":[{"name":"wp","href":"https:\/\/api.w.org\/{rel}","templated":true}]}}