{"id":67881,"date":"2025-05-30T14:06:57","date_gmt":"2025-05-30T17:06:57","guid":{"rendered":"https:\/\/www.paranapraia.com.br\/?p=67881"},"modified":"2025-05-30T14:07:01","modified_gmt":"2025-05-30T17:07:01","slug":"espetaculo-chapeuzinho-cor-de-mel-e-um-monstro-pra-la-de-cruel-integra-programacao-da-semana-do-meio-ambiente-em-antonina","status":"publish","type":"post","link":"https:\/\/www.paranapraia.com.br\/index.php\/2025\/05\/30\/espetaculo-chapeuzinho-cor-de-mel-e-um-monstro-pra-la-de-cruel-integra-programacao-da-semana-do-meio-ambiente-em-antonina\/","title":{"rendered":"Espet\u00e1culo \u201cChapeuzinho Cor de Mel e um Monstro Pra L\u00e1 de Cruel\u201d integra programa\u00e7\u00e3o da Semana do Meio Ambiente em Antonina"},"content":{"rendered":"\n<p>Dentro das a\u00e7\u00f5es da Semana do Meio Ambiente, as escolas da rede municipal de Antonina recebem, entre os dias 2 e 6 de junho, o espet\u00e1culo teatral \u201cChapeuzinho Cor de Mel e um Monstro Pra L\u00e1 de Cruel\u201d. A pe\u00e7a faz parte do projeto Caravana Divertida Arte e chega ao munic\u00edpio com uma proposta l\u00fadica que une cultura, educa\u00e7\u00e3o e conscientiza\u00e7\u00e3o ambiental.<\/p>\n\n\n\n<p>Com dire\u00e7\u00e3o de Maur\u00edcio Vogue, texto de Hardy Guedes e m\u00fasicas originais de Diego Kozievitch, a apresenta\u00e7\u00e3o \u00e9 uma releitura bem-humorada e reflexiva do cl\u00e1ssico conto de fadas, trazendo mensagens sobre amizade, empatia e, especialmente, sobre a import\u00e2ncia de cuidar do meio ambiente.<\/p>\n\n\n\n<p>A iniciativa tem entrada gratuita e \u00e9 direcionada aos alunos das escolas municipais de Antonina, unindo arte e sensibiliza\u00e7\u00e3o para temas fundamentais como preserva\u00e7\u00e3o da natureza, sustentabilidade e responsabilidade coletiva.<\/p>\n\n\n\n<p>O espet\u00e1culo integra a programa\u00e7\u00e3o especial&nbsp;para a Semana do Meio Ambiente, refor\u00e7ando o compromisso do munic\u00edpio com a educa\u00e7\u00e3o ambiental e o acesso \u00e0 cultura.<\/p>\n\n\n\n<p>O projeto conta com apoio da Prefeitura de Antonina, al\u00e9m do patroc\u00ednio do Minist\u00e9rio da Cultura, via Lei de Incentivo \u00e0 Cultura, e empresas parceiras.<\/p>\n\n\n\n<p>Cuidar do meio ambiente \u00e9 responsabilidade de todos. E aprender isso de forma divertida faz toda a diferen\u00e7a!<\/p>\n\n\n\n<p>Prefeitura de Antonina<\/p>\n","protected":false},"excerpt":{"rendered":"<p>Dentro das a\u00e7\u00f5es da Semana do Meio Ambiente, as escolas da rede municipal de Antonina recebem, entre os dias 2 e 6 de junho, o espet\u00e1culo teatral \u201cChapeuzinho Cor de Mel e um Monstro Pra L\u00e1 de Cruel\u201d. A pe\u00e7a faz parte do projeto Caravana Divertida Arte e chega ao munic\u00edpio com uma proposta l\u00fadica [&hellip;]<\/p>\n","protected":false},"author":2,"featured_media":67882,"comment_status":"open","ping_status":"open","sticky":false,"template":"","format":"standard","meta":{"advanced_seo_description":"","jetpack_seo_html_title":"","jetpack_seo_noindex":false,"_jetpack_memberships_contains_paid_content":false,"footnotes":""},"categories":[132],"tags":[],"class_list":{"0":"post-67881","1":"post","2":"type-post","3":"status-publish","4":"format-standard","5":"has-post-thumbnail","7":"category-antonina"},"jetpack_featured_media_url":"https:\/\/www.paranapraia.com.br\/wp-content\/uploads\/2025\/05\/whatsapp-image-2025-05-27-at-151803-scaled.jpg","jetpack_sharing_enabled":true,"_links":{"self":[{"href":"https:\/\/www.paranapraia.com.br\/index.php\/wp-json\/wp\/v2\/posts\/67881"}],"collection":[{"href":"https:\/\/www.paranapraia.com.br\/index.php\/wp-json\/wp\/v2\/posts"}],"about":[{"href":"https:\/\/www.paranapraia.com.br\/index.php\/wp-json\/wp\/v2\/types\/post"}],"author":[{"embeddable":true,"href":"https:\/\/www.paranapraia.com.br\/index.php\/wp-json\/wp\/v2\/users\/2"}],"replies":[{"embeddable":true,"href":"https:\/\/www.paranapraia.com.br\/index.php\/wp-json\/wp\/v2\/comments?post=67881"}],"version-history":[{"count":1,"href":"https:\/\/www.paranapraia.com.br\/index.php\/wp-json\/wp\/v2\/posts\/67881\/revisions"}],"predecessor-version":[{"id":67883,"href":"https:\/\/www.paranapraia.com.br\/index.php\/wp-json\/wp\/v2\/posts\/67881\/revisions\/67883"}],"wp:featuredmedia":[{"embeddable":true,"href":"https:\/\/www.paranapraia.com.br\/index.php\/wp-json\/wp\/v2\/media\/67882"}],"wp:attachment":[{"href":"https:\/\/www.paranapraia.com.br\/index.php\/wp-json\/wp\/v2\/media?parent=67881"}],"wp:term":[{"taxonomy":"category","embeddable":true,"href":"https:\/\/www.paranapraia.com.br\/index.php\/wp-json\/wp\/v2\/categories?post=67881"},{"taxonomy":"post_tag","embeddable":true,"href":"https:\/\/www.paranapraia.com.br\/index.php\/wp-json\/wp\/v2\/tags?post=67881"}],"curies":[{"name":"wp","href":"https:\/\/api.w.org\/{rel}","templated":true}]}}