{"id":6787,"date":"2019-04-16T16:31:07","date_gmt":"2019-04-16T19:31:07","guid":{"rendered":"https:\/\/www.paranapraia.com.br\/?p=6787"},"modified":"2019-04-16T16:31:08","modified_gmt":"2019-04-16T19:31:08","slug":"advogado-curitibano-sera-protagonista-em-seriado-sobre-justica","status":"publish","type":"post","link":"https:\/\/www.paranapraia.com.br\/index.php\/2019\/04\/16\/advogado-curitibano-sera-protagonista-em-seriado-sobre-justica\/","title":{"rendered":"Advogado curitibano ser\u00e1 protagonista em seriado sobre justi\u00e7a"},"content":{"rendered":"\n<p>Um seriado da Sony, \u201cQuest\u00e3o de Justi\u00e7a\u201d ser\u00e1 lan\u00e7ado em julho de 2019, no canal AXN, e contar\u00e1 casos reais de injusti\u00e7a. Em um de seus epis\u00f3dios, de aproximadamente 45 minutos, o seriado documentar\u00e1 a defesa de um Policial Militar do Estado do Paran\u00e1 realizada pelo Advogado curitibano, Jeffrey Chiquini.<\/p>\n\n\n\n<p>O policial havia sido acusado injustamente de 14 homic\u00eddios, no caso conhecido como \u201cchacina da rocinha\u201d. Leandro Veloso, acusado pelo Minist\u00e9rio P\u00fablico de participa\u00e7\u00e3o em nove homic\u00eddios qualificados consumados e cinco homic\u00eddios tentados foi despronunciado pelo Tribunal de Justi\u00e7a do Estado do Paran\u00e1, no julgamento de recurso em sentido estrito realizado pela 1\u00aa C\u00e2mara Criminal.<\/p>\n\n\n\n<p>Segundo o Advogado Jeffrey Chiquini, \u201co ex Policial Militar seria julgado pelo Tribunal do J\u00fari de Curitiba por elementos que n\u00e3o observaram requisitos m\u00ednimos exigidos pela legisla\u00e7\u00e3o processual penal vigente, correndo o risco de ser condenado \u00e0 pena superior a 100 anos de pris\u00e3o\u201d. Leandro Veloso foi acusado e processado por suposta participa\u00e7\u00e3o nas mortes de usu\u00e1rios de drogas ocorridas nos anos de 2010 e 2011 no bairro Boqueir\u00e3o na capital paranaense. Mas o Tribunal de Justi\u00e7a do Estado do Paran\u00e1, no dia 09\/08\/2018, declarou a inoc\u00eancia do ex PM e dos outros 4 r\u00e9us. \u201cEstou muito feliz em ter contribu\u00eddo para a restitui\u00e7\u00e3o da vida de um inocente e de sua fam\u00edlia. A maior satisfa\u00e7\u00e3o de um Advogado \u00e9 ver os frutos do trabalho e a justi\u00e7a reconhecida\u201d, disse Chiquini.<\/p>\n\n\n\n<p>Massa News<\/p>\n","protected":false},"excerpt":{"rendered":"<p>Um seriado da Sony, \u201cQuest\u00e3o de Justi\u00e7a\u201d ser\u00e1 lan\u00e7ado em julho de 2019, no canal AXN, e contar\u00e1 casos reais de injusti\u00e7a. Em um de seus epis\u00f3dios, de aproximadamente 45 minutos, o seriado documentar\u00e1 a defesa de um Policial Militar do Estado do Paran\u00e1 realizada pelo Advogado curitibano, Jeffrey Chiquini. O policial havia sido acusado [&hellip;]<\/p>\n","protected":false},"author":2,"featured_media":6788,"comment_status":"open","ping_status":"open","sticky":false,"template":"","format":"standard","meta":{"advanced_seo_description":"","jetpack_seo_html_title":"","jetpack_seo_noindex":false,"_jetpack_memberships_contains_paid_content":false,"footnotes":""},"categories":[42],"tags":[],"class_list":{"0":"post-6787","1":"post","2":"type-post","3":"status-publish","4":"format-standard","5":"has-post-thumbnail","7":"category-cidades"},"jetpack_featured_media_url":"https:\/\/www.paranapraia.com.br\/wp-content\/uploads\/2019\/04\/filme.jpg","jetpack_sharing_enabled":true,"_links":{"self":[{"href":"https:\/\/www.paranapraia.com.br\/index.php\/wp-json\/wp\/v2\/posts\/6787"}],"collection":[{"href":"https:\/\/www.paranapraia.com.br\/index.php\/wp-json\/wp\/v2\/posts"}],"about":[{"href":"https:\/\/www.paranapraia.com.br\/index.php\/wp-json\/wp\/v2\/types\/post"}],"author":[{"embeddable":true,"href":"https:\/\/www.paranapraia.com.br\/index.php\/wp-json\/wp\/v2\/users\/2"}],"replies":[{"embeddable":true,"href":"https:\/\/www.paranapraia.com.br\/index.php\/wp-json\/wp\/v2\/comments?post=6787"}],"version-history":[{"count":1,"href":"https:\/\/www.paranapraia.com.br\/index.php\/wp-json\/wp\/v2\/posts\/6787\/revisions"}],"predecessor-version":[{"id":6789,"href":"https:\/\/www.paranapraia.com.br\/index.php\/wp-json\/wp\/v2\/posts\/6787\/revisions\/6789"}],"wp:featuredmedia":[{"embeddable":true,"href":"https:\/\/www.paranapraia.com.br\/index.php\/wp-json\/wp\/v2\/media\/6788"}],"wp:attachment":[{"href":"https:\/\/www.paranapraia.com.br\/index.php\/wp-json\/wp\/v2\/media?parent=6787"}],"wp:term":[{"taxonomy":"category","embeddable":true,"href":"https:\/\/www.paranapraia.com.br\/index.php\/wp-json\/wp\/v2\/categories?post=6787"},{"taxonomy":"post_tag","embeddable":true,"href":"https:\/\/www.paranapraia.com.br\/index.php\/wp-json\/wp\/v2\/tags?post=6787"}],"curies":[{"name":"wp","href":"https:\/\/api.w.org\/{rel}","templated":true}]}}