{"id":6778,"date":"2019-04-16T15:51:58","date_gmt":"2019-04-16T18:51:58","guid":{"rendered":"https:\/\/www.paranapraia.com.br\/?p=6778"},"modified":"2019-04-16T15:52:00","modified_gmt":"2019-04-16T18:52:00","slug":"medico-do-hospital-angelina-caron-morre-em-acidente-na-br-277","status":"publish","type":"post","link":"https:\/\/www.paranapraia.com.br\/index.php\/2019\/04\/16\/medico-do-hospital-angelina-caron-morre-em-acidente-na-br-277\/","title":{"rendered":"M\u00e9dico do Hospital Angelina Caron morre em acidente na BR-277"},"content":{"rendered":"\n<p>O m\u00e9dico Arnaldo Dias dos Reis, 64 anos, vice-presidente da Sociedade Hospitalar Angelina Caron e neurocirurgi\u00e3o chefe do Servi\u00e7o de Neurocirurgia do hospital, morreu em um grave acidente na noite de segunda (15), no km 42 na BR-277, no Viaduto dos Padres, em Morretes. O carro do m\u00e9dico, um Kia\/Sorrento, bateu natraseira de um caminh\u00e3o Iveco\/FIAT, com placa de Tr\u00eas Amores (RS).&nbsp;O vel\u00f3rio ter\u00e1 in\u00edcio \u00e0s 18h desta ter\u00e7a (16), no Cemit\u00e9rio Parque Igua\u00e7u, Capela 2, em Curitiba.<\/p>\n\n\n\n<p>O Hospital Angelina Caron (HAC) lamenta a morte do m\u00e9dico, que dedicou mais de 30 anos da sua trajet\u00f3ria para cuidar de pacientes do HAC e deixa uma importante contribui\u00e7\u00e3o para a institui\u00e7\u00e3o. &#8220;Recebemos a not\u00edcia com muito pesar. Dr. Arnaldo estava conosco desde o in\u00edcio de nossa trajet\u00f3ria no hospital. Era chefe da Neurocirurgia, m\u00e9dico extremamente competente e dedicado aos pacientes&#8221;, lastima Pedro Caron, cirurgi\u00e3o geral e um dos fundadores do HAC.<\/p>\n\n\n\n<p>Dr. Arnaldo Dias dos Reis tamb\u00e9m atuava na Resid\u00eancia de Neurocirurgia do Hospital de Cl\u00ednicas da UFPR e era coordenador do setor de Neurocirurgia no Hospital das Na\u00e7\u00f5es. Ele faleceu na noite desta segunda-feira (15 de abril), em decorr\u00eancia de um acidente de carro.<\/p>\n\n\n\n<p>Bem Paran\u00e1<\/p>\n","protected":false},"excerpt":{"rendered":"<p>O m\u00e9dico Arnaldo Dias dos Reis, 64 anos, vice-presidente da Sociedade Hospitalar Angelina Caron e neurocirurgi\u00e3o chefe do Servi\u00e7o de Neurocirurgia do hospital, morreu em um grave acidente na noite de segunda (15), no km 42 na BR-277, no Viaduto dos Padres, em Morretes. O carro do m\u00e9dico, um Kia\/Sorrento, bateu natraseira de um caminh\u00e3o [&hellip;]<\/p>\n","protected":false},"author":2,"featured_media":6780,"comment_status":"open","ping_status":"open","sticky":false,"template":"","format":"standard","meta":{"advanced_seo_description":"","jetpack_seo_html_title":"","jetpack_seo_noindex":false,"_jetpack_memberships_contains_paid_content":false,"footnotes":""},"categories":[52],"tags":[],"class_list":{"0":"post-6778","1":"post","2":"type-post","3":"status-publish","4":"format-standard","5":"has-post-thumbnail","7":"category-acidentes"},"jetpack_featured_media_url":"https:\/\/www.paranapraia.com.br\/wp-content\/uploads\/2019\/04\/med.jpg","jetpack_sharing_enabled":true,"_links":{"self":[{"href":"https:\/\/www.paranapraia.com.br\/index.php\/wp-json\/wp\/v2\/posts\/6778"}],"collection":[{"href":"https:\/\/www.paranapraia.com.br\/index.php\/wp-json\/wp\/v2\/posts"}],"about":[{"href":"https:\/\/www.paranapraia.com.br\/index.php\/wp-json\/wp\/v2\/types\/post"}],"author":[{"embeddable":true,"href":"https:\/\/www.paranapraia.com.br\/index.php\/wp-json\/wp\/v2\/users\/2"}],"replies":[{"embeddable":true,"href":"https:\/\/www.paranapraia.com.br\/index.php\/wp-json\/wp\/v2\/comments?post=6778"}],"version-history":[{"count":1,"href":"https:\/\/www.paranapraia.com.br\/index.php\/wp-json\/wp\/v2\/posts\/6778\/revisions"}],"predecessor-version":[{"id":6781,"href":"https:\/\/www.paranapraia.com.br\/index.php\/wp-json\/wp\/v2\/posts\/6778\/revisions\/6781"}],"wp:featuredmedia":[{"embeddable":true,"href":"https:\/\/www.paranapraia.com.br\/index.php\/wp-json\/wp\/v2\/media\/6780"}],"wp:attachment":[{"href":"https:\/\/www.paranapraia.com.br\/index.php\/wp-json\/wp\/v2\/media?parent=6778"}],"wp:term":[{"taxonomy":"category","embeddable":true,"href":"https:\/\/www.paranapraia.com.br\/index.php\/wp-json\/wp\/v2\/categories?post=6778"},{"taxonomy":"post_tag","embeddable":true,"href":"https:\/\/www.paranapraia.com.br\/index.php\/wp-json\/wp\/v2\/tags?post=6778"}],"curies":[{"name":"wp","href":"https:\/\/api.w.org\/{rel}","templated":true}]}}