{"id":67729,"date":"2025-05-29T22:44:27","date_gmt":"2025-05-30T01:44:27","guid":{"rendered":"https:\/\/www.paranapraia.com.br\/?p=67729"},"modified":"2025-05-29T22:44:30","modified_gmt":"2025-05-30T01:44:30","slug":"209-cidades-do-parana-tem-alto-indice-de-progresso-social-curitiba-e-melhor-capital","status":"publish","type":"post","link":"https:\/\/www.paranapraia.com.br\/index.php\/2025\/05\/29\/209-cidades-do-parana-tem-alto-indice-de-progresso-social-curitiba-e-melhor-capital\/","title":{"rendered":"209 cidades do Paran\u00e1 t\u00eam alto \u00cdndice de Progresso Social; Curitiba \u00e9 melhor capital"},"content":{"rendered":"\n<p>Cerca de 52% dos munic\u00edpios do Paran\u00e1 alcan\u00e7aram n\u00edvel elevado no \u00cdndice de Progresso Social (IPS) 2025, segundo dados do IPS Brasil, plataforma que avalia o bem-estar social da popula\u00e7\u00e3o a partir de diversos indicadores socioecon\u00f4micos. Curitiba \u00e9 a cidade paranaense mais bem classificada no ranking nacional, sendo tamb\u00e9m primeira colocada entre as capitais brasileiras. Confira a lista dos munic\u00edpios paranaenses&nbsp;<a href=\"https:\/\/www.aen.pr.gov.br\/sites\/default\/arquivos_restritos\/files\/documento\/2025-05\/ips_dos_municipios_paranaenses.xls\">AQUI<\/a>&nbsp;.<\/p>\n\n\n\n<p>Das 399 cidades paranaenses, 31 possuem IPS considerado muito alto, enquanto outras 178 est\u00e3o com n\u00edvel alto. O \u00edndice internacional \u00e9 baseado em 57 indicadores sociais, econ\u00f4micos e ambientais, utilizados para mensurar a qualidade de vida da popula\u00e7\u00e3o em tr\u00eas dimens\u00f5es principais: Necessidades Humanas B\u00e1sicas, Fundamentos do Bem-Estar e Oportunidades, com notas que variam de 0 a 100.<\/p>\n\n\n\n<p>Esta \u00e9 o segundo ano em que o IPS \u00e9 avaliado de forma abrangente em todos os 5.570 munic\u00edpios do Pa\u00eds. O resultado mais recente das cidades paranaenses refor\u00e7a os avan\u00e7os que o Estado obteve em \u00e1reas como sa\u00fade, educa\u00e7\u00e3o, seguran\u00e7a e meio ambiente.<\/p>\n\n\n\n<p>L\u00edder entre as capitais, Curitiba ocupa a 12\u00aa posi\u00e7\u00e3o entre todas as localidades brasileiras, com uma nota de 69,88. A avalia\u00e7\u00e3o representa um avan\u00e7o em rela\u00e7\u00e3o \u00e0 nota obtida pela cidade em 2024, o que fez com que a Capital paranaense superasse Bras\u00edlia (69,42), Goi\u00e2nia (68,21), Belo Horizonte (68,21) e Florian\u00f3polis (67,91), que figuravam \u00e0 frente na edi\u00e7\u00e3o passada do ranking.<\/p>\n\n\n\n<p>Depois de Curitiba, Maring\u00e1 aparece na vice-lideran\u00e7a em \u00e2mbito estadual, na 26\u00aa posi\u00e7\u00e3o entre todos os munic\u00edpios do Brasil, com IPS de 68,83. Outras cidades paranaenses que aparecem entre as 100 primeiras no \u00cdndice de Progresso Social de 2025 s\u00e3o Corn\u00e9lio Proc\u00f3pio (27\u00aa), Quatro Barras (70\u00aa), Toledo (77\u00aa) e S\u00e3o Manoel do Paran\u00e1 (99\u00aa).<\/p>\n\n\n\n<p>A m\u00e9dia dos munic\u00edpios paranaenses tamb\u00e9m supera a nacional. Enquanto o Brasil apresenta um IPS m\u00e9dio de 58,70 pontos, o Paran\u00e1 figura com m\u00e9dia de 60,83, refletindo pol\u00edticas p\u00fablicas focadas em inclus\u00e3o social, desenvolvimento sustent\u00e1vel e redu\u00e7\u00e3o de desigualdades regionais.<\/p>\n\n\n\n<p><strong>POL\u00cdTICAS P\u00daBLICAS<\/strong>&nbsp;\u2013 Entre os fatores que impulsionaram a melhoria do desempenho do Estado, est\u00e3o a alta taxa de acesso \u00e0 educa\u00e7\u00e3o, baixa mortalidade infantil, acesso facilitado a servi\u00e7os de sa\u00fade, al\u00e9m de bons indicadores de seguran\u00e7a p\u00fablica e infraestrutura urbana. Tamb\u00e9m houve uma evolu\u00e7\u00e3o em rela\u00e7\u00e3o aos indicadores gerais dos pequenos munic\u00edpios, que v\u00eam demonstrando avan\u00e7os no saneamento b\u00e1sico, acesso \u00e0 internet e qualidade da educa\u00e7\u00e3o, o que contribui para elevar o IPS do Estado.<\/p>\n\n\n\n<p>Alguns exemplos de pol\u00edticas p\u00fablicas que impactam diretamente na qualidade de vida da popula\u00e7\u00e3o s\u00e3o as obras de pavimenta\u00e7\u00e3o urbana e moderniza\u00e7\u00e3o da ilumina\u00e7\u00e3o p\u00fablica feitas nos munic\u00edpios por meio do programa Asfalto Novo Vida Nova e Ilumina Paran\u00e1, bem como o Casa F\u00e1cil Paran\u00e1, programa que envolve a constru\u00e7\u00e3o de 110 mil novas casas em todas as regi\u00f5es do Estado.<\/p>\n\n\n\n<p>O Estado tamb\u00e9m tem investido na descentraliza\u00e7\u00e3o das estruturas de sa\u00fade p\u00fablica, com a constru\u00e7\u00e3o, amplia\u00e7\u00e3o e reformas de hospitais, ambulat\u00f3rios e postos de sa\u00fade. Na \u00e1rea de educa\u00e7\u00e3o, os investimentos t\u00eam sido tanto na melhoria da infraestrutura das escolas estaduais quanto na aquisi\u00e7\u00e3o de novos equipamentos para melhorar o processo de aprendizagem.<\/p>\n\n\n\n<p>Por meio da Sanepar, o Paran\u00e1 tamb\u00e9m est\u00e1 adiantado em rela\u00e7\u00e3o a outros estados na universaliza\u00e7\u00e3o do saneamento b\u00e1sico. A empresa tem investido massivamente em obras para a melhoria das redes de abastecimento de \u00e1gua, coleta e tratamento de esgoto nas 344 cidades sob sua cobertura.<\/p>\n\n\n\n<p><strong>IPS&nbsp;<\/strong>\u2013 A metodologia, desenvolvida pela Social Progress Imperative, \u00e9 adaptada no Brasil pelo Instituto do Homem e Meio Ambiente da Amaz\u00f4nia (Imazon), em parceria com a Funda\u00e7\u00e3o Avina, Centro de Empreendedorismo da Amaz\u00f4nia iniciativa Amaz\u00f4nia 2030 e Anatt\u00e1 &#8211; Pesquisa e Desenvolvimento.<\/p>\n\n\n\n<p>Especialistas de diferentes \u00e1reas tamb\u00e9m atuaram na constru\u00e7\u00e3o de um framework de indicadores \u2013 uma estrutura anal\u00edtica que organiza e define os dados considerados no c\u00e1lculo do IPS, garantindo que o \u00edndice reflita com precis\u00e3o as realidades locais brasileiras.<\/p>\n\n\n\n<p>A dimens\u00e3o de Necessidades Humanas B\u00e1sicas agrupa indicadores relacionados ao acesso da popula\u00e7\u00e3o \u00e0 alimenta\u00e7\u00e3o, cuidados m\u00e9dicos, \u00e1gua pot\u00e1vel, habita\u00e7\u00e3o e seguran\u00e7a. A dimens\u00e3o de Fundamentos do Bem-estar mede a qualidade da educa\u00e7\u00e3o b\u00e1sica de qualidade, condi\u00e7\u00f5es de viver com sa\u00fade, bem-estar e qualidade de vida. J\u00e1 a dimens\u00e3o de Oportunidades avalia eventuais restri\u00e7\u00f5es de direitos da popula\u00e7\u00e3o, bem como se existem preconceitos e hostilidades que impedem os indiv\u00edduos de atingirem o seu pleno potencial.<\/p>\n\n\n\n<p>Os dados completos est\u00e3o dispon\u00edveis de forma p\u00fablica na plataforma&nbsp;<a href=\"https:\/\/ipsbrasil.org.br\/pt\" target=\"_blank\" rel=\"noreferrer noopener\">ipsbrasil.org.br<\/a>. Eles s\u00e3o atualizados com base em fontes oficiais, como o IBGE, o DataSUS e os minist\u00e9rios da Educa\u00e7\u00e3o, Sa\u00fade e Desenvolvimento Social. A ferramenta \u00e9 utilizada por governos, ONGs, pesquisadores e gestores p\u00fablicos para diagnosticar desafios sociais e definir prioridades de investimento.<\/p>\n\n\n\n<p>AEN\/PR<\/p>\n","protected":false},"excerpt":{"rendered":"<p>Cerca de 52% dos munic\u00edpios do Paran\u00e1 alcan\u00e7aram n\u00edvel elevado no \u00cdndice de Progresso Social (IPS) 2025, segundo dados do IPS Brasil, plataforma que avalia o bem-estar social da popula\u00e7\u00e3o a partir de diversos indicadores socioecon\u00f4micos. Curitiba \u00e9 a cidade paranaense mais bem classificada no ranking nacional, sendo tamb\u00e9m primeira colocada entre as capitais brasileiras. [&hellip;]<\/p>\n","protected":false},"author":2,"featured_media":67730,"comment_status":"open","ping_status":"open","sticky":false,"template":"","format":"standard","meta":{"advanced_seo_description":"","jetpack_seo_html_title":"","jetpack_seo_noindex":false,"_jetpack_memberships_contains_paid_content":false,"footnotes":""},"categories":[650],"tags":[],"class_list":{"0":"post-67729","1":"post","2":"type-post","3":"status-publish","4":"format-standard","5":"has-post-thumbnail","7":"category-parana"},"jetpack_featured_media_url":"https:\/\/www.paranapraia.com.br\/wp-content\/uploads\/2025\/05\/curitiba_010-scaled.jpg","jetpack_sharing_enabled":true,"_links":{"self":[{"href":"https:\/\/www.paranapraia.com.br\/index.php\/wp-json\/wp\/v2\/posts\/67729"}],"collection":[{"href":"https:\/\/www.paranapraia.com.br\/index.php\/wp-json\/wp\/v2\/posts"}],"about":[{"href":"https:\/\/www.paranapraia.com.br\/index.php\/wp-json\/wp\/v2\/types\/post"}],"author":[{"embeddable":true,"href":"https:\/\/www.paranapraia.com.br\/index.php\/wp-json\/wp\/v2\/users\/2"}],"replies":[{"embeddable":true,"href":"https:\/\/www.paranapraia.com.br\/index.php\/wp-json\/wp\/v2\/comments?post=67729"}],"version-history":[{"count":1,"href":"https:\/\/www.paranapraia.com.br\/index.php\/wp-json\/wp\/v2\/posts\/67729\/revisions"}],"predecessor-version":[{"id":67731,"href":"https:\/\/www.paranapraia.com.br\/index.php\/wp-json\/wp\/v2\/posts\/67729\/revisions\/67731"}],"wp:featuredmedia":[{"embeddable":true,"href":"https:\/\/www.paranapraia.com.br\/index.php\/wp-json\/wp\/v2\/media\/67730"}],"wp:attachment":[{"href":"https:\/\/www.paranapraia.com.br\/index.php\/wp-json\/wp\/v2\/media?parent=67729"}],"wp:term":[{"taxonomy":"category","embeddable":true,"href":"https:\/\/www.paranapraia.com.br\/index.php\/wp-json\/wp\/v2\/categories?post=67729"},{"taxonomy":"post_tag","embeddable":true,"href":"https:\/\/www.paranapraia.com.br\/index.php\/wp-json\/wp\/v2\/tags?post=67729"}],"curies":[{"name":"wp","href":"https:\/\/api.w.org\/{rel}","templated":true}]}}