{"id":67726,"date":"2025-05-29T22:40:30","date_gmt":"2025-05-30T01:40:30","guid":{"rendered":"https:\/\/www.paranapraia.com.br\/?p=67726"},"modified":"2025-05-29T22:40:33","modified_gmt":"2025-05-30T01:40:33","slug":"paranagua-recepciona-atletas-paraolimpicos-no-complexo-esportivo-fernando-charbub-farah","status":"publish","type":"post","link":"https:\/\/www.paranapraia.com.br\/index.php\/2025\/05\/29\/paranagua-recepciona-atletas-paraolimpicos-no-complexo-esportivo-fernando-charbub-farah\/","title":{"rendered":"Paranagu\u00e1 recepciona atletas paraol\u00edmpicos no Complexo Esportivo Fernando Charbub Farah"},"content":{"rendered":"\n<p>Na manh\u00e3 desta quinta-feira (29), o prefeito de Paranagu\u00e1, Adriano Ramos, prestigiou os atletas paraol\u00edmpicos que v\u00eam conquistando destaque em competi\u00e7\u00f5es nacionais e internacionais.<\/p>\n\n\n\n<p>A cerim\u00f4nia, que aconteceu no Complexo Esportivo Fernando Charbub Farah, refor\u00e7ou o compromisso da administra\u00e7\u00e3o municipal com o esporte inclusivo e apoiou as aspira\u00e7\u00f5es dos atletas de alcan\u00e7ar o mundial na \u00cdndia em setembro e posteriormente, as paraolimp\u00edadas em Los Angeles, nos Estados Unidos. Paranagu\u00e1 se destacou em tr\u00eas competi\u00e7\u00f5es de atletismo paraol\u00edmpico entre abril e maio, incluindo o 13\u00ba Parajaps.<\/p>\n\n\n\n<p>O prefeito ressaltou a import\u00e2ncia do incentivo aos atletas locais. \u201cHoje, somos uma cidade que se preocupa com a inclus\u00e3o social e vamos incentivar cada vez mais para que possamos melhorar em qualidade de vida, estrutura e dignidade a todos nossos atletas e cidad\u00e3os\u201d, afirmou Adriano Ramos.<\/p>\n\n\n\n<p>A professora da equipe paraol\u00edmpica, Silmara Fran\u00e7a, destacou o apoio da prefeitura pela Secretaria de Esportes e Juventude (Sespor). \u201cO importante \u00e9 saber que estamos oportunizando momentos para que nossos atletas possam experimentar o esporte paraol\u00edmpico. A Prefeitura de Paranagu\u00e1 e a Secretaria de Esportes n\u00e3o t\u00eam medido esfor\u00e7os para nos apoiar. \u00c9 primordial que a gente tenha um movimento paraol\u00edmpico fortalecido na cidade para que esses atletas consigam crescer no esporte\u201d, considerou.<\/p>\n\n\n\n<p>O atleta da equipe paraol\u00edmpica, Jean Carlos, fez um balan\u00e7o dos resultados conquistados nos \u00faltimos meses. \u201cMeu \u00faltimo campeonato foi agora no Meeting Paraol\u00edmpico, onde busquei \u00edndice. Eu fui ouro nos 1.400 e 400 metros. Em Foz do Igua\u00e7u, nos Jogos Paradesportivos (Parajaps), tamb\u00e9m conquistei ouro no 100, 400 e 1.500 metros. E na primeira fase paraol\u00edmpica nacional do brasileiro, fui ouro nos 400 e 1.500 metros. Estou entre os quatro primeiros no ranking\u201d, comemorou Jean Carlos.<\/p>\n\n\n\n<p>Prefeitura de Paranagu\u00e1<\/p>\n","protected":false},"excerpt":{"rendered":"<p>Na manh\u00e3 desta quinta-feira (29), o prefeito de Paranagu\u00e1, Adriano Ramos, prestigiou os atletas paraol\u00edmpicos que v\u00eam conquistando destaque em competi\u00e7\u00f5es nacionais e internacionais. A cerim\u00f4nia, que aconteceu no Complexo Esportivo Fernando Charbub Farah, refor\u00e7ou o compromisso da administra\u00e7\u00e3o municipal com o esporte inclusivo e apoiou as aspira\u00e7\u00f5es dos atletas de alcan\u00e7ar o mundial na [&hellip;]<\/p>\n","protected":false},"author":2,"featured_media":67727,"comment_status":"open","ping_status":"open","sticky":false,"template":"","format":"standard","meta":{"advanced_seo_description":"","jetpack_seo_html_title":"","jetpack_seo_noindex":false,"_jetpack_memberships_contains_paid_content":false,"footnotes":""},"categories":[77],"tags":[],"class_list":{"0":"post-67726","1":"post","2":"type-post","3":"status-publish","4":"format-standard","5":"has-post-thumbnail","7":"category-paranagua"},"jetpack_featured_media_url":"https:\/\/www.paranapraia.com.br\/wp-content\/uploads\/2025\/05\/thumb-9-1-scaled.jpg","jetpack_sharing_enabled":true,"_links":{"self":[{"href":"https:\/\/www.paranapraia.com.br\/index.php\/wp-json\/wp\/v2\/posts\/67726"}],"collection":[{"href":"https:\/\/www.paranapraia.com.br\/index.php\/wp-json\/wp\/v2\/posts"}],"about":[{"href":"https:\/\/www.paranapraia.com.br\/index.php\/wp-json\/wp\/v2\/types\/post"}],"author":[{"embeddable":true,"href":"https:\/\/www.paranapraia.com.br\/index.php\/wp-json\/wp\/v2\/users\/2"}],"replies":[{"embeddable":true,"href":"https:\/\/www.paranapraia.com.br\/index.php\/wp-json\/wp\/v2\/comments?post=67726"}],"version-history":[{"count":1,"href":"https:\/\/www.paranapraia.com.br\/index.php\/wp-json\/wp\/v2\/posts\/67726\/revisions"}],"predecessor-version":[{"id":67728,"href":"https:\/\/www.paranapraia.com.br\/index.php\/wp-json\/wp\/v2\/posts\/67726\/revisions\/67728"}],"wp:featuredmedia":[{"embeddable":true,"href":"https:\/\/www.paranapraia.com.br\/index.php\/wp-json\/wp\/v2\/media\/67727"}],"wp:attachment":[{"href":"https:\/\/www.paranapraia.com.br\/index.php\/wp-json\/wp\/v2\/media?parent=67726"}],"wp:term":[{"taxonomy":"category","embeddable":true,"href":"https:\/\/www.paranapraia.com.br\/index.php\/wp-json\/wp\/v2\/categories?post=67726"},{"taxonomy":"post_tag","embeddable":true,"href":"https:\/\/www.paranapraia.com.br\/index.php\/wp-json\/wp\/v2\/tags?post=67726"}],"curies":[{"name":"wp","href":"https:\/\/api.w.org\/{rel}","templated":true}]}}