{"id":67723,"date":"2025-05-29T22:37:57","date_gmt":"2025-05-30T01:37:57","guid":{"rendered":"https:\/\/www.paranapraia.com.br\/?p=67723"},"modified":"2025-05-29T22:38:00","modified_gmt":"2025-05-30T01:38:00","slug":"trilha-caicara-acontecera-neste-domingo-dia-01","status":"publish","type":"post","link":"https:\/\/www.paranapraia.com.br\/index.php\/2025\/05\/29\/trilha-caicara-acontecera-neste-domingo-dia-01\/","title":{"rendered":"Trilha Cai\u00e7ara acontecer\u00e1 neste domingo, dia 01"},"content":{"rendered":"\n<p>A Prefeitura de Paranagu\u00e1, por meio da Secretaria Municipal de Desenvolvimento Rural e Ilhas, Pesca, Abastecimento e Aquicultura (Semdesp), realiza mais uma edi\u00e7\u00e3o da Trilha Cai\u00e7ara e incentiva a todos para participar.<\/p>\n\n\n\n<p>O evento ecol\u00f3gico acontecer\u00e1 neste domingo, dia 1\u00ba de junho e as inscri\u00e7\u00f5es podem ser feitas at\u00e9 a v\u00e9spera.<\/p>\n\n\n\n<p>A caminhada ecol\u00f3gica iniciar\u00e1 na comunidade pesqueira da Prainha Ponta de Ub\u00e1, passar\u00e1 pela Vila S\u00e3o Miguel e terminar\u00e1 em Pia\u00e7aguera. Ser\u00e3o 12 km a serem percorridos e tem sa\u00edda prevista para \u00e0s 7h da manh\u00e3, no ponto de embarque ao lado do Palco Tut\u00f3ia, com retorno \u00e0s 14h.<\/p>\n\n\n\n<p>De acordo com o secret\u00e1rio da Semdesp, M\u00e1rcio Vega, a id\u00e9ia \u00e9 fomentar as comunidades pesqueiras, atraindo turistas e valorizando as caminhadas cai\u00e7aras. \u201cS\u00e3o v\u00e1rias Secretarias parceiras neste evento como a Secretaria Municipal de Seguran\u00e7a (Semseg), Secretaria Municipal de Cultura e Patrim\u00f4nio Hist\u00f3rico (Secultur), Secretaria Municipal de Turismo (Setur) e Secretaria Municipal de Sa\u00fade (Semsa) buscando valorizar o nosso ecoturismo e as nossas comunidades pesqueiras, precisamos fomentar esse setor e estamos trabalhando para isso\u201d, disse o secret\u00e1rio.<\/p>\n\n\n\n<p>\u201cA Trilha Cai\u00e7ara em Paranagu\u00e1 vem chamando a aten\u00e7\u00e3o de muitos praticantes e o n\u00famero de pessoas fazendo a sua inscri\u00e7\u00e3o tem sido grande. Para essa quarta edi\u00e7\u00e3o restam poucas vagas e a expectativa \u00e9 grande dos barqueiros que ficam felizes pela realiza\u00e7\u00e3o de mais um evento\u201d, disse Eron Farney Brito Nascimento, presidente da Associa\u00e7\u00e3o dos Propriet\u00e1rios de Barcos de Turismo e Transporte do Estado do Paran\u00e1 (Barcopar), respons\u00e1vel pelo transporte.<\/p>\n\n\n\n<p>De acordo com a organiza\u00e7\u00e3o o investimento por participante \u00e9 de R$ 150, incluindo transporte de ida e volta, camiseta, kit de caf\u00e9 da manh\u00e3 e almo\u00e7o.<\/p>\n\n\n\n<p>Outras informa\u00e7\u00f5es com Eron Farney pelo telefone (41) 9900-0908<\/p>\n\n\n\n<p>Prefeitura de Paranagu\u00e1<\/p>\n","protected":false},"excerpt":{"rendered":"<p>A Prefeitura de Paranagu\u00e1, por meio da Secretaria Municipal de Desenvolvimento Rural e Ilhas, Pesca, Abastecimento e Aquicultura (Semdesp), realiza mais uma edi\u00e7\u00e3o da Trilha Cai\u00e7ara e incentiva a todos para participar. O evento ecol\u00f3gico acontecer\u00e1 neste domingo, dia 1\u00ba de junho e as inscri\u00e7\u00f5es podem ser feitas at\u00e9 a v\u00e9spera. A caminhada ecol\u00f3gica iniciar\u00e1 [&hellip;]<\/p>\n","protected":false},"author":2,"featured_media":67724,"comment_status":"open","ping_status":"open","sticky":false,"template":"","format":"standard","meta":{"advanced_seo_description":"","jetpack_seo_html_title":"","jetpack_seo_noindex":false,"_jetpack_memberships_contains_paid_content":false,"footnotes":""},"categories":[1],"tags":[],"class_list":{"0":"post-67723","1":"post","2":"type-post","3":"status-publish","4":"format-standard","5":"has-post-thumbnail","7":"category-sem-categoria"},"jetpack_featured_media_url":"https:\/\/www.paranapraia.com.br\/wp-content\/uploads\/2025\/05\/thumb-8-1-scaled.jpg","jetpack_sharing_enabled":true,"_links":{"self":[{"href":"https:\/\/www.paranapraia.com.br\/index.php\/wp-json\/wp\/v2\/posts\/67723"}],"collection":[{"href":"https:\/\/www.paranapraia.com.br\/index.php\/wp-json\/wp\/v2\/posts"}],"about":[{"href":"https:\/\/www.paranapraia.com.br\/index.php\/wp-json\/wp\/v2\/types\/post"}],"author":[{"embeddable":true,"href":"https:\/\/www.paranapraia.com.br\/index.php\/wp-json\/wp\/v2\/users\/2"}],"replies":[{"embeddable":true,"href":"https:\/\/www.paranapraia.com.br\/index.php\/wp-json\/wp\/v2\/comments?post=67723"}],"version-history":[{"count":1,"href":"https:\/\/www.paranapraia.com.br\/index.php\/wp-json\/wp\/v2\/posts\/67723\/revisions"}],"predecessor-version":[{"id":67725,"href":"https:\/\/www.paranapraia.com.br\/index.php\/wp-json\/wp\/v2\/posts\/67723\/revisions\/67725"}],"wp:featuredmedia":[{"embeddable":true,"href":"https:\/\/www.paranapraia.com.br\/index.php\/wp-json\/wp\/v2\/media\/67724"}],"wp:attachment":[{"href":"https:\/\/www.paranapraia.com.br\/index.php\/wp-json\/wp\/v2\/media?parent=67723"}],"wp:term":[{"taxonomy":"category","embeddable":true,"href":"https:\/\/www.paranapraia.com.br\/index.php\/wp-json\/wp\/v2\/categories?post=67723"},{"taxonomy":"post_tag","embeddable":true,"href":"https:\/\/www.paranapraia.com.br\/index.php\/wp-json\/wp\/v2\/tags?post=67723"}],"curies":[{"name":"wp","href":"https:\/\/api.w.org\/{rel}","templated":true}]}}