{"id":67720,"date":"2025-05-29T22:35:40","date_gmt":"2025-05-30T01:35:40","guid":{"rendered":"https:\/\/www.paranapraia.com.br\/?p=67720"},"modified":"2025-05-29T22:35:42","modified_gmt":"2025-05-30T01:35:42","slug":"metas-fiscais-serao-tema-de-audiencias-publicas-nesta-sexta-feira-30-em-paranagua","status":"publish","type":"post","link":"https:\/\/www.paranapraia.com.br\/index.php\/2025\/05\/29\/metas-fiscais-serao-tema-de-audiencias-publicas-nesta-sexta-feira-30-em-paranagua\/","title":{"rendered":"Metas fiscais ser\u00e3o tema de audi\u00eancias p\u00fablicas nesta sexta-feira (30) em Paranagu\u00e1"},"content":{"rendered":"\n<p>A Comiss\u00e3o de Finan\u00e7as e Or\u00e7amento da C\u00e2mara Municipal de Paranagu\u00e1 realiza nesta sexta-feira (30), a partir das 15h, audi\u00eancias p\u00fablicas sobre metas fiscais. O evento ocorre no plen\u00e1rio da Casa de Leis e toda popula\u00e7\u00e3o est\u00e1 convidada.<\/p>\n\n\n\n<p>Na ocasi\u00e3o, os poderes executivo e legislativo far\u00e3o as apresenta\u00e7\u00f5es e as avalia\u00e7\u00f5es das metas fiscais referentes ao primeiro quadrimestre de 2025. O evento ocorre em conformidade com o artigo 9\u00b0, par\u00e1grafo 4\u00b0, da Lei Complementar n\u00b0 101\/2000, conhecida como Lei de Responsabilidade Fiscal.<\/p>\n\n\n\n<p>A presid\u00eancia da Comiss\u00e3o de Finan\u00e7as e Or\u00e7amento refor\u00e7a a import\u00e2ncia da participa\u00e7\u00e3o da comunidade nesse processo de transpar\u00eancia e fiscaliza\u00e7\u00e3o das contas p\u00fablicas. A audi\u00eancias podem ser acompanhadas presencialmente e pelo endere\u00e7o eletr\u00f4nico:&nbsp;<a href=\"https:\/\/www.youtube.com\/@camaraparanagua\">https:\/\/www.youtube.com\/@camaraparanagua<\/a>.<\/p>\n\n\n\n<p>Prefeitura de Paranagu\u00e1<\/p>\n","protected":false},"excerpt":{"rendered":"<p>A Comiss\u00e3o de Finan\u00e7as e Or\u00e7amento da C\u00e2mara Municipal de Paranagu\u00e1 realiza nesta sexta-feira (30), a partir das 15h, audi\u00eancias p\u00fablicas sobre metas fiscais. O evento ocorre no plen\u00e1rio da Casa de Leis e toda popula\u00e7\u00e3o est\u00e1 convidada. Na ocasi\u00e3o, os poderes executivo e legislativo far\u00e3o as apresenta\u00e7\u00f5es e as avalia\u00e7\u00f5es das metas fiscais referentes [&hellip;]<\/p>\n","protected":false},"author":2,"featured_media":67721,"comment_status":"open","ping_status":"open","sticky":false,"template":"","format":"standard","meta":{"advanced_seo_description":"","jetpack_seo_html_title":"","jetpack_seo_noindex":false,"_jetpack_memberships_contains_paid_content":false,"footnotes":""},"categories":[77],"tags":[],"class_list":{"0":"post-67720","1":"post","2":"type-post","3":"status-publish","4":"format-standard","5":"has-post-thumbnail","7":"category-paranagua"},"jetpack_featured_media_url":"https:\/\/www.paranapraia.com.br\/wp-content\/uploads\/2025\/05\/thumb-7-1-scaled.jpg","jetpack_sharing_enabled":true,"_links":{"self":[{"href":"https:\/\/www.paranapraia.com.br\/index.php\/wp-json\/wp\/v2\/posts\/67720"}],"collection":[{"href":"https:\/\/www.paranapraia.com.br\/index.php\/wp-json\/wp\/v2\/posts"}],"about":[{"href":"https:\/\/www.paranapraia.com.br\/index.php\/wp-json\/wp\/v2\/types\/post"}],"author":[{"embeddable":true,"href":"https:\/\/www.paranapraia.com.br\/index.php\/wp-json\/wp\/v2\/users\/2"}],"replies":[{"embeddable":true,"href":"https:\/\/www.paranapraia.com.br\/index.php\/wp-json\/wp\/v2\/comments?post=67720"}],"version-history":[{"count":1,"href":"https:\/\/www.paranapraia.com.br\/index.php\/wp-json\/wp\/v2\/posts\/67720\/revisions"}],"predecessor-version":[{"id":67722,"href":"https:\/\/www.paranapraia.com.br\/index.php\/wp-json\/wp\/v2\/posts\/67720\/revisions\/67722"}],"wp:featuredmedia":[{"embeddable":true,"href":"https:\/\/www.paranapraia.com.br\/index.php\/wp-json\/wp\/v2\/media\/67721"}],"wp:attachment":[{"href":"https:\/\/www.paranapraia.com.br\/index.php\/wp-json\/wp\/v2\/media?parent=67720"}],"wp:term":[{"taxonomy":"category","embeddable":true,"href":"https:\/\/www.paranapraia.com.br\/index.php\/wp-json\/wp\/v2\/categories?post=67720"},{"taxonomy":"post_tag","embeddable":true,"href":"https:\/\/www.paranapraia.com.br\/index.php\/wp-json\/wp\/v2\/tags?post=67720"}],"curies":[{"name":"wp","href":"https:\/\/api.w.org\/{rel}","templated":true}]}}