{"id":67717,"date":"2025-05-29T22:32:26","date_gmt":"2025-05-30T01:32:26","guid":{"rendered":"https:\/\/www.paranapraia.com.br\/?p=67717"},"modified":"2025-05-29T22:32:48","modified_gmt":"2025-05-30T01:32:48","slug":"semana-do-mei-2025-em-paranagua-movimenta-o-empreendedorismo-local","status":"publish","type":"post","link":"https:\/\/www.paranapraia.com.br\/index.php\/2025\/05\/29\/semana-do-mei-2025-em-paranagua-movimenta-o-empreendedorismo-local\/","title":{"rendered":"Semana do MEI 2025 em Paranagu\u00e1 movimenta o empreendedorismo local"},"content":{"rendered":"\n<p>A Prefeitura de Paranagu\u00e1, por meio da Secretaria Municipal de Trabalho, Emprego e Assuntos Sindicais (Semtra), realiza at\u00e9 30 de maio a Semana do MEI 2025. Desenvolvida em parceria com o Sebrae e o Senac, a a\u00e7\u00e3o visa fortalecer o empreendedorismo local, oferecendo suporte t\u00e9cnico gratuito aos microempreendedores individuais (MEIs) e pequenos empres\u00e1rios do munic\u00edpio.<\/p>\n\n\n\n<p>Desde o dia 26, a Sala do Empreendedor de Paranagu\u00e1 disponibiliza uma s\u00e9rie de atendimentos especializados, com abertura e baixa de MEI, emiss\u00e3o de documentos, orienta\u00e7\u00f5es fiscais, planejamento de neg\u00f3cios e apoio \u00e0 transforma\u00e7\u00e3o digital. A programa\u00e7\u00e3o conta tamb\u00e9m com palestras, eventos presenciais e uma Rodada de Neg\u00f3cios, promovendo networking e oportunidades de parcerias comerciais.<\/p>\n\n\n\n<p>Destaque tamb\u00e9m para o projeto \u201cCase de Sucesso\u201d, idealizado pela servidora Deisi Leal, que busca valorizar hist\u00f3rias inspiradoras de empreendedores atendidos pela Sala do Empreendedor, evidenciando o impacto positivo da iniciativa na economia local.<\/p>\n\n\n\n<p><strong>Evento destaque da semana:<br><br><\/strong>Palestra: \u201cRoupas e Cal\u00e7ados\u201d<br>Data: 29 de maio (quinta-feira)<br>Hor\u00e1rio: 14h \u00e0s 16h<br>Local: Senac Paranagu\u00e1 \u2013 Alameda Cel. El\u00edzio Pereira, 1191 \u2013 Estradinha<br>Evento gratuito e presencial<\/p>\n\n\n\n<p><strong>Mais informa\u00e7\u00f5es:<\/strong><\/p>\n\n\n\n<p>Sala do Empreendedor<br>Rua Jos\u00e9 Gomes, 320 \u2013 Bairro Jo\u00e3o Gualberto \u2013 Paranagu\u00e1 \u2013 PR<br>Telefone: (41) 3721-1845<br>E-mail: saladoempreendedor@paranagua.pr.gov.br<\/p>\n","protected":false},"excerpt":{"rendered":"<p>A Prefeitura de Paranagu\u00e1, por meio da Secretaria Municipal de Trabalho, Emprego e Assuntos Sindicais (Semtra), realiza at\u00e9 30 de maio a Semana do MEI 2025. Desenvolvida em parceria com o Sebrae e o Senac, a a\u00e7\u00e3o visa fortalecer o empreendedorismo local, oferecendo suporte t\u00e9cnico gratuito aos microempreendedores individuais (MEIs) e pequenos empres\u00e1rios do munic\u00edpio. [&hellip;]<\/p>\n","protected":false},"author":2,"featured_media":67718,"comment_status":"open","ping_status":"open","sticky":false,"template":"","format":"standard","meta":{"advanced_seo_description":"","jetpack_seo_html_title":"","jetpack_seo_noindex":false,"_jetpack_memberships_contains_paid_content":false,"footnotes":""},"categories":[77],"tags":[],"class_list":{"0":"post-67717","1":"post","2":"type-post","3":"status-publish","4":"format-standard","5":"has-post-thumbnail","7":"category-paranagua"},"jetpack_featured_media_url":"https:\/\/www.paranapraia.com.br\/wp-content\/uploads\/2025\/05\/thumb-6-1-scaled.jpg","jetpack_sharing_enabled":true,"_links":{"self":[{"href":"https:\/\/www.paranapraia.com.br\/index.php\/wp-json\/wp\/v2\/posts\/67717"}],"collection":[{"href":"https:\/\/www.paranapraia.com.br\/index.php\/wp-json\/wp\/v2\/posts"}],"about":[{"href":"https:\/\/www.paranapraia.com.br\/index.php\/wp-json\/wp\/v2\/types\/post"}],"author":[{"embeddable":true,"href":"https:\/\/www.paranapraia.com.br\/index.php\/wp-json\/wp\/v2\/users\/2"}],"replies":[{"embeddable":true,"href":"https:\/\/www.paranapraia.com.br\/index.php\/wp-json\/wp\/v2\/comments?post=67717"}],"version-history":[{"count":1,"href":"https:\/\/www.paranapraia.com.br\/index.php\/wp-json\/wp\/v2\/posts\/67717\/revisions"}],"predecessor-version":[{"id":67719,"href":"https:\/\/www.paranapraia.com.br\/index.php\/wp-json\/wp\/v2\/posts\/67717\/revisions\/67719"}],"wp:featuredmedia":[{"embeddable":true,"href":"https:\/\/www.paranapraia.com.br\/index.php\/wp-json\/wp\/v2\/media\/67718"}],"wp:attachment":[{"href":"https:\/\/www.paranapraia.com.br\/index.php\/wp-json\/wp\/v2\/media?parent=67717"}],"wp:term":[{"taxonomy":"category","embeddable":true,"href":"https:\/\/www.paranapraia.com.br\/index.php\/wp-json\/wp\/v2\/categories?post=67717"},{"taxonomy":"post_tag","embeddable":true,"href":"https:\/\/www.paranapraia.com.br\/index.php\/wp-json\/wp\/v2\/tags?post=67717"}],"curies":[{"name":"wp","href":"https:\/\/api.w.org\/{rel}","templated":true}]}}