{"id":67711,"date":"2025-05-29T15:19:34","date_gmt":"2025-05-29T18:19:34","guid":{"rendered":"https:\/\/www.paranapraia.com.br\/?p=67711"},"modified":"2025-05-29T15:19:36","modified_gmt":"2025-05-29T18:19:36","slug":"museu-oscar-niemeyer-realiza-nova-exposicao-internacional-com-a-francesa-eva-jospin","status":"publish","type":"post","link":"https:\/\/www.paranapraia.com.br\/index.php\/2025\/05\/29\/museu-oscar-niemeyer-realiza-nova-exposicao-internacional-com-a-francesa-eva-jospin\/","title":{"rendered":"Museu Oscar Niemeyer realiza nova exposi\u00e7\u00e3o internacional com a francesa Eva Jospin"},"content":{"rendered":"\n<p>\u201cRe-Selvagem\u201d, da artista francesa Eva Jospin, \u00e9 a pr\u00f3xima exposi\u00e7\u00e3o internacional realizada pelo Museu Oscar Niemeyer (MON) e a primeira mostra da artista no Brasil. Com curadoria de Marcello Dantas, a inaugura\u00e7\u00e3o ser\u00e1 no dia 5 de junho, \u00e0s 19h, no Olho e Espa\u00e7os Arauc\u00e1ria.<\/p>\n\n\n\n<p>A exposi\u00e7\u00e3o reunir\u00e1 nove obras de grandes dimens\u00f5es, entre elas instala\u00e7\u00f5es e desenhos, al\u00e9m de dois v\u00eddeos. A mat\u00e9ria-prima das instala\u00e7\u00f5es \u00e9 o bordado de seda e o papel\u00e3o, mas a artista tamb\u00e9m usa madeira, bronze, tecido e outros materiais.<\/p>\n\n\n\n<p>\u201cEva Jospin no Museu Oscar Niemeyer refor\u00e7a nossa miss\u00e3o de conectar o p\u00fablico paranaense com o que h\u00e1 de mais relevante na arte contempor\u00e2nea mundial\u201d, afirma a secret\u00e1ria de Estado da Cultura, Luciana Casagrande Pereira. \u201cEsta exposi\u00e7\u00e3o ainda reafirma a diretriz de diplomacia cultural que o Paran\u00e1 estabelece com a Fran\u00e7a, em um ano especialmente significativo, marcado pelas celebra\u00e7\u00f5es do Ano do Brasil na Fran\u00e7a e da Fran\u00e7a no Brasil\u201d.<\/p>\n\n\n\n<p>A diretora-presidente do MON, Juliana Vosnika, afirma que a sensibilidade da artista francesa Eva Jospin fica evidente nesta exposi\u00e7\u00e3o. \u201cAo abordar a natureza e o tempo em po\u00e9ticas obras de arte, ela evoca nossa mem\u00f3ria afetiva\u201d, diz.<\/p>\n\n\n\n<p>Juliana comenta que o encontro f\u00edsico com a arte faz a pessoa se reconhecer e reconhecer sua hist\u00f3ria por meio das obras. \u201cNum mundo acelerado, o espa\u00e7o presencial dos museus se apresenta como equil\u00edbrio perfeito para nossa satura\u00e7\u00e3o digital\u201d, destaca. \u201cEste \u00e9 e deve ser sempre um dos pap\u00e9is do museu: despertar sentimentos profundos de nosso inconsciente\u201d.<\/p>\n\n\n\n<p>O curador Marcello Dantas conta que&nbsp;Eva Jospin \u00e9 conhecida por seu meticuloso trabalho de criar, com as pr\u00f3prias m\u00e3os, ilus\u00f5es de um mundo imagin\u00e1rio \u2014 arquiteturas silenciosas e espa\u00e7os naturais abundantes, que nascem do gesto paciente e obsessivo de devolver \u00e0 mat\u00e9ria um sentido de origem.<\/p>\n\n\n\n<p>\u201cA floresta, para Jospin, \u00e9 mais que uma representa\u00e7\u00e3o da natureza. \u00c9 um lugar simb\u00f3lico, onde o mist\u00e9rio, o inesperado e a transforma\u00e7\u00e3o acontecem\u201d, diz Dantas. \u201cComo nos contos antigos, suas florestas s\u00e3o territ\u00f3rios onde nos perdemos para nos reencontrar\u201d.<\/p>\n\n\n\n<p>Em \u201cRe-Selvagem\u201d, o visitante atravessa trilhas de papel e sombra, entra em universos de&nbsp;folhagens esculpidas, experimentando uma esp\u00e9cie de rito \u00edntimo. As formas evocam mem\u00f3rias esquecidas, despertam imagens do inconsciente coletivo e provocam sil\u00eancio.<\/p>\n\n\n\n<p><strong>ARTISTA&nbsp;<\/strong>\u2013&nbsp;Eva Jospin nasceu em Paris (1975), onde formou-se na \u00c9cole Nationale Sup\u00e9rieure des Beaux-Arts. Nos \u00faltimos 15 anos, vem criando florestas meticulosas e paisagens arquitet\u00f4nicas, que explora por meio de diversas m\u00eddias. Desenhadas a tinta ou bordadas, esculpidas em papel\u00e3o ou em bronze, suas obras evocam jardins barrocos italianos, decora\u00e7\u00f5es rocaille do s\u00e9culo XVIII e grutas artificiais. Foi residente na Villa Medici, em Roma, em 2017, e eleita para a se\u00e7\u00e3o de Escultura da Academia de Belas Artes em 2024.<\/p>\n\n\n\n<p>Entre suas exposi\u00e7\u00f5es internacionais, destacam-se: \u201cInside\u201d, no Palais de Tokyo, em Paris (2014); \u201cSous-Bois\u201d, no Palazzo dei Diamanti, em Ferrara (2018); \u201cEva Jospin &#8211; Wald(t)r\u00e4ume\u201d, no Museum Pfalzgalerie, em Kaiserslautern (2019); \u201cAmong the Trees\u201d, na Hayward Gallery, em Londres (2020); \u201cPaper Tales\u201d, no Het Noordbrabants Museum, em Den Bosch (2021); \u201cGalleria\u201d, no Mus\u00e9e de la Chasse and Nature, em Paris (2021); \u201cPanorama\u201d, na Fondation Thalie, em Bruxelas (2023); e \u201cPalazzo\u201d, no Palais des Papes, em Avignon (2023).<\/p>\n\n\n\n<p>Em 2024, apresentou duas novas exposi\u00e7\u00f5es individuais: \u201cSelva\u201d, no Museo Fortuny, em Veneza, durante a 60\u00aa Bienal de Veneza, e \u201cEva Jospin &#8211; Versailles\u201d na Orangerie do Castelo de Versalhes. Tamb\u00e9m desenvolveu diversas instala\u00e7\u00f5es de grande porte como parte de encomendas especiais, incluindo \u201cPanorama\u201d (2016), no centro do Cour Carr\u00e9e do Louvre, e \u201cC\u00e9notaphe\u201d (2020), na Abadia de Montmajour. Al\u00e9m disso, criou uma s\u00e9rie de pain\u00e9is bordados para o desfile Dior Haute Couture 2021-2022 (Chambre de Soie, 2021).<\/p>\n\n\n\n<p><br><strong>CURADOR&nbsp;<\/strong>\u2013&nbsp;Marcello Dantas \u00e9 um renomado curador, diretor art\u00edstico e produtor brasileiro, reconhecido por sua abordagem interdisciplinar que integra arte, tecnologia e experi\u00eancias sensoriais imersivas. Nascido no Rio de Janeiro em 1968, Dantas possui uma forma\u00e7\u00e3o acad\u00eamica diversificada: estudou Rela\u00e7\u00f5es Internacionais e Diplomacia em Bras\u00edlia, Hist\u00f3ria da Arte e Teoria do Cinema em Floren\u00e7a, e graduou-se em Cinema e Televis\u00e3o pela New York University, onde tamb\u00e9m realizou p\u00f3s-gradua\u00e7\u00e3o em Telecomunica\u00e7\u00f5es Interativas.&nbsp;&nbsp;<\/p>\n\n\n\n<p>Ao longo de sua carreira, Marcello Dantas foi respons\u00e1vel pela concep\u00e7\u00e3o e dire\u00e7\u00e3o art\u00edstica de diversos museus e pavilh\u00f5es, tanto no Brasil quanto no exterior. Tamb\u00e9m \u00e9 conhecido por curar exposi\u00e7\u00f5es de grande impacto, que atraem vasto p\u00fablico e cr\u00edtica especializada. Entre elas \u201cAi Weiwei: Raiz\u201d, do artista chin\u00eas Ai WeiWei, e \u201cInvis\u00edvel e Indiz\u00edvel\u201d, do artista espanhol Jaume Plensa, ambas no Museu Oscar Niemeyer.&nbsp;&nbsp;&nbsp;&nbsp;&nbsp;<\/p>\n\n\n\n<p><strong>SOBRE O MON&nbsp;<\/strong>\u2013<strong>&nbsp;<\/strong>O Museu Oscar Niemeyer (MON) \u00e9 patrim\u00f4nio estatal vinculado \u00e0 Secretaria de Estado da Cultura. A institui\u00e7\u00e3o abriga referenciais importantes da produ\u00e7\u00e3o art\u00edstica nacional e internacional nas \u00e1reas de artes visuais, arquitetura e design, al\u00e9m de grandiosas cole\u00e7\u00f5es asi\u00e1tica e africana. No total, o acervo conta com aproximadamente 14 mil obras de arte, abrigadas em um espa\u00e7o superior a 35 mil metros quadrados de \u00e1rea constru\u00edda, o que torna o MON o maior museu de arte da Am\u00e9rica Latina.<\/p>\n\n\n\n<p><strong>Servi\u00e7o:<\/strong><\/p>\n\n\n\n<p>\u201cRe-Selvagem\u201d&nbsp;\u2013 Eva Jospin<\/p>\n\n\n\n<p>Abertura: 5 de junho, 19h<\/p>\n\n\n\n<p>Espa\u00e7os: Olho e Espa\u00e7os Arauc\u00e1ria 1 e 2<\/p>\n\n\n\n<p>Museu Oscar Niemeyer<\/p>\n\n\n\n<p><a href=\"https:\/\/www.museuoscarniemeyer.org.br\/\" target=\"_blank\" rel=\"noreferrer noopener\">www.museuoscarniemeyer.org.br<\/a><\/p>\n\n\n\n<p>AEN\/PR<\/p>\n","protected":false},"excerpt":{"rendered":"<p>\u201cRe-Selvagem\u201d, da artista francesa Eva Jospin, \u00e9 a pr\u00f3xima exposi\u00e7\u00e3o internacional realizada pelo Museu Oscar Niemeyer (MON) e a primeira mostra da artista no Brasil. Com curadoria de Marcello Dantas, a inaugura\u00e7\u00e3o ser\u00e1 no dia 5 de junho, \u00e0s 19h, no Olho e Espa\u00e7os Arauc\u00e1ria. A exposi\u00e7\u00e3o reunir\u00e1 nove obras de grandes dimens\u00f5es, entre elas [&hellip;]<\/p>\n","protected":false},"author":2,"featured_media":67712,"comment_status":"open","ping_status":"open","sticky":false,"template":"","format":"standard","meta":{"advanced_seo_description":"","jetpack_seo_html_title":"","jetpack_seo_noindex":false,"_jetpack_memberships_contains_paid_content":false,"footnotes":""},"categories":[1],"tags":[],"class_list":{"0":"post-67711","1":"post","2":"type-post","3":"status-publish","4":"format-standard","5":"has-post-thumbnail","7":"category-sem-categoria"},"jetpack_featured_media_url":"https:\/\/www.paranapraia.com.br\/wp-content\/uploads\/2025\/05\/exposicao_eva_jospin_-_foto_benoit_fougeirol_1-scaled.jpg","jetpack_sharing_enabled":true,"_links":{"self":[{"href":"https:\/\/www.paranapraia.com.br\/index.php\/wp-json\/wp\/v2\/posts\/67711"}],"collection":[{"href":"https:\/\/www.paranapraia.com.br\/index.php\/wp-json\/wp\/v2\/posts"}],"about":[{"href":"https:\/\/www.paranapraia.com.br\/index.php\/wp-json\/wp\/v2\/types\/post"}],"author":[{"embeddable":true,"href":"https:\/\/www.paranapraia.com.br\/index.php\/wp-json\/wp\/v2\/users\/2"}],"replies":[{"embeddable":true,"href":"https:\/\/www.paranapraia.com.br\/index.php\/wp-json\/wp\/v2\/comments?post=67711"}],"version-history":[{"count":1,"href":"https:\/\/www.paranapraia.com.br\/index.php\/wp-json\/wp\/v2\/posts\/67711\/revisions"}],"predecessor-version":[{"id":67713,"href":"https:\/\/www.paranapraia.com.br\/index.php\/wp-json\/wp\/v2\/posts\/67711\/revisions\/67713"}],"wp:featuredmedia":[{"embeddable":true,"href":"https:\/\/www.paranapraia.com.br\/index.php\/wp-json\/wp\/v2\/media\/67712"}],"wp:attachment":[{"href":"https:\/\/www.paranapraia.com.br\/index.php\/wp-json\/wp\/v2\/media?parent=67711"}],"wp:term":[{"taxonomy":"category","embeddable":true,"href":"https:\/\/www.paranapraia.com.br\/index.php\/wp-json\/wp\/v2\/categories?post=67711"},{"taxonomy":"post_tag","embeddable":true,"href":"https:\/\/www.paranapraia.com.br\/index.php\/wp-json\/wp\/v2\/tags?post=67711"}],"curies":[{"name":"wp","href":"https:\/\/api.w.org\/{rel}","templated":true}]}}