{"id":6769,"date":"2019-04-16T14:55:03","date_gmt":"2019-04-16T17:55:03","guid":{"rendered":"https:\/\/www.paranapraia.com.br\/?p=6769"},"modified":"2019-04-16T14:55:05","modified_gmt":"2019-04-16T17:55:05","slug":"incendio-em-notre-dame-o-que-se-sabe-sobre-a-tragedia-que-consumiu-catedral-em-paris","status":"publish","type":"post","link":"https:\/\/www.paranapraia.com.br\/index.php\/2019\/04\/16\/incendio-em-notre-dame-o-que-se-sabe-sobre-a-tragedia-que-consumiu-catedral-em-paris\/","title":{"rendered":"Inc\u00eandio em Notre-Dame: o que se sabe sobre a trag\u00e9dia que consumiu catedral em Paris"},"content":{"rendered":"\n<p>As chamas que atingiram a catedral de Notre-Dame, em Paris, por volta de 18h50 desta segunda-feira (hor\u00e1rio local), geraram nove horas de trabalho para controle do fogo, mobiliza\u00e7\u00e3o de mais de 500 bombeiros e l\u00e1grimas, ora\u00e7\u00f5es e cantos de pessoas em todo o mundo.<\/p>\n\n\n\n<p>Agora que o inc\u00eandio est\u00e1 controlado \u2013 os bombeiros continuam no local e est\u00e3o avaliando os danos \u00e0 estrutura \u2013, autoridades e representantes da sociedade civil come\u00e7am a fazer um balan\u00e7o da trag\u00e9dia.<\/p>\n\n\n\n<p> Segundo o jornal franc\u00eas Le Monde, n\u00e3o h\u00e1 registro de mortes decorrentes do inc\u00eandio, mas dois policiais e um bombeiro envolvidos na opera\u00e7\u00e3o ficaram feridos. <\/p>\n\n\n\n<p> Jean-Claude Gallet, comandante dos bombeiros de Paris, afirmou \u00e0 imprensa que, gra\u00e7as ao trabalho da corpora\u00e7\u00e3o, a estrutura principal do monumento g\u00f3tico de 850 anos, incluindo as duas torres, est\u00e1 &#8220;a salvo e preservada em sua totalidade&#8221;. <\/p>\n\n\n\n<p>No entanto, sabe-se que a agulha principal, em espiral, e a c\u00fapula da igreja colapsaram.<\/p>\n\n\n\n<p>Ainda n\u00e3o h\u00e1 not\u00edcias sobre o estado de alguns itens internos como vitrais e obras de arte \u2013 mas, segundo o reitor da catedral, Patrick Jacquin, duas das principais rel\u00edquias do monumento n\u00e3o foram danificadas: a Coroa de Espinhos e a t\u00fanica de S\u00e3o Lu\u00eds.<\/p>\n\n\n\n<figure class=\"wp-block-image\"><img decoding=\"async\" src=\"https:\/\/ichef.bbci.co.uk\/news\/624\/cpsprodpb\/A02E\/production\/_106460014_notre-dame.png\" alt=\"Infogr\u00e1fico do inc\u00eandio\"\/><\/figure>\n\n\n\n<figure class=\"wp-block-image\"><img decoding=\"async\" src=\"https:\/\/ichef.bbci.co.uk\/news\/624\/cpsprodpb\/0DBD\/production\/_106471530_1notre_dame_interior1_inf640_portuguese-nc.png\" alt=\"Infogr\u00e1fico do interior da capital\"\/><\/figure>\n\n\n\n<p>Discursando no entorno da Notre-Dame, o presidente franc\u00eas, Emmanuel Macron, agradeceu ao trabalho dos bombeiros e anunciou o lan\u00e7amento de uma campanha nacional para reconstruir as partes da catedral danificadas.<\/p>\n\n\n\n<p>&#8220;A Notre-Dame de Paris \u00e9 nossa hist\u00f3ria, nossa literatura. \u00c9 o epicentro de nossa vida&#8221;, disse Macron.<\/p>\n\n\n\n<p>&#8220;Trata-se da catedral de todos os franceses, mesmo daqueles que nunca vieram aqui&#8221;.<\/p>\n\n\n\n<figure class=\"wp-block-image\"><img decoding=\"async\" src=\"https:\/\/ichef.bbci.co.uk\/news\/624\/cpsprodpb\/11D60\/production\/_106465037_hi053453928.jpg\" alt=\"Macron perto de microfones e rodeado por assessores e membros da Igreja Cat\u00f3lica nos arredores da Notre-Dame, durante noite\"\/><figcaption>Image caption&#8217;\u00c9 o epicentro de nossa vida&#8217;, disse Macron sobre o significado da catedral para os franceses<\/figcaption><\/figure>\n\n\n\n<h2 class=\"wp-block-heading\">Estrutura em restaura\u00e7\u00e3o<\/h2>\n\n\n\n<p>Ainda n\u00e3o h\u00e1 confirma\u00e7\u00e3o sobre as causas do acidente, mas a pol\u00edcia de Paris afirmou que o fogo pode estar ligado aos trabalhos de restaura\u00e7\u00e3o da catedral.<\/p>\n\n\n\n<p>O pr\u00e9dio estava sendo restaurado desde o ano passado, quando a Igreja Cat\u00f3lica da Fran\u00e7a fez um apelo por financiamento para salvar a estrutura, que estava com diversos problemas.<\/p>\n\n\n\n<p>Com mais de 850 anos, a igreja de estilo g\u00f3tico \u00e9 o monumento hist\u00f3rico mais visitado da Europa, segundo o Le Monde.<\/p>\n\n\n\n<figure class=\"wp-block-image\"><img decoding=\"async\" src=\"https:\/\/ichef.bbci.co.uk\/news\/624\/cpsprodpb\/A830\/production\/_106465034_hi053454032.jpg\" alt=\"Nas margens do Rio Sena, pessoas observam inc\u00eandio da catedral do outro lado, durante entardecer\"\/><figcaption>Image captionA catedral \u00e9 visitada por milh\u00f5es de pessoas todos os anos<\/figcaption><\/figure>\n\n\n\n<p>Os bombeiros bloquearam um per\u00edmetro de seguran\u00e7a ao redor do local e os pr\u00e9dios em volta foram evacuados.<\/p>\n\n\n\n<p>Fora do per\u00edmetro de seguran\u00e7a, milhares de pessoas observavam a trag\u00e9dia. Algumas choravam, outras cantavam hinos e muitas filmavam o desastre com seus celulares.<\/p>\n\n\n\n<p>A fuma\u00e7a gerada pelo inc\u00eandio ultrapassou o entorno da catedral e se espalhou pela capital francesa.<\/p>\n\n\n\n<figure class=\"wp-block-image\"><img decoding=\"async\" src=\"https:\/\/ichef.bbci.co.uk\/news\/624\/cpsprodpb\/B992\/production\/_106460574_notrea.jpg\" alt=\"Catedral de Notre-Dame tomada pelo fogo\"\/><figcaption>Image captionFogo consumiu completamente a estrutura de madeira da catedral; obras de restaura\u00e7\u00e3o estavam em andamento desde o ano passado<\/figcaption><\/figure>\n\n\n\n<h2 class=\"wp-block-heading\"><strong>INTERACTIVE<\/strong>Notre-Dame cathedral fire<\/h2>\n\n\n\n<h3 class=\"wp-block-heading\">After<\/h3>\n\n\n\n<figure class=\"wp-block-image\"><img decoding=\"async\" src=\"https:\/\/news.files.bbci.co.uk\/vj\/live\/idt-images\/image-slider-notre-dame\/nd_after_a6sj0.jpg\" alt=\"Image of Notre Dame with the tower missing\"\/><\/figure>\n\n\n\n<h3 class=\"wp-block-heading\">Before<\/h3>\n\n\n\n<figure class=\"wp-block-image\"><img decoding=\"async\" src=\"https:\/\/news.files.bbci.co.uk\/vj\/live\/idt-images\/image-slider-notre-dame\/nd_before_zsypb.jpg\" alt=\"Image of Notre Dame with the tower on fire\"\/><\/figure>\n\n\n\n<p>A Defesa Civil do pa\u00eds disse em que n\u00e3o poderia usar avi\u00f5es para combater o inc\u00eandio porque jogar \u00e1gua com aeronaves poderia &#8220;resultar no colapso total da estrutura.&#8221;<\/p>\n\n\n\n<p>&#8220;O peso da \u00e1gua e a intensidade do despejo de uma altitude baixa poderia fragilizar a estrutura da Notre-Dame e causar danos colaterais aos im\u00f3veis vizinhos&#8221;, disse o \u00f3rg\u00e3o.<\/p>\n\n\n\n<p>A afirma\u00e7\u00e3o foi feita depois do presidente dos Estados Unidos, Donald Trump, dizer no Twitter que era &#8220;preciso agir r\u00e1pido&#8221; e sugerir &#8220;tanques de \u00e1gua a\u00e9reos&#8221; para apagar o inc\u00eandio.<\/p>\n\n\n\n<figure class=\"wp-block-image\"><img decoding=\"async\" src=\"https:\/\/ichef.bbci.co.uk\/news\/485\/socialembed\/https:\/\/twitter.com\/realDonaldTrump\/status\/1117844987293487104~\/portuguese\/internacional-47939068\" alt=\"Twitter post de @realDonaldTrump: So horrible to watch the massive fire at Notre Dame Cathedral in Paris. Perhaps flying water tankers could be used to put it out. Must act quickly!\"\/><\/figure>\n\n\n\n<p>BBC<\/p>\n","protected":false},"excerpt":{"rendered":"<p>As chamas que atingiram a catedral de Notre-Dame, em Paris, por volta de 18h50 desta segunda-feira (hor\u00e1rio local), geraram nove horas de trabalho para controle do fogo, mobiliza\u00e7\u00e3o de mais de 500 bombeiros e l\u00e1grimas, ora\u00e7\u00f5es e cantos de pessoas em todo o mundo. Agora que o inc\u00eandio est\u00e1 controlado \u2013 os bombeiros continuam no [&hellip;]<\/p>\n","protected":false},"author":2,"featured_media":6770,"comment_status":"open","ping_status":"open","sticky":false,"template":"","format":"standard","meta":{"advanced_seo_description":"","jetpack_seo_html_title":"","jetpack_seo_noindex":false,"_jetpack_memberships_contains_paid_content":false,"footnotes":""},"categories":[40],"tags":[],"class_list":{"0":"post-6769","1":"post","2":"type-post","3":"status-publish","4":"format-standard","5":"has-post-thumbnail","7":"category-destaques"},"jetpack_featured_media_url":"https:\/\/www.paranapraia.com.br\/wp-content\/uploads\/2019\/04\/cvc.jpg","jetpack_sharing_enabled":true,"_links":{"self":[{"href":"https:\/\/www.paranapraia.com.br\/index.php\/wp-json\/wp\/v2\/posts\/6769"}],"collection":[{"href":"https:\/\/www.paranapraia.com.br\/index.php\/wp-json\/wp\/v2\/posts"}],"about":[{"href":"https:\/\/www.paranapraia.com.br\/index.php\/wp-json\/wp\/v2\/types\/post"}],"author":[{"embeddable":true,"href":"https:\/\/www.paranapraia.com.br\/index.php\/wp-json\/wp\/v2\/users\/2"}],"replies":[{"embeddable":true,"href":"https:\/\/www.paranapraia.com.br\/index.php\/wp-json\/wp\/v2\/comments?post=6769"}],"version-history":[{"count":1,"href":"https:\/\/www.paranapraia.com.br\/index.php\/wp-json\/wp\/v2\/posts\/6769\/revisions"}],"predecessor-version":[{"id":6771,"href":"https:\/\/www.paranapraia.com.br\/index.php\/wp-json\/wp\/v2\/posts\/6769\/revisions\/6771"}],"wp:featuredmedia":[{"embeddable":true,"href":"https:\/\/www.paranapraia.com.br\/index.php\/wp-json\/wp\/v2\/media\/6770"}],"wp:attachment":[{"href":"https:\/\/www.paranapraia.com.br\/index.php\/wp-json\/wp\/v2\/media?parent=6769"}],"wp:term":[{"taxonomy":"category","embeddable":true,"href":"https:\/\/www.paranapraia.com.br\/index.php\/wp-json\/wp\/v2\/categories?post=6769"},{"taxonomy":"post_tag","embeddable":true,"href":"https:\/\/www.paranapraia.com.br\/index.php\/wp-json\/wp\/v2\/tags?post=6769"}],"curies":[{"name":"wp","href":"https:\/\/api.w.org\/{rel}","templated":true}]}}