{"id":67635,"date":"2025-05-29T11:29:22","date_gmt":"2025-05-29T14:29:22","guid":{"rendered":"https:\/\/www.paranapraia.com.br\/?p=67635"},"modified":"2025-05-29T11:29:57","modified_gmt":"2025-05-29T14:29:57","slug":"apos-recordes-de-frio-em-todo-o-parana-na-quinta-termometros-vao-cair-ainda-mais","status":"publish","type":"post","link":"https:\/\/www.paranapraia.com.br\/index.php\/2025\/05\/29\/apos-recordes-de-frio-em-todo-o-parana-na-quinta-termometros-vao-cair-ainda-mais\/","title":{"rendered":"Ap\u00f3s recordes de frio em todo o Paran\u00e1 na quinta, term\u00f4metros v\u00e3o cair ainda mais"},"content":{"rendered":"\n<p>A quinta-feira (29) come\u00e7ou gelada no Paran\u00e1, com temperaturas abaixo de 10\u00b0C na maioria dos munic\u00edpios. Todas as esta\u00e7\u00f5es meteorol\u00f3gicas do Sistema de Tecnologia e Monitoramento Ambiental do Paran\u00e1 (Simepar) registraram entre esta madrugada e manh\u00e3 as menores temperaturas de 2025 at\u00e9 o momento. A mais baixa de todas foi no distrito de Horizonte, em Palmas, que registrou 0,6\u02daC as 4h.<\/p>\n\n\n\n<p>Por conta do vento, que passou de 40km\/h em algumas regi\u00f5es, a sensa\u00e7\u00e3o t\u00e9rmica \u00e9 ainda mais baixa. No distrito de Horizonte, em Palmas, chegou a -7\u00b0C. No Centro de Palmas a sensa\u00e7\u00e3o t\u00e9rmica foi de -4,1\u00b0C. No distrito de Entre Rios, em Guarapuava, a sensa\u00e7\u00e3o t\u00e9rmica foi de -4,2\u00b0C. Em Cascavel foi de -3,8\u00b0C e em Guarapuava -3,4\u00b0C.&nbsp;<\/p>\n\n\n\n<p>O frio deve continuar nesta quinta. \u201cO sol predomina ao longo do dia com varia\u00e7\u00e3o de nuvens e os ventos que sopram do quadrante sul acentuam a sensa\u00e7\u00e3o de frio. As temperaturas m\u00e1ximas ficam abaixo dos 20\u00b0C na maioria dos munic\u00edpios, com exce\u00e7\u00e3o do Litoral\u201d, explica Leonardo Furlan, meteorologista do Simepar.<\/p>\n\n\n\n<p>Chuva congelada ou flocos isolados de neve n\u00e3o s\u00e3o descartados at\u00e9 o in\u00edcio da tarde no extremo Sul, pr\u00f3ximo a Clevel\u00e2ndia, Palmas e General Carneiro. Flocos de neve s\u00e3o conjuntos de cristais de gelo que se agregam uns aos outros \u00e0 medida que caem em dire\u00e7\u00e3o ao solo. \u201cA precipita\u00e7\u00e3o continua a cair como neve quando a temperatura permanece igual ou inferior a 0\u00b0C, da base da nuvem ao solo\u201d explica Reinaldo Kneib, meteorologista do Simepar.<\/p>\n\n\n\n<p>J\u00e1 a chuva congelada ocorre quando os flocos de neve n\u00e3o derretem por completo ao cair atrav\u00e9s de uma camada rasa de ar quente. \u201cEssas gotas congelam novamente quando passam por uma camada profunda de ar congelante acima da superf\u00edcie e atingem o solo como gotas de chuva congeladas que ricocheteiam com o impacto\u201d, detalha Kneib.<\/p>\n\n\n\n<p><strong>FIM DE SEMANA &#8211;<\/strong>&nbsp;O frio ficar\u00e1 mais intenso na sexta-feira (30). Temperaturas m\u00ednimas negativas ser\u00e3o registradas no Centro-Sul e Sudeste. Nestas regi\u00f5es, bem como nos Campos Gerais, h\u00e1 previs\u00e3o de geada moderada. As m\u00e1ximas seguem pr\u00f3ximas a 20\u00b0C com predom\u00ednio de sol.<\/p>\n\n\n\n<p>No s\u00e1bado (31)as temperaturas ficam ao redor de 0\u00b0C no Centro Sul e Sudeste do Paran\u00e1, e possibilidade de geada fraca. As temperaturas m\u00e1ximas se elevam no domingo (1.\u00ba), ficando ao redor dos 25\u00b0C nas faixas Norte e Oeste do estado.<\/p>\n\n\n\n<p><strong>SIMEPAR&nbsp;<\/strong>&#8211; Com uma estrutura de 120 esta\u00e7\u00f5es meteorol\u00f3gicas telem\u00e9tricas autom\u00e1ticas, tr\u00eas radares meteorol\u00f3gicos e cinco sensores de descargas meteorol\u00f3gicas, o Simepar \u00e9 respons\u00e1vel por fornecer dados meteorol\u00f3gicos para \u00f3rg\u00e3os como a Coordenadoria da Defesa Civil e a Secretaria do Desenvolvimento Sustent\u00e1vel, de modo a facilitar a\u00e7\u00f5es de resposta a situa\u00e7\u00f5es extremas. S\u00e3o monitoradas desde situa\u00e7\u00f5es causadas por chuvas extremas, como enxurradas, deslizamentos e alagamentos, at\u00e9 situa\u00e7\u00f5es como inc\u00eandios e secas.<\/p>\n\n\n\n<p>Dados mais detalhados da previs\u00e3o do tempo para os 399 munic\u00edpios paranaenses est\u00e3o dispon\u00edveis no<a href=\"https:\/\/www.simepar.br\/\" target=\"_blank\" rel=\"noreferrer noopener\">&nbsp;site www.simepar.br<\/a>. A previs\u00e3o tem duas atualiza\u00e7\u00f5es di\u00e1rias. Para cada cidade \u00e9 poss\u00edvel saber o quanto deve chover, temperaturas m\u00ednimas e m\u00e1ximas previstas, umidade relativa do ar e vento, com detalhamento por hora para a data e o dia seguinte.<\/p>\n\n\n\n<p>Como o sistema atmosf\u00e9rico tem altera\u00e7\u00f5es constantes, a previs\u00e3o indicada no site pode sofrer altera\u00e7\u00f5es. Por este motivo, \u00e9 recomend\u00e1vel acompanhar a palavra do meteorologista, que est\u00e1 na p\u00e1gina inicial do site do Simepar, e os boletins emitidos diariamente pela equipe de meteorologistas e divulgados nas redes sociais e no canal de WhatsApp do Simepar. Os meteorologistas contextualizam os dados e explicam as altera\u00e7\u00f5es atmosf\u00e9ricas em todas as regi\u00f5es do Paran\u00e1.<\/p>\n\n\n\n<p><strong>Cidades que tiveram sensa\u00e7\u00e3o t\u00e9rmica (\u00edndice de frio) negativa nesta quinta:<\/strong><\/p>\n\n\n\n<p>&#8211; Apucarana: -0,3\u00b0C<\/p>\n\n\n\n<p>&#8211; Assis Chateaubriand: 0\u00b0C<\/p>\n\n\n\n<p>&#8211; Campo Mour\u00e3o: 0\u00b0C<\/p>\n\n\n\n<p>&#8211; Cascavel: -3,8\u00b0C<\/p>\n\n\n\n<p>&#8211; Guarapuava (Distrito de Entre Rios): -4,2\u00b0C<\/p>\n\n\n\n<p>&#8211; Fazenda Rio Grande: -0,9\u00b0C<\/p>\n\n\n\n<p>&#8211; Guarapuava: -3,4\u00b0C<\/p>\n\n\n\n<p>&#8211; Lapa: -0,6\u00b0C<\/p>\n\n\n\n<p>&#8211; Laranjeiras do Sul: -3,3\u00b0C<\/p>\n\n\n\n<p>&#8211; Palmas (Centro): -4,1\u00b0C<\/p>\n\n\n\n<p>&#8211; Palmas (Horizonte): -7\u00b0C<\/p>\n\n\n\n<p>&#8211; Palmital: -3,6\u00b0C<\/p>\n\n\n\n<p>&#8211; Pinh\u00e3o: -1,2\u00b0C<\/p>\n\n\n\n<p>&#8211; Toledo: 0\u00b0C<\/p>\n\n\n\n<p>&#8211; Ubirat\u00e3: -0,8\u00b0C<\/p>\n\n\n\n<p><strong>Cidades com menores temperaturas m\u00ednimas:<\/strong><\/p>\n\n\n\n<p>1. Palmas: 0,6\u00ba<\/p>\n\n\n\n<p>2. Guarapuava: 1,6\u00ba<\/p>\n\n\n\n<p>3. Santa Maria do Oeste: 2,6\u00ba<\/p>\n\n\n\n<p>4. Cascavel: 2,9\u00ba<\/p>\n\n\n\n<p>5. Laranjeiras do Sul: 2,9\u00ba<\/p>\n\n\n\n<p>6. Ventania: 3,1\u00ba<\/p>\n\n\n\n<p>7. Apucarana: 3,2\u00ba<\/p>\n\n\n\n<p>8. Irati: 3,4\u00ba<\/p>\n\n\n\n<p>9. General Carneiro: 3,5\u00ba<\/p>\n\n\n\n<p>10. Pinh\u00e3o: 3,6\u00ba<\/p>\n\n\n\n<p>11. Jaguaria\u00edva: 3,7\u00ba<\/p>\n\n\n\n<p>12. Japira: 3,9\u00ba<\/p>\n\n\n\n<p>13. Pato Branco: 4,0\u00ba<\/p>\n\n\n\n<p>14. Foz do Igua\u00e7u: 4,1\u00ba<\/p>\n\n\n\n<p>15. Assis Chateaubriand: 4,1\u00ba<\/p>\n\n\n\n<p>AEN\/PR<\/p>\n","protected":false},"excerpt":{"rendered":"<p>A quinta-feira (29) come\u00e7ou gelada no Paran\u00e1, com temperaturas abaixo de 10\u00b0C na maioria dos munic\u00edpios. Todas as esta\u00e7\u00f5es meteorol\u00f3gicas do Sistema de Tecnologia e Monitoramento Ambiental do Paran\u00e1 (Simepar) registraram entre esta madrugada e manh\u00e3 as menores temperaturas de 2025 at\u00e9 o momento. A mais baixa de todas foi no distrito de Horizonte, em [&hellip;]<\/p>\n","protected":false},"author":2,"featured_media":67636,"comment_status":"open","ping_status":"open","sticky":false,"template":"","format":"standard","meta":{"advanced_seo_description":"","jetpack_seo_html_title":"","jetpack_seo_noindex":false,"_jetpack_memberships_contains_paid_content":false,"footnotes":""},"categories":[84,1],"tags":[],"class_list":{"0":"post-67635","1":"post","2":"type-post","3":"status-publish","4":"format-standard","5":"has-post-thumbnail","7":"category-clima","8":"category-sem-categoria"},"jetpack_featured_media_url":"https:\/\/www.paranapraia.com.br\/wp-content\/uploads\/2025\/05\/gelo15-1-scaled.jpg","jetpack_sharing_enabled":true,"_links":{"self":[{"href":"https:\/\/www.paranapraia.com.br\/index.php\/wp-json\/wp\/v2\/posts\/67635"}],"collection":[{"href":"https:\/\/www.paranapraia.com.br\/index.php\/wp-json\/wp\/v2\/posts"}],"about":[{"href":"https:\/\/www.paranapraia.com.br\/index.php\/wp-json\/wp\/v2\/types\/post"}],"author":[{"embeddable":true,"href":"https:\/\/www.paranapraia.com.br\/index.php\/wp-json\/wp\/v2\/users\/2"}],"replies":[{"embeddable":true,"href":"https:\/\/www.paranapraia.com.br\/index.php\/wp-json\/wp\/v2\/comments?post=67635"}],"version-history":[{"count":1,"href":"https:\/\/www.paranapraia.com.br\/index.php\/wp-json\/wp\/v2\/posts\/67635\/revisions"}],"predecessor-version":[{"id":67637,"href":"https:\/\/www.paranapraia.com.br\/index.php\/wp-json\/wp\/v2\/posts\/67635\/revisions\/67637"}],"wp:featuredmedia":[{"embeddable":true,"href":"https:\/\/www.paranapraia.com.br\/index.php\/wp-json\/wp\/v2\/media\/67636"}],"wp:attachment":[{"href":"https:\/\/www.paranapraia.com.br\/index.php\/wp-json\/wp\/v2\/media?parent=67635"}],"wp:term":[{"taxonomy":"category","embeddable":true,"href":"https:\/\/www.paranapraia.com.br\/index.php\/wp-json\/wp\/v2\/categories?post=67635"},{"taxonomy":"post_tag","embeddable":true,"href":"https:\/\/www.paranapraia.com.br\/index.php\/wp-json\/wp\/v2\/tags?post=67635"}],"curies":[{"name":"wp","href":"https:\/\/api.w.org\/{rel}","templated":true}]}}