{"id":67623,"date":"2025-05-29T08:37:23","date_gmt":"2025-05-29T11:37:23","guid":{"rendered":"https:\/\/www.paranapraia.com.br\/?p=67623"},"modified":"2025-05-29T08:37:25","modified_gmt":"2025-05-29T11:37:25","slug":"sanepar-recebe-comenda-do-instituto-afro-indigena-por-acoes-de-promocao-da-igualdade-racial","status":"publish","type":"post","link":"https:\/\/www.paranapraia.com.br\/index.php\/2025\/05\/29\/sanepar-recebe-comenda-do-instituto-afro-indigena-por-acoes-de-promocao-da-igualdade-racial\/","title":{"rendered":"Sanepar recebe comenda do Instituto Afro-Ind\u00edgena por a\u00e7\u00f5es de promo\u00e7\u00e3o da igualdade racial"},"content":{"rendered":"\n<p>A Companhia Paranaense de Saneamento (Sanepar) foi reconhecida, entre 50 personalidades do Sul do Brasil, na categoria empresarial, com a Comenda Do Fil\u00f3. O t\u00edtulo \u00e9 atribu\u00eddo em ao reconhecimento das a\u00e7\u00f5es afirmativas, pol\u00edticas inclusivas e de equidade, e na promo\u00e7\u00e3o da igualdade racial desenvolvida pela empresa.<\/p>\n\n\n\n<p>A Comenda foi entregue nesta quarta-feira (28) ao diretor-presidente da empresa, Wilson Bley, pelo idealizador do Instituto Afro-Ind\u00edgena, Alexandre C\u00e9zar. A entidade visa fomentar o empreendedorismo, sensibiliza\u00e7\u00e3o escolar, est\u00e1gios, orienta\u00e7\u00e3o jur\u00eddica, entre outras atividades sociais e culturais para comunidades afros e ind\u00edgenas.<\/p>\n\n\n\n<p>\u201cA Sanepar busca promover um ambiente mais equitativo e representativo, garantindo oportunidades para todos os grupos sociais e dessa forma, a empresa tem implementado iniciativas como a valoriza\u00e7\u00e3o de profissionais negros e pardos, al\u00e9m de a\u00e7\u00f5es para ampliar a representatividade desse grupo dentro da companhia. Um exemplo \u00e9 o concurso p\u00fablico, que incluiu cotas para candidatos negros e pardos, visando aumentar a diversidade no quadro de funcion\u00e1rios\u201d, exemplificou Bley.<\/p>\n\n\n\n<p>Para Alexandre, a Sanepar se caracteriza como \u201cuma empresa de vanguarda no Pa\u00eds&#8221;. &#8220;Ela j\u00e1 discute e pratica a equidade no seu ambiente de trabalho, cumprindo de forma integral todos os Objetivos de Desenvolvimento Sustent\u00e1vel (ODS)\u201d, disse. O professor tamb\u00e9m levou a proposta de inserir cotas para negros no programa Jovem Aprendiz da Sanepar, uma vez que atua em parceria com o Minist\u00e9rio do Trabalho do Paran\u00e1.<\/p>\n\n\n\n<p><strong>HOMENAGEM\u00a0<\/strong>\u2013 A comenda leva o nome de Asfil\u00f3fio de Oliveira Filho, o Dom Fil\u00f3, refer\u00eancia hist\u00f3rica da cultura negra brasileira. Engenheiro civil, jornalista, produtor cultural, cine-documentarista e DJ, ele foi um dos principais articuladores do movimento Black Rio na d\u00e9cada de 1970, organizando bailes de soul e funk que se tornaram marcos da resist\u00eancia cultural negra em plena ditadura militar. Dom Fil\u00f3 tamb\u00e9m \u00e9 fundador da Cultne, o maior acervo audiovisual de cultura negra da Am\u00e9rica Latina.\u00a0<\/p>\n\n\n\n<p>AEN\/PR<\/p>\n","protected":false},"excerpt":{"rendered":"<p>A Companhia Paranaense de Saneamento (Sanepar) foi reconhecida, entre 50 personalidades do Sul do Brasil, na categoria empresarial, com a Comenda Do Fil\u00f3. O t\u00edtulo \u00e9 atribu\u00eddo em ao reconhecimento das a\u00e7\u00f5es afirmativas, pol\u00edticas inclusivas e de equidade, e na promo\u00e7\u00e3o da igualdade racial desenvolvida pela empresa. A Comenda foi entregue nesta quarta-feira (28) ao [&hellip;]<\/p>\n","protected":false},"author":2,"featured_media":67624,"comment_status":"open","ping_status":"open","sticky":false,"template":"","format":"standard","meta":{"advanced_seo_description":"","jetpack_seo_html_title":"","jetpack_seo_noindex":false,"_jetpack_memberships_contains_paid_content":false,"footnotes":""},"categories":[40],"tags":[],"class_list":{"0":"post-67623","1":"post","2":"type-post","3":"status-publish","4":"format-standard","5":"has-post-thumbnail","7":"category-destaques"},"jetpack_featured_media_url":"https:\/\/www.paranapraia.com.br\/wp-content\/uploads\/2025\/05\/comenda_filo_1-scaled.jpg","jetpack_sharing_enabled":true,"_links":{"self":[{"href":"https:\/\/www.paranapraia.com.br\/index.php\/wp-json\/wp\/v2\/posts\/67623"}],"collection":[{"href":"https:\/\/www.paranapraia.com.br\/index.php\/wp-json\/wp\/v2\/posts"}],"about":[{"href":"https:\/\/www.paranapraia.com.br\/index.php\/wp-json\/wp\/v2\/types\/post"}],"author":[{"embeddable":true,"href":"https:\/\/www.paranapraia.com.br\/index.php\/wp-json\/wp\/v2\/users\/2"}],"replies":[{"embeddable":true,"href":"https:\/\/www.paranapraia.com.br\/index.php\/wp-json\/wp\/v2\/comments?post=67623"}],"version-history":[{"count":1,"href":"https:\/\/www.paranapraia.com.br\/index.php\/wp-json\/wp\/v2\/posts\/67623\/revisions"}],"predecessor-version":[{"id":67625,"href":"https:\/\/www.paranapraia.com.br\/index.php\/wp-json\/wp\/v2\/posts\/67623\/revisions\/67625"}],"wp:featuredmedia":[{"embeddable":true,"href":"https:\/\/www.paranapraia.com.br\/index.php\/wp-json\/wp\/v2\/media\/67624"}],"wp:attachment":[{"href":"https:\/\/www.paranapraia.com.br\/index.php\/wp-json\/wp\/v2\/media?parent=67623"}],"wp:term":[{"taxonomy":"category","embeddable":true,"href":"https:\/\/www.paranapraia.com.br\/index.php\/wp-json\/wp\/v2\/categories?post=67623"},{"taxonomy":"post_tag","embeddable":true,"href":"https:\/\/www.paranapraia.com.br\/index.php\/wp-json\/wp\/v2\/tags?post=67623"}],"curies":[{"name":"wp","href":"https:\/\/api.w.org\/{rel}","templated":true}]}}