{"id":67619,"date":"2025-05-29T08:32:42","date_gmt":"2025-05-29T11:32:42","guid":{"rendered":"https:\/\/www.paranapraia.com.br\/?p=67619"},"modified":"2025-05-29T08:32:45","modified_gmt":"2025-05-29T11:32:45","slug":"osp-celebra-40-anos-com-casa-cheia-no-teatro-guaira-e-grandes-homenagens","status":"publish","type":"post","link":"https:\/\/www.paranapraia.com.br\/index.php\/2025\/05\/29\/osp-celebra-40-anos-com-casa-cheia-no-teatro-guaira-e-grandes-homenagens\/","title":{"rendered":"OSP celebra 40 anos com casa cheia no Teatro Gua\u00edra e grandes homenagens"},"content":{"rendered":"\n<p>A noite da \u00faltima quarta-feira (28) foi hist\u00f3rica no Centro Cultural Teatro Gua\u00edra, em Curitiba. Em comemora\u00e7\u00e3o aos 40 anos da Orquestra Sinf\u00f4nica do Paran\u00e1 (OSP), celebrados no dia 28 de maio, o palco do Guair\u00e3o recebeu, pela primeira vez, a grandiosa &#8220;Sinfonia n\u00ba 2&#8221; de Gustav Mahler \u2014 a c\u00e9lebre Sinfonia da Ressurrei\u00e7\u00e3o.<\/p>\n\n\n\n<p>Sob a reg\u00eancia do maestro Roberto Tibiri\u00e7\u00e1, diretor musical e regente titular da OSP, a apresenta\u00e7\u00e3o reuniu 116 m\u00fasicos \u2014 sendo 73 integrantes da orquestra e 43 convidados \u2014 al\u00e9m de um coro com 80 vozes, conduzido pelo maestro Alexandre Mousquer. As solistas Gabriella Pace (soprano) e Ana Lucia Benedetti (mezzo-soprano) emocionaram o p\u00fablico com interpreta\u00e7\u00f5es potentes e sens\u00edveis dos trechos mais dram\u00e1ticos da obra, que s\u00e3o versos de poema.<\/p>\n\n\n\n<p>A estreia marcou o in\u00edcio de tr\u00eas apresenta\u00e7\u00f5es comemorativas da obra, todas com ingressos esgotados. As pr\u00f3ximas apresenta\u00e7\u00f5es acontecem nesta quinta-feira (29), \u00e0s 20h30, e no domingo (1\u00ba), \u00e0s 10h30, prometendo mais momentos de celebra\u00e7\u00e3o \u00e0 m\u00fasica sinf\u00f4nica e \u00e0 trajet\u00f3ria da OSP.<\/p>\n\n\n\n<p>A estreia reuniu quase 3 mil pessoas, entre admiradores da orquestra, familiares dos m\u00fasicos, amantes da m\u00fasica erudita e autoridades. Estiveram presentes o governador em exerc\u00edcio do Paran\u00e1, Darci Piana; a diretora-geral da Secretaria de Estado da Cultura, Elietti de Souza Vilela; o presidente do Instituto de Apoio \u00e0 Orquestra Sinf\u00f4nica do Paran\u00e1 (IAOSP), Samuel Lago; e os diretores do Centro Cultural Teatro Gua\u00edra: Cleverson Cavalheiro (diretor-presidente), \u00c1ldice Lopes (diretor art\u00edstico) e Renan Mendes (diretor administrativo).<\/p>\n\n\n\n<p>Frequentador ass\u00edduo da OSP desde sua primeira apresenta\u00e7\u00e3o, em 1985, o governador em exerc\u00edcio destacou sua admira\u00e7\u00e3o pela orquestra. \u201cEu sou f\u00e3 desta orquestra h\u00e1 40 anos e tenho orgulho em dizer que temos a melhor orquestra sinf\u00f4nica deste pa\u00eds. Viva os 40 anos, que venham mais 40, mais 40 e mais 40. Viva a nossa Orquestra Sinf\u00f4nica do Paran\u00e1!\u201d, afirmou Piana em encontro com m\u00fasicos, maestro e equipe da OSP antes do concerto.<\/p>\n\n\n\n<p>A secret\u00e1ria estadual da Cultura, Luciana Casagrande Pereira, que cumpre agenda em Paris ao lado do governador Carlos Massa Ratinho Junior, ressaltou o papel da orquestra na democratiza\u00e7\u00e3o do acesso \u00e0 cultura. \u201cAo longo de quatro d\u00e9cadas, a OSP construiu uma trajet\u00f3ria de excel\u00eancia art\u00edstica, reafirmando a cultura como um direito de todos. Que esta celebra\u00e7\u00e3o inspire novas gera\u00e7\u00f5es e fortale\u00e7a o compromisso do Paran\u00e1 com a arte, a educa\u00e7\u00e3o e a cidadania\u201d, disse.<\/p>\n\n\n\n<p>O diretor-presidente do Centro Cultural Teatro Gua\u00edra, Cleverson Cavalheiro, agradeceu o apoio do Governo do Estado e a presen\u00e7a do p\u00fablico. \u201cEste teatro \u00e9 um dos maiores patrim\u00f4nios culturais do Brasil. Agrade\u00e7o ao governador Carlos Massa Ratinho Junior pelo apoio constante \u00e0s a\u00e7\u00f5es do Gua\u00edra e, especialmente, ao p\u00fablico, que lota nossos concertos e mant\u00e9m viva a for\u00e7a da nossa orquestra\u201d, disse.<\/p>\n\n\n\n<p>A Sanepar patrocinou o concerto por meio da Lei Rouanet e \u00e9 apoiadora de outras seis apresenta\u00e7\u00f5es da OSP neste ano. \u201c\u00c9 uma honra para a Sanepar participar dessa celebra\u00e7\u00e3o. Essa conex\u00e3o com a cultura fortalece nosso compromisso com a sociedade\u201d, afirmou Robson Pascoalini, diretor de Governan\u00e7a, Riscos e Compliance da empresa.<\/p>\n\n\n\n<p>Tamb\u00e9m estiveram presentes representantes do PalcoParan\u00e1, servi\u00e7o social aut\u00f4nomo vinculado ao Governo do Estado, respons\u00e1vel pela manuten\u00e7\u00e3o da OSP. \u201cA OSP representa o Paran\u00e1 para o mundo, com a grandiosidade de suas execu\u00e7\u00f5es. \u00c9 um trabalho magn\u00edfico conduzido com maestria pelo maestro Tibiri\u00e7\u00e1 e nossos m\u00fasicos\u201d, destacou Anna Paula Zetola, diretora art\u00edstica da institui\u00e7\u00e3o.<\/p>\n\n\n\n<p><strong>SINFONIA DA RESSURREI\u00c7\u00c3O<\/strong>&nbsp;\u2013 Primeira obra de Mahler a incorporar vozes, a Ressurrei\u00e7\u00e3o aborda com profundidade simb\u00f3lica os grandes temas da exist\u00eancia: vida, morte e transcend\u00eancia. Composta entre 1888 e 1894, ela culmina em um final coral arrebatador que proclama \u201cRessuscitar\u00e1s!\u201d, unindo m\u00fasica e poesia em uma poderosa afirma\u00e7\u00e3o de esperan\u00e7a e eternidade.<\/p>\n\n\n\n<p>Sua estrutura grandiosa reflete a busca espiritual do compositor por sentido diante da finitude humana, fazendo desta obra uma das experi\u00eancias mais impactantes e emocionantes da hist\u00f3ria da m\u00fasica.<\/p>\n\n\n\n<p>\u201c\u00c9 uma sinfonia monumental, com 200 pessoas no palco. Uma obra raramente apresentada justamente pela complexidade e pelo n\u00famero expressivo de m\u00fasicos exigidos\u201d, afirmou o maestro Roberto Tibiri\u00e7\u00e1. \u201cQuem n\u00e3o assistir agora, provavelmente ter\u00e1 que esperar muitos anos por uma nova oportunidade de vivenciar essa experi\u00eancia no Paran\u00e1. Agrade\u00e7o \u00e0 administra\u00e7\u00e3o do Centro Cultural Teatro Gua\u00edra por tornar isso poss\u00edvel e ao Instituto de Apoio \u00e0 Orquestra Sinf\u00f4nica do Paran\u00e1 (IAOSP), sem eles n\u00e3o conseguir\u00edamos fazer esse evento grandioso\u201d.<\/p>\n\n\n\n<p>Samuel Lago, presidente do IAOSP, tamb\u00e9m destacou a dimens\u00e3o da homenagem. \u201cA grandiosidade desta obra, que re\u00fane cerca de duzentas pessoas no palco do Teatro Gua\u00edra, \u00e9 uma grande proposta de celebra\u00e7\u00e3o de toda a trajet\u00f3ria da Sinf\u00f4nica. Hoje, orquestra e p\u00fablico se unem em intensa alegria para comemorar a brilhante trajet\u00f3ria da OSP e seu futuro que certamente ser\u00e1 ainda maior\u201d, disse.<\/p>\n\n\n\n<figure class=\"wp-block-image size-large\"><img loading=\"lazy\" decoding=\"async\" width=\"1024\" height=\"683\" src=\"https:\/\/www.paranapraia.com.br\/wp-content\/uploads\/2025\/05\/orquestra-30_1-1024x683.jpg\" alt=\"\" class=\"wp-image-67620\" srcset=\"https:\/\/www.paranapraia.com.br\/wp-content\/uploads\/2025\/05\/orquestra-30_1-1024x683.jpg 1024w, https:\/\/www.paranapraia.com.br\/wp-content\/uploads\/2025\/05\/orquestra-30_1-300x200.jpg 300w, https:\/\/www.paranapraia.com.br\/wp-content\/uploads\/2025\/05\/orquestra-30_1-768x512.jpg 768w, https:\/\/www.paranapraia.com.br\/wp-content\/uploads\/2025\/05\/orquestra-30_1-1536x1024.jpg 1536w, https:\/\/www.paranapraia.com.br\/wp-content\/uploads\/2025\/05\/orquestra-30_1-2048x1365.jpg 2048w, https:\/\/www.paranapraia.com.br\/wp-content\/uploads\/2025\/05\/orquestra-30_1-696x464.jpg 696w, https:\/\/www.paranapraia.com.br\/wp-content\/uploads\/2025\/05\/orquestra-30_1-1068x712.jpg 1068w, https:\/\/www.paranapraia.com.br\/wp-content\/uploads\/2025\/05\/orquestra-30_1-1920x1280.jpg 1920w, https:\/\/www.paranapraia.com.br\/wp-content\/uploads\/2025\/05\/orquestra-30_1-scaled.jpg 800w\" sizes=\"(max-width: 1024px) 100vw, 1024px\" \/><figcaption class=\"wp-element-caption\">Piana conversou com m\u00fasicos da OSP antes do evento. Foto: Gabriel Rosa\/AEN<\/figcaption><\/figure>\n\n\n\n<p><strong>DOCUMENT\u00c1RIO E LIVRO&nbsp;<\/strong>\u2013&nbsp;A Orquestra Sinf\u00f4nica do Paran\u00e1 tamb\u00e9m recebe outros presentes simb\u00f3licos por seus 40 anos: um livro, que ser\u00e1 lan\u00e7ado neste ano, escrito por \u00c1lvaro Colla\u00e7o e Joanita Ramos, e um document\u00e1rio produzido pelo Instituto de Apoio \u00e0 Orquestra Sinf\u00f4nica do Paran\u00e1 (IAOSP) em formato de webs\u00e9rie, que resgata a trajet\u00f3ria e os bastidores dessa hist\u00f3ria marcante. Com quatro epis\u00f3dios, o material ser\u00e1 lan\u00e7ado em breve no canal do YouTube do IAOSP e do Teatro Gua\u00edra.<\/p>\n\n\n\n<p>O quarto e \u00faltimo epis\u00f3dio trar\u00e1 trechos dos concertos comemorativos dos 40 anos. Dirigido por Rog\u00e9rio Vieira, o document\u00e1rio re\u00fane depoimentos de m\u00fasicos, maestros, organizadores e profissionais da arte que fizeram parte dessa jornada, oferecendo um olhar aut\u00eantico e emocionante sobre a OSP \u2014 da estreia em 1985 at\u00e9 o espet\u00e1culo grandioso da Sinfonia da Ressurrei\u00e7\u00e3o, em 2025.<\/p>\n\n\n\n<p><strong>PROGRAMA\u00c7\u00c3O ESPECIAL&nbsp;<\/strong>\u2013 As celebra\u00e7\u00f5es pelos 40 anos da OSP continuam ao longo de 2025, com apresenta\u00e7\u00f5es mensais no Guair\u00e3o, inclusive na tradicional S\u00e9rie Ouro, e concertos do projeto Gua\u00edra para Todos, que leva a m\u00fasica sinf\u00f4nica a cidades da Regi\u00e3o Metropolitana de Curitiba e do Interior do Estado.<\/p>\n\n\n\n<p>Outro destaque da programa\u00e7\u00e3o \u00e9 a s\u00e9rie OSP no Museu Niemeyer \u2013 Mostly Mozart, que transforma o v\u00e3o-livre do MON em palco para apresenta\u00e7\u00f5es gratuitas dedicadas \u00e0 obra de Wolfgang Amadeus Mozart. Os pr\u00f3ximos concertos est\u00e3o marcados para os dias 5 de julho, 6 de setembro, 8 de novembro e 6 de dezembro, sempre \u00e0s 16h.<\/p>\n\n\n\n<p><strong>Confira e conhe\u00e7a mais sobre a trajet\u00f3ria da OSP:<\/strong><\/p>\n\n\n\n<p><a href=\"https:\/\/www.aen.pr.gov.br\/Noticia\/Simbolo-da-cultura-no-Estado-Orquestra-Sinfonica-do-Parana-celebra-40-anos\" target=\"_blank\" rel=\"noreferrer noopener\">S\u00edmbolo da cultura no Estado, Orquestra Sinf\u00f4nica do Paran\u00e1 celebra 40 anos<\/a><\/p>\n\n\n\n<p><a href=\"https:\/\/www.aen.pr.gov.br\/Noticia\/Entre-familias-de-instrumentos-movimentos-e-disposicao-como-funciona-Orquestra-Sinfonica\" target=\"_blank\" rel=\"noreferrer noopener\">Entre fam\u00edlias de instrumentos, movimentos e disposi\u00e7\u00e3o: como funciona a Orquestra Sinf\u00f4nica<\/a><\/p>\n\n\n\n<p><a href=\"https:\/\/www.aen.pr.gov.br\/Noticia\/Projeto-que-leva-Orquestra-Sinfonica-do-Parana-para-fora-do-Guaira-forma-novas-plateias\" target=\"_blank\" rel=\"noreferrer noopener\">Projeto que leva Orquestra Sinf\u00f4nica do Paran\u00e1 para fora do Gua\u00edra forma novas plateias<\/a><\/p>\n\n\n\n<p><a href=\"https:\/\/www.aen.pr.gov.br\/Noticia\/De-elefanta-pilha-de-curriculos-para-escolha-do-1o-maestro-os-causos-da-Orquestra-Sinfonica\" target=\"_blank\" rel=\"noreferrer noopener\">De elefanta a pilha de curr\u00edculos para a escolha do 1\u00ba maestro: os causos da Orquestra Sinf\u00f4nica<\/a><\/p>\n\n\n\n<p><a href=\"https:\/\/www.aen.pr.gov.br\/Noticia\/Casal-irmaos-e-aprendizado-de-geracoes-os-bastidores-da-Orquestra-Sinfonica-do-Parana\" target=\"_blank\" rel=\"noreferrer noopener\">Casal, irm\u00e3os e aprendizado de gera\u00e7\u00f5es: os bastidores da Orquestra Sinf\u00f4nica do Paran\u00e1<\/a><\/p>\n\n\n\n<p>AEN\/PR<\/p>\n","protected":false},"excerpt":{"rendered":"<p>A noite da \u00faltima quarta-feira (28) foi hist\u00f3rica no Centro Cultural Teatro Gua\u00edra, em Curitiba. Em comemora\u00e7\u00e3o aos 40 anos da Orquestra Sinf\u00f4nica do Paran\u00e1 (OSP), celebrados no dia 28 de maio, o palco do Guair\u00e3o recebeu, pela primeira vez, a grandiosa &#8220;Sinfonia n\u00ba 2&#8221; de Gustav Mahler \u2014 a c\u00e9lebre Sinfonia da Ressurrei\u00e7\u00e3o. Sob [&hellip;]<\/p>\n","protected":false},"author":2,"featured_media":67621,"comment_status":"open","ping_status":"open","sticky":false,"template":"","format":"standard","meta":{"advanced_seo_description":"","jetpack_seo_html_title":"","jetpack_seo_noindex":false,"_jetpack_memberships_contains_paid_content":false,"footnotes":""},"categories":[40],"tags":[],"class_list":{"0":"post-67619","1":"post","2":"type-post","3":"status-publish","4":"format-standard","5":"has-post-thumbnail","7":"category-destaques"},"jetpack_featured_media_url":"https:\/\/www.paranapraia.com.br\/wp-content\/uploads\/2025\/05\/orquestra-01_1-scaled.jpg","jetpack_sharing_enabled":true,"_links":{"self":[{"href":"https:\/\/www.paranapraia.com.br\/index.php\/wp-json\/wp\/v2\/posts\/67619"}],"collection":[{"href":"https:\/\/www.paranapraia.com.br\/index.php\/wp-json\/wp\/v2\/posts"}],"about":[{"href":"https:\/\/www.paranapraia.com.br\/index.php\/wp-json\/wp\/v2\/types\/post"}],"author":[{"embeddable":true,"href":"https:\/\/www.paranapraia.com.br\/index.php\/wp-json\/wp\/v2\/users\/2"}],"replies":[{"embeddable":true,"href":"https:\/\/www.paranapraia.com.br\/index.php\/wp-json\/wp\/v2\/comments?post=67619"}],"version-history":[{"count":1,"href":"https:\/\/www.paranapraia.com.br\/index.php\/wp-json\/wp\/v2\/posts\/67619\/revisions"}],"predecessor-version":[{"id":67622,"href":"https:\/\/www.paranapraia.com.br\/index.php\/wp-json\/wp\/v2\/posts\/67619\/revisions\/67622"}],"wp:featuredmedia":[{"embeddable":true,"href":"https:\/\/www.paranapraia.com.br\/index.php\/wp-json\/wp\/v2\/media\/67621"}],"wp:attachment":[{"href":"https:\/\/www.paranapraia.com.br\/index.php\/wp-json\/wp\/v2\/media?parent=67619"}],"wp:term":[{"taxonomy":"category","embeddable":true,"href":"https:\/\/www.paranapraia.com.br\/index.php\/wp-json\/wp\/v2\/categories?post=67619"},{"taxonomy":"post_tag","embeddable":true,"href":"https:\/\/www.paranapraia.com.br\/index.php\/wp-json\/wp\/v2\/tags?post=67619"}],"curies":[{"name":"wp","href":"https:\/\/api.w.org\/{rel}","templated":true}]}}