{"id":67581,"date":"2025-05-28T12:32:12","date_gmt":"2025-05-28T15:32:12","guid":{"rendered":"https:\/\/www.paranapraia.com.br\/?p=67581"},"modified":"2025-05-28T12:32:15","modified_gmt":"2025-05-28T15:32:15","slug":"cuidando-de-quem-cuida-camara-de-pontal-do-parana-promove-evento-especial-para-profissionais-da-enfermagem","status":"publish","type":"post","link":"https:\/\/www.paranapraia.com.br\/index.php\/2025\/05\/28\/cuidando-de-quem-cuida-camara-de-pontal-do-parana-promove-evento-especial-para-profissionais-da-enfermagem\/","title":{"rendered":"\u201cCuidando de Quem Cuida\u201d: C\u00e2mara de Pontal do Paran\u00e1 promove evento especial para profissionais da enfermagem"},"content":{"rendered":"\n<p>Em reconhecimento \u00e0 dedica\u00e7\u00e3o e \u00e0 import\u00e2ncia dos profissionais que est\u00e3o na linha de frente do cuidado com a sa\u00fade, a C\u00e2mara Municipal de Pontal do Paran\u00e1 realiza, no dia 29 de maio de 2025, das 17h \u00e0s 20h, um evento especial em homenagem \u00e0 Semana Municipal da Enfermagem.<\/p>\n\n\n\n<p>Com o tema \u201cCuidando de Quem Cuida\u201d, a iniciativa \u00e9 um gesto de valoriza\u00e7\u00e3o e acolhimento aos(as) profissionais da enfermagem da rede municipal, que diariamente dedicam seu trabalho ao bem-estar da popula\u00e7\u00e3o. A Semana Municipal da Enfermagem foi institu\u00edda pela Lei Municipal n\u00ba 2.572\/2024 e agora ganha um espa\u00e7o de celebra\u00e7\u00e3o e cuidado tamb\u00e9m para quem cuida.<\/p>\n\n\n\n<p>O evento ser\u00e1 realizado na sede da C\u00e2mara Municipal e contar\u00e1 com uma programa\u00e7\u00e3o pensada especialmente para proporcionar momentos de relaxamento, reflex\u00e3o e autoestima.<\/p>\n\n\n\n<p>Entre as atividades est\u00e3o previstas rodas de conversa com terapeutas convidadas, consultas m\u00e9dicas, sess\u00f5es de massagem, est\u00e9tica e maquiagem, al\u00e9m de um painel de fotos interativo, onde os participantes poder\u00e3o registrar e compartilhar sua presen\u00e7a no evento. Haver\u00e1 ainda sorteio de brindes como forma de reconhecimento e agradecimento pelo trabalho prestado \u00e0 comunidade.<\/p>\n\n\n\n<p>A presidente da C\u00e2mara destaca que este \u00e9 um momento de escuta, carinho e respeito aos profissionais da enfermagem. \u201cS\u00e3o eles que acolhem, acompanham e salvam vidas diariamente. Nada mais justo do que criarmos um espa\u00e7o onde possam tamb\u00e9m se sentir cuidados e valorizados.\u201d<\/p>\n\n\n\n<p>O convite se estende a todos os(as) profissionais da enfermagem da rede municipal. A C\u00e2mara Municipal de Pontal do Paran\u00e1 reafirma, com esse evento, seu compromisso com a sa\u00fade p\u00fablica e o reconhecimento daqueles que a tornam poss\u00edvel.<\/p>\n\n\n\n<p>Porque cuidar de quem cuida \u00e9 um dever de todos.<\/p>\n\n\n\n<p>Assessoria<\/p>\n","protected":false},"excerpt":{"rendered":"<p>Em reconhecimento \u00e0 dedica\u00e7\u00e3o e \u00e0 import\u00e2ncia dos profissionais que est\u00e3o na linha de frente do cuidado com a sa\u00fade, a C\u00e2mara Municipal de Pontal do Paran\u00e1 realiza, no dia 29 de maio de 2025, das 17h \u00e0s 20h, um evento especial em homenagem \u00e0 Semana Municipal da Enfermagem. Com o tema \u201cCuidando de Quem [&hellip;]<\/p>\n","protected":false},"author":2,"featured_media":67583,"comment_status":"open","ping_status":"open","sticky":false,"template":"","format":"standard","meta":{"advanced_seo_description":"","jetpack_seo_html_title":"","jetpack_seo_noindex":false,"_jetpack_memberships_contains_paid_content":false,"footnotes":""},"categories":[40,65],"tags":[318],"class_list":{"0":"post-67581","1":"post","2":"type-post","3":"status-publish","4":"format-standard","5":"has-post-thumbnail","7":"category-destaques","8":"category-pontal-do-parana","9":"tag-pontal-do-parana"},"jetpack_featured_media_url":"https:\/\/www.paranapraia.com.br\/wp-content\/uploads\/2025\/05\/IMG-20250528-WA0060-scaled.jpg","jetpack_sharing_enabled":true,"_links":{"self":[{"href":"https:\/\/www.paranapraia.com.br\/index.php\/wp-json\/wp\/v2\/posts\/67581"}],"collection":[{"href":"https:\/\/www.paranapraia.com.br\/index.php\/wp-json\/wp\/v2\/posts"}],"about":[{"href":"https:\/\/www.paranapraia.com.br\/index.php\/wp-json\/wp\/v2\/types\/post"}],"author":[{"embeddable":true,"href":"https:\/\/www.paranapraia.com.br\/index.php\/wp-json\/wp\/v2\/users\/2"}],"replies":[{"embeddable":true,"href":"https:\/\/www.paranapraia.com.br\/index.php\/wp-json\/wp\/v2\/comments?post=67581"}],"version-history":[{"count":1,"href":"https:\/\/www.paranapraia.com.br\/index.php\/wp-json\/wp\/v2\/posts\/67581\/revisions"}],"predecessor-version":[{"id":67584,"href":"https:\/\/www.paranapraia.com.br\/index.php\/wp-json\/wp\/v2\/posts\/67581\/revisions\/67584"}],"wp:featuredmedia":[{"embeddable":true,"href":"https:\/\/www.paranapraia.com.br\/index.php\/wp-json\/wp\/v2\/media\/67583"}],"wp:attachment":[{"href":"https:\/\/www.paranapraia.com.br\/index.php\/wp-json\/wp\/v2\/media?parent=67581"}],"wp:term":[{"taxonomy":"category","embeddable":true,"href":"https:\/\/www.paranapraia.com.br\/index.php\/wp-json\/wp\/v2\/categories?post=67581"},{"taxonomy":"post_tag","embeddable":true,"href":"https:\/\/www.paranapraia.com.br\/index.php\/wp-json\/wp\/v2\/tags?post=67581"}],"curies":[{"name":"wp","href":"https:\/\/api.w.org\/{rel}","templated":true}]}}