{"id":67568,"date":"2025-05-28T09:34:01","date_gmt":"2025-05-28T12:34:01","guid":{"rendered":"https:\/\/www.paranapraia.com.br\/?p=67568"},"modified":"2025-05-28T09:35:25","modified_gmt":"2025-05-28T12:35:25","slug":"domingo-em-pontal-tera-esporte-cultura-saude-e-lazer-para-toda-a-familia","status":"publish","type":"post","link":"https:\/\/www.paranapraia.com.br\/index.php\/2025\/05\/28\/domingo-em-pontal-tera-esporte-cultura-saude-e-lazer-para-toda-a-familia\/","title":{"rendered":"Domingo em Pontal ter\u00e1 esporte, cultura, sa\u00fade e lazer para toda a fam\u00edlia"},"content":{"rendered":"\n<p>No pr\u00f3ximo domingo, 1\u00ba de junho, das 9h \u00e0s 17h, o Centro de Eventos do Balne\u00e1rio Marissol ser\u00e1 palco de um grande encontro comunit\u00e1rio. O evento foi planejado para todas as idades e oferecer\u00e1 um dia repleto de atividades gratuitas, incluindo oficinas esportivas, apresenta\u00e7\u00f5es culturais, vacina\u00e7\u00e3o, feira de artesanato, gastronomia, a\u00e7\u00f5es ambientais e atividades voltadas \u00e0 prote\u00e7\u00e3o animal.<\/p>\n\n\n\n<figure class=\"wp-block-image size-large\"><img loading=\"lazy\" decoding=\"async\" width=\"1024\" height=\"768\" src=\"https:\/\/www.paranapraia.com.br\/wp-content\/uploads\/2025\/05\/1000465185-1024x768.jpg\" alt=\"\" class=\"wp-image-67570\" srcset=\"https:\/\/www.paranapraia.com.br\/wp-content\/uploads\/2025\/05\/1000465185-1024x768.jpg 1024w, https:\/\/www.paranapraia.com.br\/wp-content\/uploads\/2025\/05\/1000465185-300x225.jpg 300w, https:\/\/www.paranapraia.com.br\/wp-content\/uploads\/2025\/05\/1000465185-768x576.jpg 768w, https:\/\/www.paranapraia.com.br\/wp-content\/uploads\/2025\/05\/1000465185-696x522.jpg 696w, https:\/\/www.paranapraia.com.br\/wp-content\/uploads\/2025\/05\/1000465185-1068x801.jpg 1068w, https:\/\/www.paranapraia.com.br\/wp-content\/uploads\/2025\/05\/1000465185-scaled.jpg 800w\" sizes=\"(max-width: 1024px) 100vw, 1024px\" \/><\/figure>\n\n\n\n<p>Logo pela manh\u00e3, o p\u00fablico poder\u00e1 participar de oficinas pr\u00e1ticas de yoga (\u00e0s 9h), jud\u00f4 (\u00e0s 10h), jiu-jitsu (\u00e0s 11h) e taekwondo (\u00e0s 14h). Durante todo o dia, acontecem os torneios de v\u00f4lei e beach tennis, promovendo a integra\u00e7\u00e3o e o incentivo ao esporte.<\/p>\n\n\n\n<figure class=\"wp-block-video\"><video controls src=\"https:\/\/www.paranapraia.com.br\/wp-content\/uploads\/2025\/05\/VID_20250528_093332_189.mp4\"><\/video><\/figure>\n\n\n\n<p>Um dos momentos mais aguardados ser\u00e1 a Corrida Kids, marcada para as 13h30. Crian\u00e7as e adolescentes participar\u00e3o conforme suas faixas et\u00e1rias, com dist\u00e2ncias que variam entre 30 metros e 700 metros. A corrida \u00e9 dividida nas categorias Sub 3 (at\u00e9 3 anos \u2013 30m), Sub 5 (4 e 5 anos \u2013 50m), Sub 7 (6 e 7 anos \u2013 100m), Sub 9 (8 e 9 anos \u2013 200m), Sub 11 (10 e 11 anos \u2013 350m), Sub 13 (12 e 13 anos \u2013 500m) e Sub 15 (14 e 15 anos \u2013 700m).<\/p>\n\n\n\n<p>Tamb\u00e9m das 9h \u00e0s 17h, haver\u00e1 vacina\u00e7\u00e3o para todas as faixas et\u00e1rias, com aplica\u00e7\u00e3o de todas as vacinas do calend\u00e1rio b\u00e1sico. Estar\u00e3o dispon\u00edveis vacinas como BCG, Hepatite B, Rotav\u00edrus, Pentavalente, Poliomielite, Pneumoc\u00f3cica 10, Meningo, Febre Amarela, Tr\u00edplice Viral, Hepatite A, DTP, DTPA, Antitet\u00e2nica, HPV e COVID. Para se vacinar, \u00e9 necess\u00e1rio levar o cart\u00e3o SUS, documento pessoal e carteirinha de vacina\u00e7\u00e3o.<\/p>\n\n\n\n<figure class=\"wp-block-image size-full\"><img loading=\"lazy\" decoding=\"async\" width=\"500\" height=\"353\" src=\"https:\/\/www.paranapraia.com.br\/wp-content\/uploads\/2025\/05\/1000465203.png\" alt=\"\" class=\"wp-image-67573\" srcset=\"https:\/\/www.paranapraia.com.br\/wp-content\/uploads\/2025\/05\/1000465203.png 500w, https:\/\/www.paranapraia.com.br\/wp-content\/uploads\/2025\/05\/1000465203-300x212.png 300w\" sizes=\"(max-width: 500px) 100vw, 500px\" \/><\/figure>\n\n\n\n<p>A programa\u00e7\u00e3o cultural inclui apresenta\u00e7\u00f5es de dan\u00e7a das 10h30 \u00e0s 11h30, com destaque para o Carimb\u00f3 e o K-pop. \u00c0 tarde, das 15h \u00e0s 17h, haver\u00e1 m\u00fasica ao vivo com Kleber Dias, encerrando com uma apresenta\u00e7\u00e3o de teatro de bonecos \u00e0s 16h.<\/p>\n\n\n\n<p>O evento tamb\u00e9m contar\u00e1 com a\u00e7\u00f5es de educa\u00e7\u00e3o ambiental e conscientiza\u00e7\u00e3o. Haver\u00e1 doa\u00e7\u00e3o de mudas de \u00e1rvores como Quaresmeira e Ip\u00eas, estande de educa\u00e7\u00e3o ambiental com atividades durante todo o dia, al\u00e9m de uma feira de ado\u00e7\u00e3o de animais organizada pela Rede de Prote\u00e7\u00e3o Animal.<\/p>\n\n\n\n<p>Enquanto isso, o p\u00fablico poder\u00e1 explorar a feira de artesanato com produtos locais e saborear as diversas op\u00e7\u00f5es nas barracas gastron\u00f4micas. As crian\u00e7as ter\u00e3o atividades recreativas ao longo de todo o dia.<\/p>\n\n\n\n<p>Leve sua fam\u00edlia e aproveite este domingo especial em Pontal do Paran\u00e1. O evento \u00e9 gratuito e aberto \u00e0 comunidade.<\/p>\n","protected":false},"excerpt":{"rendered":"<p>No pr\u00f3ximo domingo, 1\u00ba de junho, das 9h \u00e0s 17h, o Centro de Eventos do Balne\u00e1rio Marissol ser\u00e1 palco de um grande encontro comunit\u00e1rio. O evento foi planejado para todas as idades e oferecer\u00e1 um dia repleto de atividades gratuitas, incluindo oficinas esportivas, apresenta\u00e7\u00f5es culturais, vacina\u00e7\u00e3o, feira de artesanato, gastronomia, a\u00e7\u00f5es ambientais e atividades voltadas [&hellip;]<\/p>\n","protected":false},"author":2,"featured_media":67569,"comment_status":"open","ping_status":"open","sticky":false,"template":"","format":"standard","meta":{"advanced_seo_description":"","jetpack_seo_html_title":"","jetpack_seo_noindex":false,"_jetpack_memberships_contains_paid_content":false,"footnotes":""},"categories":[40,65],"tags":[318],"class_list":{"0":"post-67568","1":"post","2":"type-post","3":"status-publish","4":"format-standard","5":"has-post-thumbnail","7":"category-destaques","8":"category-pontal-do-parana","9":"tag-pontal-do-parana"},"jetpack_featured_media_url":"https:\/\/www.paranapraia.com.br\/wp-content\/uploads\/2025\/05\/IMG_20250528_093119_829-scaled.jpg","jetpack_sharing_enabled":true,"_links":{"self":[{"href":"https:\/\/www.paranapraia.com.br\/index.php\/wp-json\/wp\/v2\/posts\/67568"}],"collection":[{"href":"https:\/\/www.paranapraia.com.br\/index.php\/wp-json\/wp\/v2\/posts"}],"about":[{"href":"https:\/\/www.paranapraia.com.br\/index.php\/wp-json\/wp\/v2\/types\/post"}],"author":[{"embeddable":true,"href":"https:\/\/www.paranapraia.com.br\/index.php\/wp-json\/wp\/v2\/users\/2"}],"replies":[{"embeddable":true,"href":"https:\/\/www.paranapraia.com.br\/index.php\/wp-json\/wp\/v2\/comments?post=67568"}],"version-history":[{"count":2,"href":"https:\/\/www.paranapraia.com.br\/index.php\/wp-json\/wp\/v2\/posts\/67568\/revisions"}],"predecessor-version":[{"id":67574,"href":"https:\/\/www.paranapraia.com.br\/index.php\/wp-json\/wp\/v2\/posts\/67568\/revisions\/67574"}],"wp:featuredmedia":[{"embeddable":true,"href":"https:\/\/www.paranapraia.com.br\/index.php\/wp-json\/wp\/v2\/media\/67569"}],"wp:attachment":[{"href":"https:\/\/www.paranapraia.com.br\/index.php\/wp-json\/wp\/v2\/media?parent=67568"}],"wp:term":[{"taxonomy":"category","embeddable":true,"href":"https:\/\/www.paranapraia.com.br\/index.php\/wp-json\/wp\/v2\/categories?post=67568"},{"taxonomy":"post_tag","embeddable":true,"href":"https:\/\/www.paranapraia.com.br\/index.php\/wp-json\/wp\/v2\/tags?post=67568"}],"curies":[{"name":"wp","href":"https:\/\/api.w.org\/{rel}","templated":true}]}}