{"id":67565,"date":"2025-05-27T22:26:54","date_gmt":"2025-05-28T01:26:54","guid":{"rendered":"https:\/\/www.paranapraia.com.br\/?p=67565"},"modified":"2025-05-27T22:26:57","modified_gmt":"2025-05-28T01:26:57","slug":"guarda-municipal-de-pontal-do-parana-acompanha-aprovacao-de-pec-37-2022-no-senado-federal","status":"publish","type":"post","link":"https:\/\/www.paranapraia.com.br\/index.php\/2025\/05\/27\/guarda-municipal-de-pontal-do-parana-acompanha-aprovacao-de-pec-37-2022-no-senado-federal\/","title":{"rendered":"Guarda Municipal de Pontal do Paran\u00e1 acompanha aprova\u00e7\u00e3o de PEC 37\/2022 no Senado Federal"},"content":{"rendered":"\n<p>Bras\u00edlia foi palco de um momento marcante para a seguran\u00e7a p\u00fablica municipal nesta ter\u00e7a-feira, 27 de maio. Representando a Guarda Municipal de Pontal do Paran\u00e1, o comandante Giovane Ros\u00e1rio esteve presente no Senado Federal para acompanhar a aprova\u00e7\u00e3o un\u00e2nime da Proposta de Emenda \u00e0 Constitui\u00e7\u00e3o (PEC) 37\/2022.<\/p>\n\n\n\n<p>A proposta, que segue agora para vota\u00e7\u00e3o na C\u00e2mara dos Deputados, representa um avan\u00e7o hist\u00f3rico para todas as Guardas Municipais do Brasil. Com a aprova\u00e7\u00e3o, as Guardas passam a ter seu papel institucional refor\u00e7ado, obtendo maior reconhecimento jur\u00eddico e legitimidade no exerc\u00edcio de suas atribui\u00e7\u00f5es.<\/p>\n\n\n\n<p>\u201cEssa conquista fortalece a seguran\u00e7a p\u00fablica municipal, valoriza os profissionais das Guardas e assegura um novo patamar de atua\u00e7\u00e3o para proteger os cidad\u00e3os\u201d, afirmou o comandante Giovane.<\/p>\n\n\n\n<p>A PEC altera o artigo 144 da Constitui\u00e7\u00e3o Federal, incluindo as Guardas Municipais no inciso VII do caput, o que consolida sua relev\u00e2ncia como for\u00e7a de prote\u00e7\u00e3o \u00e0 popula\u00e7\u00e3o, especialmente nos centros urbanos. A medida tamb\u00e9m promove mais seguran\u00e7a jur\u00eddica no exerc\u00edcio de suas fun\u00e7\u00f5es e estimula pol\u00edticas p\u00fablicas de fortalecimento das corpora\u00e7\u00f5es municipais.<\/p>\n\n\n\n<p>A presen\u00e7a de Pontal do Paran\u00e1 nesse momento decisivo reflete o comprometimento do munic\u00edpio com a valoriza\u00e7\u00e3o da Guarda Municipal e com o fortalecimento da seguran\u00e7a p\u00fablica local.<\/p>\n","protected":false},"excerpt":{"rendered":"<p>Bras\u00edlia foi palco de um momento marcante para a seguran\u00e7a p\u00fablica municipal nesta ter\u00e7a-feira, 27 de maio. Representando a Guarda Municipal de Pontal do Paran\u00e1, o comandante Giovane Ros\u00e1rio esteve presente no Senado Federal para acompanhar a aprova\u00e7\u00e3o un\u00e2nime da Proposta de Emenda \u00e0 Constitui\u00e7\u00e3o (PEC) 37\/2022. A proposta, que segue agora para vota\u00e7\u00e3o na [&hellip;]<\/p>\n","protected":false},"author":2,"featured_media":67566,"comment_status":"open","ping_status":"open","sticky":false,"template":"","format":"standard","meta":{"advanced_seo_description":"","jetpack_seo_html_title":"","jetpack_seo_noindex":false,"_jetpack_memberships_contains_paid_content":false,"footnotes":""},"categories":[40,65],"tags":[1264,318],"class_list":{"0":"post-67565","1":"post","2":"type-post","3":"status-publish","4":"format-standard","5":"has-post-thumbnail","7":"category-destaques","8":"category-pontal-do-parana","9":"tag-guarda-municipal","10":"tag-pontal-do-parana"},"jetpack_featured_media_url":"https:\/\/www.paranapraia.com.br\/wp-content\/uploads\/2025\/05\/Screenshot_2025-05-27-22-24-14-972_com.instagram.android-edit-scaled.jpg","jetpack_sharing_enabled":true,"_links":{"self":[{"href":"https:\/\/www.paranapraia.com.br\/index.php\/wp-json\/wp\/v2\/posts\/67565"}],"collection":[{"href":"https:\/\/www.paranapraia.com.br\/index.php\/wp-json\/wp\/v2\/posts"}],"about":[{"href":"https:\/\/www.paranapraia.com.br\/index.php\/wp-json\/wp\/v2\/types\/post"}],"author":[{"embeddable":true,"href":"https:\/\/www.paranapraia.com.br\/index.php\/wp-json\/wp\/v2\/users\/2"}],"replies":[{"embeddable":true,"href":"https:\/\/www.paranapraia.com.br\/index.php\/wp-json\/wp\/v2\/comments?post=67565"}],"version-history":[{"count":1,"href":"https:\/\/www.paranapraia.com.br\/index.php\/wp-json\/wp\/v2\/posts\/67565\/revisions"}],"predecessor-version":[{"id":67567,"href":"https:\/\/www.paranapraia.com.br\/index.php\/wp-json\/wp\/v2\/posts\/67565\/revisions\/67567"}],"wp:featuredmedia":[{"embeddable":true,"href":"https:\/\/www.paranapraia.com.br\/index.php\/wp-json\/wp\/v2\/media\/67566"}],"wp:attachment":[{"href":"https:\/\/www.paranapraia.com.br\/index.php\/wp-json\/wp\/v2\/media?parent=67565"}],"wp:term":[{"taxonomy":"category","embeddable":true,"href":"https:\/\/www.paranapraia.com.br\/index.php\/wp-json\/wp\/v2\/categories?post=67565"},{"taxonomy":"post_tag","embeddable":true,"href":"https:\/\/www.paranapraia.com.br\/index.php\/wp-json\/wp\/v2\/tags?post=67565"}],"curies":[{"name":"wp","href":"https:\/\/api.w.org\/{rel}","templated":true}]}}