{"id":67562,"date":"2025-05-27T19:32:23","date_gmt":"2025-05-27T22:32:23","guid":{"rendered":"https:\/\/www.paranapraia.com.br\/?p=67562"},"modified":"2025-05-27T19:32:26","modified_gmt":"2025-05-27T22:32:26","slug":"aumento-da-presenca-de-influenza-nos-exames-do-lacen-reforca-importancia-da-vacina","status":"publish","type":"post","link":"https:\/\/www.paranapraia.com.br\/index.php\/2025\/05\/27\/aumento-da-presenca-de-influenza-nos-exames-do-lacen-reforca-importancia-da-vacina\/","title":{"rendered":"Aumento da presen\u00e7a de Influenza nos exames do Lacen refor\u00e7a import\u00e2ncia da vacina"},"content":{"rendered":"\n<p>A Secretaria de Estado da Sa\u00fade do Paran\u00e1 (Sesa) alerta para o avan\u00e7o da presen\u00e7a do v\u00edrus Influenza nas amostras analisadas pelo Laborat\u00f3rio Central do Estado (Lacen\/PR). De acordo com os exames processados entre o in\u00edcio de janeiro e 23 de maio, o v\u00edrus Influenza A passou a representar 30,5% das amostras positivas na \u00faltima semana, um grande salto se comparado aos 0,5% registrados em janeiro. Com isso, a Influenza A superou o V\u00edrus Sincicial Respirat\u00f3rio (VSR), cuja presen\u00e7a caiu de 27% para 22%.<\/p>\n\n\n\n<p>As coletas s\u00e3o realizadas em hospitais e servi\u00e7os de sa\u00fade, al\u00e9m das unidades sentinelas, distribu\u00eddas em todas as regi\u00f5es do Paran\u00e1, que enviam amostras aleat\u00f3rias de pacientes com sintomas respirat\u00f3rios ao Lacen.<\/p>\n\n\n\n<p>Atualmente, Influenza e V\u00edrus Sincicial Respirat\u00f3rio somam mais da metade dos resultados positivos analisados. Se a tend\u00eancia de crescimento se mantiver, maio poder\u00e1 registrar o maior n\u00famero de amostras positivas para o v\u00edrus Influenza desde janeiro de 2023, quando foi decretado oficialmente o fim da pandemia de Covid-19.<\/p>\n\n\n\n<p>Os dados mais recentes de&nbsp;monitoramento dos v\u00edrus respirat\u00f3rios tamb\u00e9m mostram que, em 2025, o Paran\u00e1 confirmou 611 casos e 56 mortes por S\u00edndromes Respirat\u00f3rias Agudas Graves (SRAG) associadas \u00e0 Influenza. No acumulado do ano, o Estado soma 9.255 casos e 436 mortes por SRAG hospitalizadas.<\/p>\n\n\n\n<p>Diante desse cen\u00e1rio, o secret\u00e1rio de Estado da Sa\u00fade, Beto Preto, refor\u00e7a a import\u00e2ncia da vacina\u00e7\u00e3o. \u201cO crescimento da Influenza nas amostras analisadas acende mais um sinal de alerta. \u00c9 fundamental que os grupos priorit\u00e1rios procurem os postos de sa\u00fade para se imunizar\u201d, destacou.<\/p>\n\n\n\n<p><strong>VACINA\u00c7\u00c3O<\/strong>\u00a0\u2013\u00a0At\u00e9 o momento, os idosos lideram a cobertura vacinal, com 848.966 doses aplicadas, o equivalente a 42,2% da popula\u00e7\u00e3o-alvo. Em seguida aparecem as crian\u00e7as, com 231.346 doses (28,85%), e as gestantes, com 28.919 doses (27,56%). O Paran\u00e1 j\u00e1 recebeu 4 milh\u00f5es de doses da vacina contra a gripe. As doses est\u00e3o dispon\u00edveis para a popula\u00e7\u00e3o em geral nas unidades de sa\u00fade.<\/p>\n\n\n\n<p>AEN<\/p>\n","protected":false},"excerpt":{"rendered":"<p>A Secretaria de Estado da Sa\u00fade do Paran\u00e1 (Sesa) alerta para o avan\u00e7o da presen\u00e7a do v\u00edrus Influenza nas amostras analisadas pelo Laborat\u00f3rio Central do Estado (Lacen\/PR). De acordo com os exames processados entre o in\u00edcio de janeiro e 23 de maio, o v\u00edrus Influenza A passou a representar 30,5% das amostras positivas na \u00faltima [&hellip;]<\/p>\n","protected":false},"author":2,"featured_media":67563,"comment_status":"open","ping_status":"open","sticky":false,"template":"","format":"standard","meta":{"advanced_seo_description":"","jetpack_seo_html_title":"","jetpack_seo_noindex":false,"_jetpack_memberships_contains_paid_content":false,"footnotes":""},"categories":[50],"tags":[319],"class_list":{"0":"post-67562","1":"post","2":"type-post","3":"status-publish","4":"format-standard","5":"has-post-thumbnail","7":"category-saude","8":"tag-parana"},"jetpack_featured_media_url":"https:\/\/www.paranapraia.com.br\/wp-content\/uploads\/2025\/05\/image-1-scaled.jpg","jetpack_sharing_enabled":true,"_links":{"self":[{"href":"https:\/\/www.paranapraia.com.br\/index.php\/wp-json\/wp\/v2\/posts\/67562"}],"collection":[{"href":"https:\/\/www.paranapraia.com.br\/index.php\/wp-json\/wp\/v2\/posts"}],"about":[{"href":"https:\/\/www.paranapraia.com.br\/index.php\/wp-json\/wp\/v2\/types\/post"}],"author":[{"embeddable":true,"href":"https:\/\/www.paranapraia.com.br\/index.php\/wp-json\/wp\/v2\/users\/2"}],"replies":[{"embeddable":true,"href":"https:\/\/www.paranapraia.com.br\/index.php\/wp-json\/wp\/v2\/comments?post=67562"}],"version-history":[{"count":1,"href":"https:\/\/www.paranapraia.com.br\/index.php\/wp-json\/wp\/v2\/posts\/67562\/revisions"}],"predecessor-version":[{"id":67564,"href":"https:\/\/www.paranapraia.com.br\/index.php\/wp-json\/wp\/v2\/posts\/67562\/revisions\/67564"}],"wp:featuredmedia":[{"embeddable":true,"href":"https:\/\/www.paranapraia.com.br\/index.php\/wp-json\/wp\/v2\/media\/67563"}],"wp:attachment":[{"href":"https:\/\/www.paranapraia.com.br\/index.php\/wp-json\/wp\/v2\/media?parent=67562"}],"wp:term":[{"taxonomy":"category","embeddable":true,"href":"https:\/\/www.paranapraia.com.br\/index.php\/wp-json\/wp\/v2\/categories?post=67562"},{"taxonomy":"post_tag","embeddable":true,"href":"https:\/\/www.paranapraia.com.br\/index.php\/wp-json\/wp\/v2\/tags?post=67562"}],"curies":[{"name":"wp","href":"https:\/\/api.w.org\/{rel}","templated":true}]}}