{"id":67501,"date":"2025-05-26T15:49:18","date_gmt":"2025-05-26T18:49:18","guid":{"rendered":"https:\/\/www.paranapraia.com.br\/?p=67501"},"modified":"2025-05-26T15:49:20","modified_gmt":"2025-05-26T18:49:20","slug":"assistencia-social-estado-reunira-gestores-e-tecnicos-para-fortalecer-atendimentos","status":"publish","type":"post","link":"https:\/\/www.paranapraia.com.br\/index.php\/2025\/05\/26\/assistencia-social-estado-reunira-gestores-e-tecnicos-para-fortalecer-atendimentos\/","title":{"rendered":"Assist\u00eancia social: Estado reunir\u00e1 gestores e t\u00e9cnicos para fortalecer atendimentos"},"content":{"rendered":"\n<p>Cerca de 800 gestores e t\u00e9cnicos municipais de assist\u00eancia social do Paran\u00e1 v\u00e3o participar nesta quarta (28) e quinta-feira (29) da segunda etapa do FNAS pelo Brasil, evento que oferecer\u00e1 palestras ministradas por t\u00e9cnicos do governo federal especializados na pr\u00e1tica da gest\u00e3o dos recursos do Fundo Nacional de Assist\u00eancia Social (FNAS). Os profissionais paranaenses ter\u00e3o a oportunidade de aprimorar seus conhecimentos na gest\u00e3o dos fundos de assist\u00eancia social. Veja abaixo como podem ser feitas as inscri\u00e7\u00f5es.<\/p>\n\n\n\n<p>O evento \u00e9 fruto de uma parceria entre o Minist\u00e9rio do Desenvolvimento e Assist\u00eancia Social, Fam\u00edlia e Combate \u00e0 Fome (MDS), por meio da Secretaria Nacional de Assist\u00eancia Social (SNAS), e o Governo do Paran\u00e1, representado pela Secretaria do Desenvolvimento Social e Fam\u00edlia (Sedef). A iniciativa visa fortalecer a capacidade dos gestores locais, garantindo uma administra\u00e7\u00e3o mais eficiente e transparente dos recursos destinados \u00e0 \u00e1rea.<\/p>\n\n\n\n<p>AEN<\/p>\n","protected":false},"excerpt":{"rendered":"<p>Cerca de 800 gestores e t\u00e9cnicos municipais de assist\u00eancia social do Paran\u00e1 v\u00e3o participar nesta quarta (28) e quinta-feira (29) da segunda etapa do FNAS pelo Brasil, evento que oferecer\u00e1 palestras ministradas por t\u00e9cnicos do governo federal especializados na pr\u00e1tica da gest\u00e3o dos recursos do Fundo Nacional de Assist\u00eancia Social (FNAS). Os profissionais paranaenses ter\u00e3o [&hellip;]<\/p>\n","protected":false},"author":2,"featured_media":67502,"comment_status":"open","ping_status":"open","sticky":false,"template":"","format":"standard","meta":{"advanced_seo_description":"","jetpack_seo_html_title":"","jetpack_seo_noindex":false,"_jetpack_memberships_contains_paid_content":false,"footnotes":""},"categories":[650],"tags":[319],"class_list":{"0":"post-67501","1":"post","2":"type-post","3":"status-publish","4":"format-standard","5":"has-post-thumbnail","7":"category-parana","8":"tag-parana"},"jetpack_featured_media_url":"https:\/\/www.paranapraia.com.br\/wp-content\/uploads\/2025\/05\/fnas_2024_credito_sedef_2-scaled.jpg","jetpack_sharing_enabled":true,"_links":{"self":[{"href":"https:\/\/www.paranapraia.com.br\/index.php\/wp-json\/wp\/v2\/posts\/67501"}],"collection":[{"href":"https:\/\/www.paranapraia.com.br\/index.php\/wp-json\/wp\/v2\/posts"}],"about":[{"href":"https:\/\/www.paranapraia.com.br\/index.php\/wp-json\/wp\/v2\/types\/post"}],"author":[{"embeddable":true,"href":"https:\/\/www.paranapraia.com.br\/index.php\/wp-json\/wp\/v2\/users\/2"}],"replies":[{"embeddable":true,"href":"https:\/\/www.paranapraia.com.br\/index.php\/wp-json\/wp\/v2\/comments?post=67501"}],"version-history":[{"count":1,"href":"https:\/\/www.paranapraia.com.br\/index.php\/wp-json\/wp\/v2\/posts\/67501\/revisions"}],"predecessor-version":[{"id":67503,"href":"https:\/\/www.paranapraia.com.br\/index.php\/wp-json\/wp\/v2\/posts\/67501\/revisions\/67503"}],"wp:featuredmedia":[{"embeddable":true,"href":"https:\/\/www.paranapraia.com.br\/index.php\/wp-json\/wp\/v2\/media\/67502"}],"wp:attachment":[{"href":"https:\/\/www.paranapraia.com.br\/index.php\/wp-json\/wp\/v2\/media?parent=67501"}],"wp:term":[{"taxonomy":"category","embeddable":true,"href":"https:\/\/www.paranapraia.com.br\/index.php\/wp-json\/wp\/v2\/categories?post=67501"},{"taxonomy":"post_tag","embeddable":true,"href":"https:\/\/www.paranapraia.com.br\/index.php\/wp-json\/wp\/v2\/tags?post=67501"}],"curies":[{"name":"wp","href":"https:\/\/api.w.org\/{rel}","templated":true}]}}