{"id":67498,"date":"2025-05-26T15:47:10","date_gmt":"2025-05-26T18:47:10","guid":{"rendered":"https:\/\/www.paranapraia.com.br\/?p=67498"},"modified":"2025-05-26T15:47:13","modified_gmt":"2025-05-26T18:47:13","slug":"la-vem-ele-primeira-onda-de-frio-intenso-tera-temperaturas-na-faixa-de-0c-no-parana","status":"publish","type":"post","link":"https:\/\/www.paranapraia.com.br\/index.php\/2025\/05\/26\/la-vem-ele-primeira-onda-de-frio-intenso-tera-temperaturas-na-faixa-de-0c-no-parana\/","title":{"rendered":"L\u00e1 vem ele: Primeira onda de frio intenso ter\u00e1 temperaturas na faixa de 0\u00b0C no Paran\u00e1"},"content":{"rendered":"\n<p>Uma frente fria seguida de uma massa de ar polar se aproxima do Paran\u00e1 nesta quarta-feira (28) e vai fazer a temperatura despencar. Na metade Norte do Estado elas devem ficar pr\u00f3ximas a 5\u00b0C, e na metade Sul poder\u00e3o ficar negativas. O cen\u00e1rio \u00e9 monitorado pelo Sistema de Tecnologia e Monitoramento Ambiental do Paran\u00e1 (Simepar), que vem avisando a popula\u00e7\u00e3o desde a semana passada para que todos possam se preparar para o frio.<\/p>\n\n\n\n<p>Na segunda e na ter\u00e7a-feira (26 e 27) os dias come\u00e7am com maior cobertura de nuvens na faixa Leste, nos Campos Gerais e no Sudeste por conta dos ventos que sopram do oceano, trazendo umidade para o continente. O sol aparecer\u00e1 em todas as regi\u00f5es, o que far\u00e1 as temperaturas subirem no per\u00edodo da tarde. Elas podem chegar a 30\u00b0C no Norte, Noroeste, Oeste e Sudoeste, com destaque para Capanema, Gua\u00edra e Loanda. Nestas regi\u00f5es, a umidade relativa do ar estar\u00e1 baixa.<\/p>\n\n\n\n<p>\u201cOutro destaque desta segunda-feira est\u00e1 nos ventos que sopram do quadrante norte, com moderada a forte intensidade na regi\u00e3o de Cascavel. Na ter\u00e7a os ventos fortes continuam no Oeste, Sudoeste e Sul, se destacando Clevel\u00e2ndia, Capanema e Cascavel, com rajadas que podem ultrapassar os 60 km\/h pontualmente\u201d, ressalta Leonardo Furlan, meteorologista do Simepar.<\/p>\n\n\n\n<p>O sol nos dois primeiros dias da semana \u00e9 perfeito para tirar as jaquetas e cobertas do arm\u00e1rio, lavar e entregar doa\u00e7\u00f5es de roupas de frio para que todos possam se preparar, pois o resto da semana registrar\u00e1 frio intenso.<\/p>\n\n\n\n<p>O tempo come\u00e7a a mudar no fim da ter\u00e7a-feira. O aumento de nuvens nas regi\u00f5es que fazem divisa com Santa Catarina e fronteira com os pa\u00edses vizinhos traz possibilidade de pancadas isoladas de chuva e algumas trovoadas.<\/p>\n\n\n\n<p>\u201cDurante a noite, a frente fria que avan\u00e7a pelo Sul do pa\u00eds alcan\u00e7a o Paran\u00e1, trazendo aumento de nuvens e chuvas com temporais localizados e rajadas de vento, n\u00e3o se descartando queda e granizo pontual. Essas instabilidades alcan\u00e7am todas as regi\u00f5es paranaenses ao longo da madrugada da quarta-feira\u201d, explica Furlan.<\/p>\n\n\n\n<p>Ap\u00f3s a chuva, chega o frio. Assim que a frente fria passar, avan\u00e7ar\u00e1 sobre o Paran\u00e1 uma massa de ar de origem polar que vai trazer uma queda expressiva nas temperaturas e uma mudan\u00e7a no padr\u00e3o na quarta-feira, em espec\u00edfico: ao inv\u00e9s do dia come\u00e7ar gelado e as temperaturas subirem, como tem sido costumeiro no Outono, as temperaturas m\u00e1ximas ocorrer\u00e3o durante a manh\u00e3, e ao longo do dia sofrem um forte decl\u00ednio, ficando abaixo dos 10\u00b0C no Sudoeste e Centro-sul do Paran\u00e1.<\/p>\n\n\n\n<p>\u201cDurante a tarde de quarta os ventos sopram do quadrante Sul e Sudoeste, o que acentua a sensa\u00e7\u00e3o de frio. As temperaturas m\u00ednimas ocorrer\u00e3o durante a noite\u201d, afirma Furlan.<\/p>\n\n\n\n<p><strong>FRIO&nbsp;<\/strong>\u2013 Na quinta-feira (29) os recordes de temperatura m\u00ednima para o ano devem ocorrer em todo o Estado. As m\u00ednimas v\u00e3o variar entre 3\u00b0C e 7\u00b0C desde o Norte Pioneiro at\u00e9 o Noroeste do Estado, e tamb\u00e9m na Regi\u00e3o Metropolitana de Curitiba (RMC) e no Oeste.<\/p>\n\n\n\n<p>J\u00e1 no Centro-Sul, Sudeste e Campos Gerais, as m\u00ednimas ficam pr\u00f3ximas de 0\u00b0C, podendo pontualmente ficar negativas. O frio ser\u00e1 ainda mais intenso na sexta-feira, principalmente na RMC, no Centro-Sul, Sudeste e Sudoeste. Na RMC temperatura deve chegar a 1\u00b0C, mas nas outras tr\u00eas regi\u00f5es podem ocorrer temperaturas negativas, pontualmente.<\/p>\n\n\n\n<p>\u201cNa quinta-feira h\u00e1 previs\u00e3o de geada de fraca a moderada intensidade nos Campos Gerais. Na sexta-feira o risco \u00e9 elevado para a geada, principalmente na regi\u00e3o Centro-Sul, com moderada intensidade pegando o Sudoeste, a regi\u00e3o Central, os Campos Gerais, a regi\u00e3o Sudeste e Metropolitana de Curitiba. No Oeste e na faixa Norte do Estado a chance \u00e9 baixa, mas n\u00e3o est\u00e1 descartada\u201d, lembra Furlan.<\/p>\n\n\n\n<p>A previs\u00e3o fica mais precisa quanto mais pr\u00f3xima da data verificada. Por conta disso, o Simepar recomenda que todos acompanhem o Alerta Geada, na p\u00e1gina inicial do&nbsp;<a href=\"https:\/\/www.simepar.br\/\" target=\"_blank\" rel=\"noreferrer noopener\">site do Simepar<\/a>, que traz as informa\u00e7\u00f5es sobre locais e intensidade de geada com 72 horas de anteced\u00eancia em todo o Paran\u00e1. O Alerta Geada \u00e9 um servi\u00e7o realizado desde 1995 em parceria com o Instituto de Desenvolvimento Rural (IDR) e a Secretaria da Agricultura e de Abastecimento (SEAB).<\/p>\n\n\n\n<p>AEN<\/p>\n","protected":false},"excerpt":{"rendered":"<p>Uma frente fria seguida de uma massa de ar polar se aproxima do Paran\u00e1 nesta quarta-feira (28) e vai fazer a temperatura despencar. Na metade Norte do Estado elas devem ficar pr\u00f3ximas a 5\u00b0C, e na metade Sul poder\u00e3o ficar negativas. O cen\u00e1rio \u00e9 monitorado pelo Sistema de Tecnologia e Monitoramento Ambiental do Paran\u00e1 (Simepar), [&hellip;]<\/p>\n","protected":false},"author":2,"featured_media":67499,"comment_status":"open","ping_status":"open","sticky":false,"template":"","format":"standard","meta":{"advanced_seo_description":"","jetpack_seo_html_title":"","jetpack_seo_noindex":false,"_jetpack_memberships_contains_paid_content":false,"footnotes":""},"categories":[40],"tags":[319,487],"class_list":{"0":"post-67498","1":"post","2":"type-post","3":"status-publish","4":"format-standard","5":"has-post-thumbnail","7":"category-destaques","8":"tag-parana","9":"tag-parana-2"},"jetpack_featured_media_url":"https:\/\/www.paranapraia.com.br\/wp-content\/uploads\/2025\/05\/alessandro_vieira_22-scaled.jpg","jetpack_sharing_enabled":true,"_links":{"self":[{"href":"https:\/\/www.paranapraia.com.br\/index.php\/wp-json\/wp\/v2\/posts\/67498"}],"collection":[{"href":"https:\/\/www.paranapraia.com.br\/index.php\/wp-json\/wp\/v2\/posts"}],"about":[{"href":"https:\/\/www.paranapraia.com.br\/index.php\/wp-json\/wp\/v2\/types\/post"}],"author":[{"embeddable":true,"href":"https:\/\/www.paranapraia.com.br\/index.php\/wp-json\/wp\/v2\/users\/2"}],"replies":[{"embeddable":true,"href":"https:\/\/www.paranapraia.com.br\/index.php\/wp-json\/wp\/v2\/comments?post=67498"}],"version-history":[{"count":1,"href":"https:\/\/www.paranapraia.com.br\/index.php\/wp-json\/wp\/v2\/posts\/67498\/revisions"}],"predecessor-version":[{"id":67500,"href":"https:\/\/www.paranapraia.com.br\/index.php\/wp-json\/wp\/v2\/posts\/67498\/revisions\/67500"}],"wp:featuredmedia":[{"embeddable":true,"href":"https:\/\/www.paranapraia.com.br\/index.php\/wp-json\/wp\/v2\/media\/67499"}],"wp:attachment":[{"href":"https:\/\/www.paranapraia.com.br\/index.php\/wp-json\/wp\/v2\/media?parent=67498"}],"wp:term":[{"taxonomy":"category","embeddable":true,"href":"https:\/\/www.paranapraia.com.br\/index.php\/wp-json\/wp\/v2\/categories?post=67498"},{"taxonomy":"post_tag","embeddable":true,"href":"https:\/\/www.paranapraia.com.br\/index.php\/wp-json\/wp\/v2\/tags?post=67498"}],"curies":[{"name":"wp","href":"https:\/\/api.w.org\/{rel}","templated":true}]}}