{"id":67495,"date":"2025-05-26T15:44:51","date_gmt":"2025-05-26T18:44:51","guid":{"rendered":"https:\/\/www.paranapraia.com.br\/?p=67495"},"modified":"2025-05-26T15:44:54","modified_gmt":"2025-05-26T18:44:54","slug":"teatro-guaira-recebe-dois-shows-de-armandinho-expoente-do-reggae-nacional","status":"publish","type":"post","link":"https:\/\/www.paranapraia.com.br\/index.php\/2025\/05\/26\/teatro-guaira-recebe-dois-shows-de-armandinho-expoente-do-reggae-nacional\/","title":{"rendered":"Teatro Gua\u00edra recebe dois shows de Armandinho, expoente do reggae nacional"},"content":{"rendered":"\n<p>Um dos maiores nomes do reggae nacional, Armandinho, que j\u00e1 fez diversos shows lotados em Curitiba, inova mais uma vez e retorna \u00e0 cidade para fazer sua estreia no teatro. O cantor e compositor ga\u00facho desembarca na capital paranaense nos dias 30 e 31 de maio para se apresentar pela primeira vez no palco de um dos teatros mais ic\u00f4nicos do pa\u00eds, o Teatro Gua\u00edra, \u00e0s 21h15, e promete dois shows hist\u00f3ricos.&nbsp;<\/p>\n\n\n\n<p>Ele vai cantar uma s\u00e9rie de sucessos que marcam o seu estilo leve e descontra\u00eddo de fazer reggae e outros g\u00eaneros. No show, Armandinho (voz, viol\u00e3o e guitarra) estar\u00e1 acompanhado por sua banda, formada por Jo\u00e3o Coiote (voz e viol\u00e3o), Gordo Lopes (percuss\u00e3o), Lucio Dorfman (teclados), Pedro Porto (baixo), Vini Bondan (bateria), Luciano Granja (guitarra) e Renato Batista (trompete). No repert\u00f3rio, as can\u00e7\u00f5es que o p\u00fablico ama, como \u201cSabe\u201d, &#8220;Desenho de Deus&#8221;, &#8220;Outra Vida&#8221;, &#8220;Casinha&#8221; e &#8220;Ana Lua&#8221;.&nbsp;<\/p>\n\n\n\n<p>O ano de 2024 foi intenso para Armandinho. Festivais, shows no Brasil e no Exterior, preparando novo \u00e1lbum e o prazer de sempre em encontrar seu p\u00fablico pelo Pa\u00eds. Em 2023, al\u00e9m de estar na estrada por todo o Brasil, turn\u00eas na Nova Zel\u00e2ndia, Austr\u00e1lia, Inglaterra, Espanha e Portugal, o artista lan\u00e7ou em dezembro a m\u00fasica \u201cSabe\u201d, composi\u00e7\u00e3o sua que conta com a participa\u00e7\u00e3o da cantora Ana Gabriela. A m\u00fasica, lan\u00e7ada em 2022 nas plataformas digitais, estreou em 2\u00b0 na Crowley, igualando o n\u00famero de plays do primeiro lugar, que foi de Miley Cyrus.<\/p>\n\n\n\n<p>Chamado de poeta por seus f\u00e3s, sua m\u00fasica reflete suas influ\u00eancias, trazendo uma mistura de pop com reggae, rock, surf rock e pitadas de romantismo.&nbsp;Armandinho nasceu em Porto Alegre em 22 de janeiro de 1970, numa fam\u00edlia que cultuava a m\u00fasica. O pai, com quem conviveu pouco, tocava MPB no viol\u00e3o e cantava; sua m\u00e3e, al\u00e9m de lhe colocar na aula de viol\u00e3o quando ele tinha 8 anos, lhe apresentou os grandes artistas da MPB e do rock; e a av\u00f3 o apresentou ao mundo de Mercedes, Sosa e Atahualpa Yupanqui.&nbsp;<\/p>\n\n\n\n<p>AEN<\/p>\n","protected":false},"excerpt":{"rendered":"<p>Um dos maiores nomes do reggae nacional, Armandinho, que j\u00e1 fez diversos shows lotados em Curitiba, inova mais uma vez e retorna \u00e0 cidade para fazer sua estreia no teatro. O cantor e compositor ga\u00facho desembarca na capital paranaense nos dias 30 e 31 de maio para se apresentar pela primeira vez no palco de [&hellip;]<\/p>\n","protected":false},"author":2,"featured_media":67496,"comment_status":"open","ping_status":"open","sticky":false,"template":"","format":"standard","meta":{"advanced_seo_description":"","jetpack_seo_html_title":"","jetpack_seo_noindex":false,"_jetpack_memberships_contains_paid_content":false,"footnotes":""},"categories":[40],"tags":[1262,406],"class_list":{"0":"post-67495","1":"post","2":"type-post","3":"status-publish","4":"format-standard","5":"has-post-thumbnail","7":"category-destaques","8":"tag-armandinho","9":"tag-curitiba"},"jetpack_featured_media_url":"https:\/\/www.paranapraia.com.br\/wp-content\/uploads\/2025\/05\/armandinho4-scaled.jpg","jetpack_sharing_enabled":true,"_links":{"self":[{"href":"https:\/\/www.paranapraia.com.br\/index.php\/wp-json\/wp\/v2\/posts\/67495"}],"collection":[{"href":"https:\/\/www.paranapraia.com.br\/index.php\/wp-json\/wp\/v2\/posts"}],"about":[{"href":"https:\/\/www.paranapraia.com.br\/index.php\/wp-json\/wp\/v2\/types\/post"}],"author":[{"embeddable":true,"href":"https:\/\/www.paranapraia.com.br\/index.php\/wp-json\/wp\/v2\/users\/2"}],"replies":[{"embeddable":true,"href":"https:\/\/www.paranapraia.com.br\/index.php\/wp-json\/wp\/v2\/comments?post=67495"}],"version-history":[{"count":1,"href":"https:\/\/www.paranapraia.com.br\/index.php\/wp-json\/wp\/v2\/posts\/67495\/revisions"}],"predecessor-version":[{"id":67497,"href":"https:\/\/www.paranapraia.com.br\/index.php\/wp-json\/wp\/v2\/posts\/67495\/revisions\/67497"}],"wp:featuredmedia":[{"embeddable":true,"href":"https:\/\/www.paranapraia.com.br\/index.php\/wp-json\/wp\/v2\/media\/67496"}],"wp:attachment":[{"href":"https:\/\/www.paranapraia.com.br\/index.php\/wp-json\/wp\/v2\/media?parent=67495"}],"wp:term":[{"taxonomy":"category","embeddable":true,"href":"https:\/\/www.paranapraia.com.br\/index.php\/wp-json\/wp\/v2\/categories?post=67495"},{"taxonomy":"post_tag","embeddable":true,"href":"https:\/\/www.paranapraia.com.br\/index.php\/wp-json\/wp\/v2\/tags?post=67495"}],"curies":[{"name":"wp","href":"https:\/\/api.w.org\/{rel}","templated":true}]}}