{"id":67459,"date":"2025-05-24T17:11:29","date_gmt":"2025-05-24T20:11:29","guid":{"rendered":"https:\/\/www.paranapraia.com.br\/?p=67459"},"modified":"2025-05-24T17:11:32","modified_gmt":"2025-05-24T20:11:32","slug":"pontal-do-parana-investe-em-novos-materiais-para-atendimento-infantil-especializado-2","status":"publish","type":"post","link":"https:\/\/www.paranapraia.com.br\/index.php\/2025\/05\/24\/pontal-do-parana-investe-em-novos-materiais-para-atendimento-infantil-especializado-2\/","title":{"rendered":"Pontal do Paran\u00e1 investe em novos materiais para atendimento infantil especializado"},"content":{"rendered":"\n<p>Nesta segunda-feira (19\/05), o Ambulat\u00f3rio Municipal de Especialidades da Crian\u00e7a (AME), em Pontal do Paran\u00e1, recebeu novos materiais que v\u00e3o contribuir com o cuidado di\u00e1rio de cerca de 200 crian\u00e7as. A entrega foi feita com a presen\u00e7a do Prefeito Rud\u00e3o Gimenes e da Secret\u00e1ria de Sa\u00fade, Michele Straub.<\/p>\n\n\n\n<p>Os materiais foram comprados com recursos municipais e selecionados com aten\u00e7\u00e3o pela equipe t\u00e9cnica do ambulat\u00f3rio. A inten\u00e7\u00e3o \u00e9 tornar o ambiente mais acolhedor e funcional, oferecendo mais conforto para as crian\u00e7as durante os atendimentos e ajudando na evolu\u00e7\u00e3o dos tratamentos.<\/p>\n\n\n\n<p>Desde sua cria\u00e7\u00e3o, em agosto de 2022, o AME tem sido um importante ponto de atendimento para crian\u00e7as com diferentes necessidades, principalmente ligadas \u00e0 neurodiverg\u00eancia. A equipe \u00e9 formada por profissionais como psic\u00f3logos, fonoaudi\u00f3logos, nutricionista, terapeuta ocupacional, pedagoga e psiquiatra.<\/p>\n\n\n\n<p>A unidade faz parte do Sistema \u00danico de Sa\u00fade (SUS) e funciona exclusivamente com recursos da prefeitura. A chegada dos novos materiais representa mais uma etapa na busca por um atendimento de qualidade para as fam\u00edlias que dependem do servi\u00e7o.<\/p>\n\n\n\n<p>A moradora de Pontal do Paran\u00e1 Cassiana, que veio de Porto Uni\u00e3o, em Santa Catarina, relatou estar encantada com a cidade. Ela elogiou a qualidade de vida em Pontal e contou que ficou impressionada com a variedade de oficinas gratuitas oferecidas pela Prefeitura. Segundo ela, o prefeito Rud\u00e3o Gimenes est\u00e1 de parab\u00e9ns pela gest\u00e3o.<\/p>\n\n\n\n<p>\ud83e\uddf8Com esse novo apoio, o AME se torna ainda mais preparado para acolher as crian\u00e7as de Pontal do Paran\u00e1. A entrega dos materiais mostra que investir na estrutura da sa\u00fade p\u00fablica \u00e9 uma forma de cuidar melhor de quem mais precisa.<\/p>\n\n\n\n<p>\ud83d\udcf7Fotos: Prefeitura de Pontal do Paran\u00e1\/Clovis Santos<\/p>\n","protected":false},"excerpt":{"rendered":"<p>Nesta segunda-feira (19\/05), o Ambulat\u00f3rio Municipal de Especialidades da Crian\u00e7a (AME), em Pontal do Paran\u00e1, recebeu novos materiais que v\u00e3o contribuir com o cuidado di\u00e1rio de cerca de 200 crian\u00e7as. A entrega foi feita com a presen\u00e7a do Prefeito Rud\u00e3o Gimenes e da Secret\u00e1ria de Sa\u00fade, Michele Straub. Os materiais foram comprados com recursos municipais [&hellip;]<\/p>\n","protected":false},"author":2,"featured_media":67460,"comment_status":"open","ping_status":"open","sticky":false,"template":"","format":"standard","meta":{"advanced_seo_description":"","jetpack_seo_html_title":"","jetpack_seo_noindex":false,"_jetpack_memberships_contains_paid_content":false,"footnotes":""},"categories":[40],"tags":[318],"class_list":{"0":"post-67459","1":"post","2":"type-post","3":"status-publish","4":"format-standard","5":"has-post-thumbnail","7":"category-destaques","8":"tag-pontal-do-parana"},"jetpack_featured_media_url":"https:\/\/www.paranapraia.com.br\/wp-content\/uploads\/2025\/05\/FB_IMG_1748117394490-scaled.jpg","jetpack_sharing_enabled":true,"_links":{"self":[{"href":"https:\/\/www.paranapraia.com.br\/index.php\/wp-json\/wp\/v2\/posts\/67459"}],"collection":[{"href":"https:\/\/www.paranapraia.com.br\/index.php\/wp-json\/wp\/v2\/posts"}],"about":[{"href":"https:\/\/www.paranapraia.com.br\/index.php\/wp-json\/wp\/v2\/types\/post"}],"author":[{"embeddable":true,"href":"https:\/\/www.paranapraia.com.br\/index.php\/wp-json\/wp\/v2\/users\/2"}],"replies":[{"embeddable":true,"href":"https:\/\/www.paranapraia.com.br\/index.php\/wp-json\/wp\/v2\/comments?post=67459"}],"version-history":[{"count":1,"href":"https:\/\/www.paranapraia.com.br\/index.php\/wp-json\/wp\/v2\/posts\/67459\/revisions"}],"predecessor-version":[{"id":67461,"href":"https:\/\/www.paranapraia.com.br\/index.php\/wp-json\/wp\/v2\/posts\/67459\/revisions\/67461"}],"wp:featuredmedia":[{"embeddable":true,"href":"https:\/\/www.paranapraia.com.br\/index.php\/wp-json\/wp\/v2\/media\/67460"}],"wp:attachment":[{"href":"https:\/\/www.paranapraia.com.br\/index.php\/wp-json\/wp\/v2\/media?parent=67459"}],"wp:term":[{"taxonomy":"category","embeddable":true,"href":"https:\/\/www.paranapraia.com.br\/index.php\/wp-json\/wp\/v2\/categories?post=67459"},{"taxonomy":"post_tag","embeddable":true,"href":"https:\/\/www.paranapraia.com.br\/index.php\/wp-json\/wp\/v2\/tags?post=67459"}],"curies":[{"name":"wp","href":"https:\/\/api.w.org\/{rel}","templated":true}]}}