{"id":67453,"date":"2025-05-24T17:05:03","date_gmt":"2025-05-24T20:05:03","guid":{"rendered":"https:\/\/www.paranapraia.com.br\/?p=67453"},"modified":"2025-05-24T17:05:06","modified_gmt":"2025-05-24T20:05:06","slug":"ia-utilizada-pelo-parana-na-educacao-e-destaque-em-evento-nacional-de-tecnologia","status":"publish","type":"post","link":"https:\/\/www.paranapraia.com.br\/index.php\/2025\/05\/24\/ia-utilizada-pelo-parana-na-educacao-e-destaque-em-evento-nacional-de-tecnologia\/","title":{"rendered":"IA utilizada pelo Paran\u00e1 na educa\u00e7\u00e3o \u00e9 destaque em evento nacional de tecnologia"},"content":{"rendered":"\n<p>A Secretaria de Estado da Educa\u00e7\u00e3o do Paran\u00e1 (Seed-PR) marca presen\u00e7a na confer\u00eancia CIO Brasil GOV 2025, evento voltado a l\u00edderes de tecnologia da informa\u00e7\u00e3o do setor p\u00fablico no Pa\u00eds, que ocorre de 21 a 25 de maio, em Florian\u00f3polis (SC). Reconhecido como espa\u00e7o estrat\u00e9gico para a apresenta\u00e7\u00e3o de solu\u00e7\u00f5es tecnol\u00f3gicas que impactam positivamente a gest\u00e3o p\u00fablica, o evento re\u00fane profissionais de todo o Brasil para discutir tend\u00eancias, trocar experi\u00eancias e fortalecer a transforma\u00e7\u00e3o digital no servi\u00e7o p\u00fablico.<\/p>\n\n\n\n<p>O principal destaque da participa\u00e7\u00e3o da Seed-PR \u00e9 a aplica\u00e7\u00e3o da Intelig\u00eancia Artificial na educa\u00e7\u00e3o p\u00fablica, com a apresenta\u00e7\u00e3o do Recurso Educacional Digital (RED) Reda\u00e7\u00e3o Paran\u00e1, com uso de IA, como case de sucesso. A ferramenta, desenvolvida para apoiar a pr\u00e1tica da escrita entre estudantes da rede estadual, representa um avan\u00e7o significativo na personaliza\u00e7\u00e3o do ensino, ao permitir corre\u00e7\u00f5es autom\u00e1ticas, devolutivas personalizadas e suporte pedag\u00f3gico com base em algoritmos inteligentes.<\/p>\n\n\n\n<p>Para o diretor de Tecnologia e Inova\u00e7\u00e3o da Seed-PR, Claudio Aparecido de Oliveira, a iniciativa posiciona o Paran\u00e1 na lideran\u00e7a do uso respons\u00e1vel e estrat\u00e9gico da IA no setor educacional. \u201cA participa\u00e7\u00e3o no CIO GOV 2025 \u00e9 crucial para l\u00edderes e profissionais de tecnologia no setor p\u00fablico. Este evento oferece uma oportunidade \u00edmpar para networking, troca de conhecimentos e atualiza\u00e7\u00e3o sobre as \u00faltimas tend\u00eancias e inova\u00e7\u00f5es que podem transformar a gest\u00e3o governamental\u201d, afirmou.<\/p>\n\n\n\n<p>O Paran\u00e1 se destacou durante o evento como um dos estados mais avan\u00e7ados na incorpora\u00e7\u00e3o da tecnologia na educa\u00e7\u00e3o, apresentando solu\u00e7\u00f5es concretas que, por meio da IA, j\u00e1 impactam diariamente a rotina dos estudantes e professores da rede estadual.<\/p>\n\n\n\n<p>Com destaque para o Reda\u00e7\u00e3o Paran\u00e1, recurso digital implementado para auxiliar estudantes da rede estadual no desenvolvimento de habilidades de escrita, especialmente voltadas para o Exame Nacional do Ensino M\u00e9dio (Enem) e vestibulares, os porta-vozes da Seed-PR apresentaram o impacto do recurso como case de sucesso.&nbsp;<\/p>\n\n\n\n<p>\u201cCom mais de 1 milh\u00e3o de reda\u00e7\u00f5es realizadas somente neste primeiro trimestre, o recurso se tornou importante aliado dos estudantes no desenvolvimento da escrita. Fundamental neste processo, o uso da IA permite analisar os textos produzidos, oferecendo corre\u00e7\u00f5es autom\u00e1ticas e feedbacks em tempo real sobre aspectos como gram\u00e1tica, ortografia, pontua\u00e7\u00e3o, sem\u00e2ntica e estrutura textual. Isso possibilita uma aprendizagem mais personalizada e eficiente, pois cada estudante pode identificar suas dificuldades espec\u00edficas e aprimorar suas habilidades de forma cont\u00ednua, contribuindo para a melhoria da produ\u00e7\u00e3o textual e para o fortalecimento do pensamento cr\u00edtico\u201d, afirmou Oliveira.<\/p>\n\n\n\n<p>Al\u00e9m destas funcionalidades, o sistema fornece pontua\u00e7\u00f5es preliminares e explica\u00e7\u00f5es detalhadas sobre os erros identificados, promovendo uma aprendizagem mais aut\u00f4noma e eficaz.<\/p>\n\n\n\n<p>Servindo como apoio tamb\u00e9m para os professores, o recurso tamb\u00e9m oferece suporte na corre\u00e7\u00e3o das reda\u00e7\u00f5es dos alunos. \u201cEla utiliza intelig\u00eancia artificial para realizar corre\u00e7\u00f5es autom\u00e1ticas, destacando aspectos como ortografia, pontua\u00e7\u00e3o, concord\u00e2ncia e estrutura textual. Isso permite que os docentes concentrem seus esfor\u00e7os em an\u00e1lises mais profundas, como argumenta\u00e7\u00e3o, coes\u00e3o, coer\u00eancia e adequa\u00e7\u00e3o ao tema proposto. Isso permite ao professor acompanhar o progresso dos alunos, identificar \u00e1reas de dificuldade e fornecer feedback personalizado, otimizando o processo de ensino-aprendizagem\u201d, explicou.<\/p>\n\n\n\n<p>Somente neste ano, segundo Claudio Oliveira, mais de um milh\u00e3o de reda\u00e7\u00f5es, produzidas por mais de 800 mil alunos, j\u00e1 foram corrigidas, otimizando a rotina escolar de mais de 11 mil professores em toda a rede. \u201cTemos orgulho de mostrar ao pa\u00eds que investir em tecnologia educacional, com recursos como o Reda\u00e7\u00e3o Paran\u00e1, gera resultados concretos e transforma o aprendizado, tornando-o mais inclusivo, din\u00e2mico e eficaz\u201d, finalizou.<\/p>\n\n\n\n<p><strong>EVENTO\u00a0<\/strong>\u2013<strong>\u00a0<\/strong>Ao longo dos cinco dias de programa\u00e7\u00e3o, ser\u00e3o discutidos temas centrais para o setor da tecnologia, em diversas frentes do mercado. Com foco em inova\u00e7\u00e3o, ciberseguran\u00e7a, transforma\u00e7\u00e3o digital e intelig\u00eancia artificial, o evento conta com a presen\u00e7a de CEOs, profissionais da TI, l\u00edderes em tecnologia e demais profissionais da \u00e1rea. O encontro oferece uma programa\u00e7\u00e3o diversificada que inclui palestras, pain\u00e9is de discuss\u00e3o, workshops, atividades de networking e apresenta\u00e7\u00f5es de cases de sucesso.\u00a0<\/p>\n\n\n\n<p>AEN<\/p>\n","protected":false},"excerpt":{"rendered":"<p>A Secretaria de Estado da Educa\u00e7\u00e3o do Paran\u00e1 (Seed-PR) marca presen\u00e7a na confer\u00eancia CIO Brasil GOV 2025, evento voltado a l\u00edderes de tecnologia da informa\u00e7\u00e3o do setor p\u00fablico no Pa\u00eds, que ocorre de 21 a 25 de maio, em Florian\u00f3polis (SC). Reconhecido como espa\u00e7o estrat\u00e9gico para a apresenta\u00e7\u00e3o de solu\u00e7\u00f5es tecnol\u00f3gicas que impactam positivamente a [&hellip;]<\/p>\n","protected":false},"author":2,"featured_media":67454,"comment_status":"open","ping_status":"open","sticky":false,"template":"","format":"standard","meta":{"advanced_seo_description":"","jetpack_seo_html_title":"","jetpack_seo_noindex":false,"_jetpack_memberships_contains_paid_content":false,"footnotes":""},"categories":[40,72],"tags":[319],"class_list":{"0":"post-67453","1":"post","2":"type-post","3":"status-publish","4":"format-standard","5":"has-post-thumbnail","7":"category-destaques","8":"category-educacao","9":"tag-parana"},"jetpack_featured_media_url":"https:\/\/www.paranapraia.com.br\/wp-content\/uploads\/2025\/05\/cio_gov_2025-scaled.jpg","jetpack_sharing_enabled":true,"_links":{"self":[{"href":"https:\/\/www.paranapraia.com.br\/index.php\/wp-json\/wp\/v2\/posts\/67453"}],"collection":[{"href":"https:\/\/www.paranapraia.com.br\/index.php\/wp-json\/wp\/v2\/posts"}],"about":[{"href":"https:\/\/www.paranapraia.com.br\/index.php\/wp-json\/wp\/v2\/types\/post"}],"author":[{"embeddable":true,"href":"https:\/\/www.paranapraia.com.br\/index.php\/wp-json\/wp\/v2\/users\/2"}],"replies":[{"embeddable":true,"href":"https:\/\/www.paranapraia.com.br\/index.php\/wp-json\/wp\/v2\/comments?post=67453"}],"version-history":[{"count":1,"href":"https:\/\/www.paranapraia.com.br\/index.php\/wp-json\/wp\/v2\/posts\/67453\/revisions"}],"predecessor-version":[{"id":67455,"href":"https:\/\/www.paranapraia.com.br\/index.php\/wp-json\/wp\/v2\/posts\/67453\/revisions\/67455"}],"wp:featuredmedia":[{"embeddable":true,"href":"https:\/\/www.paranapraia.com.br\/index.php\/wp-json\/wp\/v2\/media\/67454"}],"wp:attachment":[{"href":"https:\/\/www.paranapraia.com.br\/index.php\/wp-json\/wp\/v2\/media?parent=67453"}],"wp:term":[{"taxonomy":"category","embeddable":true,"href":"https:\/\/www.paranapraia.com.br\/index.php\/wp-json\/wp\/v2\/categories?post=67453"},{"taxonomy":"post_tag","embeddable":true,"href":"https:\/\/www.paranapraia.com.br\/index.php\/wp-json\/wp\/v2\/tags?post=67453"}],"curies":[{"name":"wp","href":"https:\/\/api.w.org\/{rel}","templated":true}]}}