{"id":67450,"date":"2025-05-24T17:01:08","date_gmt":"2025-05-24T20:01:08","guid":{"rendered":"https:\/\/www.paranapraia.com.br\/?p=67450"},"modified":"2025-05-24T17:01:11","modified_gmt":"2025-05-24T20:01:11","slug":"congresso-no-parana-fortalece-politicas-de-reducao-de-riscos-de-desastres-na-america-latina","status":"publish","type":"post","link":"https:\/\/www.paranapraia.com.br\/index.php\/2025\/05\/24\/congresso-no-parana-fortalece-politicas-de-reducao-de-riscos-de-desastres-na-america-latina\/","title":{"rendered":"Congresso no Paran\u00e1 fortalece pol\u00edticas de redu\u00e7\u00e3o de riscos de desastres na Am\u00e9rica Latina"},"content":{"rendered":"\n<p>Divulgar experi\u00eancias, conhecimentos e apresentar trabalhos t\u00e9cnicos e cient\u00edficos relacionados \u00e0 Defesa Civil, al\u00e9m de reunir diversos setores da sociedade para discutir a redu\u00e7\u00e3o dos riscos de desastres e a\u00e7\u00f5es referentes \u00e0s mudan\u00e7as clim\u00e1ticas. Esses eram os objetivos do VI Congresso da Sociedade de An\u00e1lise de Riscos Latino-Americana \u2013 SRA-LA, realizado entre os dias 19 e 23 de maio em Curitiba.<\/p>\n\n\n\n<p>O evento, que teve tr\u00eas momentos distintos, o \u00faltimo deles nesta sexta-feira (23), mobilizou cerca de 600 participantes de v\u00e1rios estados e de pa\u00edses como Cuba, Col\u00f4mbia, Chile, Argentina, M\u00e9xico e Estados Unidos. Representantes das \u00e1reas acad\u00eamica e de defesa civil, gestores p\u00fablicos e integrantes da iniciativa privada estiveram envolvidos nesse esfor\u00e7o coletivo para encontrar meios de desenvolver a resili\u00eancia de comunidades e munic\u00edpios.<\/p>\n\n\n\n<p>A diretora acad\u00eamica do Centro de Estudos e Pesquisas sobre Desastres (CEPED), vinculado \u00e0 Defesa Civil do Paran\u00e1 e \u00e0 Unespar&nbsp;e presidente da Sociedade de An\u00e1lise de Riscos Latino-Americana (SRA-LA), professora doutora Danyelle Stringari, enalteceu a integra\u00e7\u00e3o entre o meio acad\u00eamico, as for\u00e7as de seguran\u00e7a e a sociedade civil como resposta aos desafios apresentados pelo aquecimento global e pelos desastres ambientais.<\/p>\n\n\n\n<p>\u201cA cria\u00e7\u00e3o de Centros de Pesquisa, de apoio \u00e0 Defesa Civil, \u00e9 fundamental. Porque o conhecimento que \u00e9 gerado dentro das universidades&nbsp; pode ser aplicado nas demandas da sociedade\u201d, comentou. \u201cEssa integra\u00e7\u00e3o \u00e9 o resultado desse evento. S\u00e3o as for\u00e7as de defesa civil, que atuam diretamente na resposta, podendo buscar esse conhecimento para a\u00e7\u00f5es de preven\u00e7\u00e3o e mitiga\u00e7\u00e3o dos riscos\u201d. Uma das organizadoras do evento, ela mostrou-se satisfeita com o n\u00edvel das discuss\u00f5es e dos trabalhos apresentados.<\/p>\n\n\n\n<p>A semana de trabalhos come\u00e7ou com um dia dedicado \u00e0 realiza\u00e7\u00e3o de minicursos, oito, todos voltados ao trabalho de defesa civil, de preven\u00e7\u00e3o e de gest\u00e3o de desastres. Essas atividades precederam o Congresso propriamente dito, que ocorreu entre ter\u00e7a-feira (20) e quinta-feira (22).<\/p>\n\n\n\n<p>Foram tr\u00eas dias intensos no Centro de Eventos da Federa\u00e7\u00e3o das Ind\u00fastrias do Paran\u00e1 (Fiep), sempre em dois per\u00edodos, contabilizando um total de 33 palestras (sendo 3 magnas), apresenta\u00e7\u00e3o de 66 artigos e 67 resumos, muito debate e troca de informa\u00e7\u00f5es e conhecimentos, al\u00e9m de uma feira expositiva.&nbsp;<\/p>\n\n\n\n<p>O Congresso teve como mote \u201cA ci\u00eancia e a tecnologia para a gest\u00e3o integrada de riscos de desastres e a adapta\u00e7\u00e3o \u00e0s mudan\u00e7as clim\u00e1ticas\u201d. Os trabalhos e discuss\u00f5es foram subdivididos em nove eixos tem\u00e1ticos que foram explorados pelos participantes: Mudan\u00e7as Clim\u00e1ticas; Riscos e Desastres Ambientais; Riscos e Desastres Tecnol\u00f3gicos; Gest\u00e3o do Risco, Governan\u00e7a e Pol\u00edticas P\u00fablicas na Redu\u00e7\u00e3o de Risco de Desastres (RRD); Comunica\u00e7\u00e3o em Redu\u00e7\u00e3o de Risco de Desastres; Educa\u00e7\u00e3o, Participa\u00e7\u00e3o Comunit\u00e1ria e Redes; Tecnologias e Inova\u00e7\u00e3o em RRD; Sa\u00fade e Ambiente e Gest\u00e3o e Manejo de Animais em Desastres.<\/p>\n\n\n\n<p>Durante a solenidade de encerramento do Congresso, na quinta-feira (22), foram premiados os autores dos melhores trabalhos apresentados durante o per\u00edodo. \u201cComo resultado dessa semana, teremos a publica\u00e7\u00e3o dos anais do evento, com mais de 200 artigos cient\u00edficos produzidos pela comunidade acad\u00eamica, especialistas na \u00e1rea de redu\u00e7\u00e3o de riscos, e por pesquisadores da Am\u00e9rica Latina. A jun\u00e7\u00e3o desses diversos trabalhos \u00e9 fundamental para colocarmos os conhecimentos em pr\u00e1tica\u201d, finalizou Danyelle Stringari.<\/p>\n\n\n\n<p>\u201cO evento foi surpreendente do in\u00edcio ao final. Todas as palestras trouxeram conhecimentos important\u00edssimos para nossa atua\u00e7\u00e3o di\u00e1ria e abordando v\u00e1rios vieses. Teve a parte de comunica\u00e7\u00e3o, de sa\u00fade, de ado\u00e7\u00e3o de medidas em deslizamentos e inunda\u00e7\u00f5es. Um evento muito completo e muito organizado\u201d, resumiu a major Tatiana Rocha, da Defesa Civil de S\u00e3o Paulo.<\/p>\n\n\n\n<p>\u201cPalestrantes incr\u00edveis, com uma carga cient\u00edfica muito importante para que possamos, al\u00e9m de atuar diante dos desastres de forma mais efetiva, atuar de forma t\u00e9cnica, com base em estudos cient\u00edficos que trazem as verdades que j\u00e1 foram encontradas em outros eventos clim\u00e1ticos extremos\u201d, complementou.<\/p>\n\n\n\n<p>AEN<\/p>\n","protected":false},"excerpt":{"rendered":"<p>Divulgar experi\u00eancias, conhecimentos e apresentar trabalhos t\u00e9cnicos e cient\u00edficos relacionados \u00e0 Defesa Civil, al\u00e9m de reunir diversos setores da sociedade para discutir a redu\u00e7\u00e3o dos riscos de desastres e a\u00e7\u00f5es referentes \u00e0s mudan\u00e7as clim\u00e1ticas. Esses eram os objetivos do VI Congresso da Sociedade de An\u00e1lise de Riscos Latino-Americana \u2013 SRA-LA, realizado entre os dias 19 [&hellip;]<\/p>\n","protected":false},"author":2,"featured_media":67451,"comment_status":"open","ping_status":"open","sticky":false,"template":"","format":"standard","meta":{"advanced_seo_description":"","jetpack_seo_html_title":"","jetpack_seo_noindex":false,"_jetpack_memberships_contains_paid_content":false,"footnotes":""},"categories":[40,650],"tags":[319],"class_list":{"0":"post-67450","1":"post","2":"type-post","3":"status-publish","4":"format-standard","5":"has-post-thumbnail","7":"category-destaques","8":"category-parana","9":"tag-parana"},"jetpack_featured_media_url":"https:\/\/www.paranapraia.com.br\/wp-content\/uploads\/2025\/05\/whatsapp_image_2025-05-23_at_16.19.03-scaled.jpg","jetpack_sharing_enabled":true,"_links":{"self":[{"href":"https:\/\/www.paranapraia.com.br\/index.php\/wp-json\/wp\/v2\/posts\/67450"}],"collection":[{"href":"https:\/\/www.paranapraia.com.br\/index.php\/wp-json\/wp\/v2\/posts"}],"about":[{"href":"https:\/\/www.paranapraia.com.br\/index.php\/wp-json\/wp\/v2\/types\/post"}],"author":[{"embeddable":true,"href":"https:\/\/www.paranapraia.com.br\/index.php\/wp-json\/wp\/v2\/users\/2"}],"replies":[{"embeddable":true,"href":"https:\/\/www.paranapraia.com.br\/index.php\/wp-json\/wp\/v2\/comments?post=67450"}],"version-history":[{"count":1,"href":"https:\/\/www.paranapraia.com.br\/index.php\/wp-json\/wp\/v2\/posts\/67450\/revisions"}],"predecessor-version":[{"id":67452,"href":"https:\/\/www.paranapraia.com.br\/index.php\/wp-json\/wp\/v2\/posts\/67450\/revisions\/67452"}],"wp:featuredmedia":[{"embeddable":true,"href":"https:\/\/www.paranapraia.com.br\/index.php\/wp-json\/wp\/v2\/media\/67451"}],"wp:attachment":[{"href":"https:\/\/www.paranapraia.com.br\/index.php\/wp-json\/wp\/v2\/media?parent=67450"}],"wp:term":[{"taxonomy":"category","embeddable":true,"href":"https:\/\/www.paranapraia.com.br\/index.php\/wp-json\/wp\/v2\/categories?post=67450"},{"taxonomy":"post_tag","embeddable":true,"href":"https:\/\/www.paranapraia.com.br\/index.php\/wp-json\/wp\/v2\/tags?post=67450"}],"curies":[{"name":"wp","href":"https:\/\/api.w.org\/{rel}","templated":true}]}}