{"id":67447,"date":"2025-05-23T19:13:26","date_gmt":"2025-05-23T22:13:26","guid":{"rendered":"https:\/\/www.paranapraia.com.br\/?p=67447"},"modified":"2025-05-23T19:13:29","modified_gmt":"2025-05-23T22:13:29","slug":"semmu-participa-de-capacitacao-que-incentiva-as-cidades-a-investirem-em-politicas-para-a-mulher","status":"publish","type":"post","link":"https:\/\/www.paranapraia.com.br\/index.php\/2025\/05\/23\/semmu-participa-de-capacitacao-que-incentiva-as-cidades-a-investirem-em-politicas-para-a-mulher\/","title":{"rendered":"Semmu participa de capacita\u00e7\u00e3o que incentiva as cidades a investirem em pol\u00edticas para a mulher"},"content":{"rendered":"\n<p>A Secretaria Municipal da Mulher de Paranagu\u00e1 (Semmu) marcou presen\u00e7a na capacita\u00e7\u00e3o t\u00e9cnica de pol\u00edticas p\u00fablicas para mulheres e gest\u00e3o de recursos na Secretaria de Estado da Mulher, Igualdade Racial e Pessoa Idosa (Semipi), que ocorreu nos dias 19 e 20 de maio, em Curitiba.<\/p>\n\n\n\n<p>Da Semmu, estiveram presentes a secret\u00e1ria Daiane Christakis e a diretora de assuntos intersecretariais, Camila Valentim. Tamb\u00e9m participou a presidente do Conselho Municipal da Mulher (Cmdm), Matsuko Mori Barbosa.<\/p>\n\n\n\n<p>A capacita\u00e7\u00e3o contou com a participa\u00e7\u00e3o de 24 munic\u00edpios da macrorregi\u00e3o. Christakis apresentou os equipamentos da Semmu, e explanou sobre o a utiliza\u00e7\u00e3o do Fundo Estadual dos Direitos da Mulher. \u201cParticipamos com muita satisfa\u00e7\u00e3o da capacita\u00e7\u00e3o e apresentamos os nossos equipamentos, como utilizamos o fundo e quais medidas tomamos a esse respeito\u201d, explicou a secret\u00e1ria da Mulher.<\/p>\n\n\n\n<p>O foco do encontro foi o fundo recebido por estes munic\u00edpios entre 2023 e 2024. \u201cParanagu\u00e1 recebeu da Secretaria de Estado da Mulher, Igualdade Racial e Pessoa Idosa o fundo no ano anterior e agora passamos o plano de aplica\u00e7\u00e3o para o Cmdm que fiscaliza os recursos e posteriormente vamos iniciar as licita\u00e7\u00f5es. Essa capacita\u00e7\u00e3o \u00e9 de suma import\u00e2ncia ,principalmente para aqueles que est\u00e3o entrando agora e para entendermos como funcionam os fundos e o que fazer para se manter ganhando recursos. A Semipi est\u00e1 sempre em busca mais recursos para repassar para as secretarias da mulher e que s\u00e3o pol\u00edticas novas no estado\u201d, relatou Daiane Christakis.<\/p>\n\n\n\n<p>Os participantes e seus devidos representes estiveram presentes na capacita\u00e7\u00e3o que orientou a todos sobre a organiza\u00e7\u00e3o da pol\u00edtica e na utiliza\u00e7\u00e3o dos respectivos recursos, al\u00e9m da realiza\u00e7\u00e3o da presta\u00e7\u00e3o de contas 2025 &#8211; obrigat\u00f3ria para todas as cidades que receberam recursos estaduais.<\/p>\n\n\n\n<p>Assessoria <\/p>\n","protected":false},"excerpt":{"rendered":"<p>A Secretaria Municipal da Mulher de Paranagu\u00e1 (Semmu) marcou presen\u00e7a na capacita\u00e7\u00e3o t\u00e9cnica de pol\u00edticas p\u00fablicas para mulheres e gest\u00e3o de recursos na Secretaria de Estado da Mulher, Igualdade Racial e Pessoa Idosa (Semipi), que ocorreu nos dias 19 e 20 de maio, em Curitiba. Da Semmu, estiveram presentes a secret\u00e1ria Daiane Christakis e a [&hellip;]<\/p>\n","protected":false},"author":2,"featured_media":67448,"comment_status":"open","ping_status":"open","sticky":false,"template":"","format":"standard","meta":{"advanced_seo_description":"","jetpack_seo_html_title":"","jetpack_seo_noindex":false,"_jetpack_memberships_contains_paid_content":false,"footnotes":""},"categories":[77],"tags":[321],"class_list":{"0":"post-67447","1":"post","2":"type-post","3":"status-publish","4":"format-standard","5":"has-post-thumbnail","7":"category-paranagua","8":"tag-paranagua"},"jetpack_featured_media_url":"https:\/\/www.paranapraia.com.br\/wp-content\/uploads\/2025\/05\/thumb-2025-05-23T191217.675-scaled.jpeg","jetpack_sharing_enabled":true,"_links":{"self":[{"href":"https:\/\/www.paranapraia.com.br\/index.php\/wp-json\/wp\/v2\/posts\/67447"}],"collection":[{"href":"https:\/\/www.paranapraia.com.br\/index.php\/wp-json\/wp\/v2\/posts"}],"about":[{"href":"https:\/\/www.paranapraia.com.br\/index.php\/wp-json\/wp\/v2\/types\/post"}],"author":[{"embeddable":true,"href":"https:\/\/www.paranapraia.com.br\/index.php\/wp-json\/wp\/v2\/users\/2"}],"replies":[{"embeddable":true,"href":"https:\/\/www.paranapraia.com.br\/index.php\/wp-json\/wp\/v2\/comments?post=67447"}],"version-history":[{"count":1,"href":"https:\/\/www.paranapraia.com.br\/index.php\/wp-json\/wp\/v2\/posts\/67447\/revisions"}],"predecessor-version":[{"id":67449,"href":"https:\/\/www.paranapraia.com.br\/index.php\/wp-json\/wp\/v2\/posts\/67447\/revisions\/67449"}],"wp:featuredmedia":[{"embeddable":true,"href":"https:\/\/www.paranapraia.com.br\/index.php\/wp-json\/wp\/v2\/media\/67448"}],"wp:attachment":[{"href":"https:\/\/www.paranapraia.com.br\/index.php\/wp-json\/wp\/v2\/media?parent=67447"}],"wp:term":[{"taxonomy":"category","embeddable":true,"href":"https:\/\/www.paranapraia.com.br\/index.php\/wp-json\/wp\/v2\/categories?post=67447"},{"taxonomy":"post_tag","embeddable":true,"href":"https:\/\/www.paranapraia.com.br\/index.php\/wp-json\/wp\/v2\/tags?post=67447"}],"curies":[{"name":"wp","href":"https:\/\/api.w.org\/{rel}","templated":true}]}}