{"id":67438,"date":"2025-05-23T18:04:47","date_gmt":"2025-05-23T21:04:47","guid":{"rendered":"https:\/\/www.paranapraia.com.br\/?p=67438"},"modified":"2025-05-23T18:04:50","modified_gmt":"2025-05-23T21:04:50","slug":"bonde-do-forro-sera-a-atracao-principal-do-arraia-caicara-2025-em-pontal-do-parana","status":"publish","type":"post","link":"https:\/\/www.paranapraia.com.br\/index.php\/2025\/05\/23\/bonde-do-forro-sera-a-atracao-principal-do-arraia-caicara-2025-em-pontal-do-parana\/","title":{"rendered":"Bonde do Forr\u00f3 ser\u00e1 a atra\u00e7\u00e3o principal do Arrai\u00e1 Cai\u00e7ara 2025 em Pontal do Paran\u00e1"},"content":{"rendered":"\n<p>O m\u00eas de junho j\u00e1 tem programa\u00e7\u00e3o definida em Pontal do Paran\u00e1. Entre os dias 26 e 29, o munic\u00edpio realiza a quarta edi\u00e7\u00e3o do Arrai\u00e1 Cai\u00e7ara, um evento com m\u00fasica, dan\u00e7a, comidas t\u00edpicas e participa\u00e7\u00e3o da comunidade escolar.<\/p>\n\n\n\n<p>A principal novidade deste ano \u00e9 o show da banda nacional Bonde do Forr\u00f3, que se apresenta na noite do dia 28. A programa\u00e7\u00e3o completa ser\u00e1 divulgada em breve nos canais oficiais da Prefeitura.<\/p>\n\n\n\n<p>O Arrai\u00e1 Cai\u00e7ara ser\u00e1 realizado no Centro de Eventos do Balne\u00e1rio Marissol e vai reunir moradores e visitantes em quatro dias de atividades culturais e conviv\u00eancia entre diferentes setores da comunidade. Escolas municipais, projetos sociais, comerciantes locais e grupos art\u00edsticos integram a programa\u00e7\u00e3o.<\/p>\n\n\n\n<p>As barracas t\u00edpicas, organizadas pelas escolas em parceria com as APMFs, v\u00e3o oferecer alimentos e brincadeiras. Toda a renda obtida ser\u00e1 destinada diretamente \u00e0s unidades de ensino, contribuindo para a aquisi\u00e7\u00e3o de materiais, equipamentos e a realiza\u00e7\u00e3o de atividades pedag\u00f3gicas.<\/p>\n\n\n\n<p>Durante o fim de semana, alunos e integrantes de projetos sociais tamb\u00e9m se apresentar\u00e3o nos palcos do evento. No domingo, ser\u00e1 realizado o tradicional churrasco preparado pela equipe do Santu\u00e1rio S\u00e3o Jos\u00e9. A renda ser\u00e1 utilizada nas a\u00e7\u00f5es desenvolvidas pela par\u00f3quia.<\/p>\n\n\n\n<p>O prefeito Rud\u00e3o Gimenes destaca a import\u00e2ncia do evento para o munic\u00edpio. \u201cA festa movimenta a economia local, re\u00fane as fam\u00edlias e valoriza as tradi\u00e7\u00f5es. \u00c9 um trabalho em conjunto que faz a diferen\u00e7a para Pontal do Paran\u00e1.\u201d<\/p>\n\n\n\n<p>\ud83c\udf70\ud83c\udf89 Mais informa\u00e7\u00f5es sobre hor\u00e1rios e atra\u00e7\u00f5es ser\u00e3o divulgadas nos pr\u00f3ximos dias.<\/p>\n\n\n\n<p>Assessoria<\/p>\n","protected":false},"excerpt":{"rendered":"<p>O m\u00eas de junho j\u00e1 tem programa\u00e7\u00e3o definida em Pontal do Paran\u00e1. Entre os dias 26 e 29, o munic\u00edpio realiza a quarta edi\u00e7\u00e3o do Arrai\u00e1 Cai\u00e7ara, um evento com m\u00fasica, dan\u00e7a, comidas t\u00edpicas e participa\u00e7\u00e3o da comunidade escolar. A principal novidade deste ano \u00e9 o show da banda nacional Bonde do Forr\u00f3, que se [&hellip;]<\/p>\n","protected":false},"author":2,"featured_media":67439,"comment_status":"open","ping_status":"open","sticky":false,"template":"","format":"standard","meta":{"advanced_seo_description":"","jetpack_seo_html_title":"","jetpack_seo_noindex":false,"_jetpack_memberships_contains_paid_content":false,"footnotes":""},"categories":[40,65],"tags":[1258,318],"class_list":{"0":"post-67438","1":"post","2":"type-post","3":"status-publish","4":"format-standard","5":"has-post-thumbnail","7":"category-destaques","8":"category-pontal-do-parana","9":"tag-bonde-do-forro","10":"tag-pontal-do-parana"},"jetpack_featured_media_url":"https:\/\/www.paranapraia.com.br\/wp-content\/uploads\/2025\/05\/FB_IMG_1748034229709-scaled.jpg","jetpack_sharing_enabled":true,"_links":{"self":[{"href":"https:\/\/www.paranapraia.com.br\/index.php\/wp-json\/wp\/v2\/posts\/67438"}],"collection":[{"href":"https:\/\/www.paranapraia.com.br\/index.php\/wp-json\/wp\/v2\/posts"}],"about":[{"href":"https:\/\/www.paranapraia.com.br\/index.php\/wp-json\/wp\/v2\/types\/post"}],"author":[{"embeddable":true,"href":"https:\/\/www.paranapraia.com.br\/index.php\/wp-json\/wp\/v2\/users\/2"}],"replies":[{"embeddable":true,"href":"https:\/\/www.paranapraia.com.br\/index.php\/wp-json\/wp\/v2\/comments?post=67438"}],"version-history":[{"count":1,"href":"https:\/\/www.paranapraia.com.br\/index.php\/wp-json\/wp\/v2\/posts\/67438\/revisions"}],"predecessor-version":[{"id":67440,"href":"https:\/\/www.paranapraia.com.br\/index.php\/wp-json\/wp\/v2\/posts\/67438\/revisions\/67440"}],"wp:featuredmedia":[{"embeddable":true,"href":"https:\/\/www.paranapraia.com.br\/index.php\/wp-json\/wp\/v2\/media\/67439"}],"wp:attachment":[{"href":"https:\/\/www.paranapraia.com.br\/index.php\/wp-json\/wp\/v2\/media?parent=67438"}],"wp:term":[{"taxonomy":"category","embeddable":true,"href":"https:\/\/www.paranapraia.com.br\/index.php\/wp-json\/wp\/v2\/categories?post=67438"},{"taxonomy":"post_tag","embeddable":true,"href":"https:\/\/www.paranapraia.com.br\/index.php\/wp-json\/wp\/v2\/tags?post=67438"}],"curies":[{"name":"wp","href":"https:\/\/api.w.org\/{rel}","templated":true}]}}