{"id":67432,"date":"2025-05-23T17:30:00","date_gmt":"2025-05-23T20:30:00","guid":{"rendered":"https:\/\/www.paranapraia.com.br\/?p=67432"},"modified":"2025-05-23T17:30:03","modified_gmt":"2025-05-23T20:30:03","slug":"evento-de-combate-a-violencia-contra-criancas-e-adolescentes-e-realizado-em-paranagua","status":"publish","type":"post","link":"https:\/\/www.paranapraia.com.br\/index.php\/2025\/05\/23\/evento-de-combate-a-violencia-contra-criancas-e-adolescentes-e-realizado-em-paranagua\/","title":{"rendered":"Evento de combate \u00e0 viol\u00eancia contra crian\u00e7as e adolescentes \u00e9 realizado em Paranagu\u00e1"},"content":{"rendered":"\n<p>Na \u00faltima segunda-feira (19), aconteceu o evento \u201cSomos Todos Rede de Prote\u00e7\u00e3o\u201d, alusivo ao Dia Nacional de Combate ao Abuso e \u00e0 Explora\u00e7\u00e3o Sexual de Crian\u00e7as e Adolescentes celebrado em 18 de maio. A solenidade foi realizada no audit\u00f3rio do Instituto Federal do Paran\u00e1 (IFPR).<\/p>\n\n\n\n<p>O evento foi organizado pela Comiss\u00e3o Municipal de Enfrentamento \u00e0s Viol\u00eancias (Comev) e por outros \u00f3rg\u00e3os que atuam no munic\u00edpio em defesa dos direitos de crian\u00e7as e adolescentes.<\/p>\n\n\n\n<p>A Prefeitura de Paranagu\u00e1 esteve representada pelo prefeito Adriano Ramos, vice-prefeita Fabiana Parro e primeira-dama do munic\u00edpio, Patr\u00edcia Bamvakiades Ramos. Tamb\u00e9m estiveram presentes representantes das secretarias de Inclus\u00e3o (Semi), de Sa\u00fade (Semsa), de Educa\u00e7\u00e3o (Semedi), da Fam\u00edlia, Cidadania e Desenvolvimento Social (Semfac), de Seguran\u00e7a (Semseg) e de Turismo (Setur). Tamb\u00e9m fazem parte da Rede de Prote\u00e7\u00e3o, entidades como a Vara da Inf\u00e2ncia e Juventude, Minist\u00e9rio P\u00fablico, N\u00facleo de Prote\u00e7\u00e3o \u00e0 Crian\u00e7a e ao Adolescente V\u00edtimas de Crimes (Nucria), Pol\u00edcias Civil e Militar, Guarda Civil Municipal (GCM), Defensoria P\u00fablica, dentre outras.<\/p>\n\n\n\n<p>\u201cMuitas crian\u00e7as sofrem, passam fome, t\u00eam medo, vivem dificuldades e necessidades. Em muitos casos, tornam-se v\u00edtimas da sociedade e da falta de humanidade dos homens. Essas crian\u00e7as s\u00e3o promessas do futuro, mas se o futuro vai acontecer, depende desse trabalho importante da rede de prote\u00e7\u00e3o\u201d, discursou o prefeito Adriano Ramos.<\/p>\n\n\n\n<p>De acordo com a assistente social e presidente da Comev, Jana\u00edna Arantes, al\u00e9m de incentivar a realiza\u00e7\u00e3o de eventos no Maio Laranja, a Comiss\u00e3o de Enfrentamento tamb\u00e9m promove mobiliza\u00e7\u00e3o no carnaval, sobre o trabalho infantil, entre outras campanhas no munic\u00edpio.<\/p>\n\n\n\n<p>\u201cComo em Paranagu\u00e1 existe uma Rede de Prote\u00e7\u00e3o institu\u00edda por um Decreto Municipal, e a Comev a qual eu sou presidente desde 2017, promove essas reuni\u00f5es de rede a cada m\u00eas garantindo um trabalho frequente e atuante&#8221;, explicou Jana\u00edna.<\/p>\n\n\n\n<p>Em 2025 foi celebrado o 25\u00ba ano de mobiliza\u00e7\u00e3o do 18 de Maio, \u201cDia Nacional de Combate ao Abuso e \u00e0 Explora\u00e7\u00e3o Sexual de Crian\u00e7as e Adolescentes\u201d. Institu\u00edda pela Lei Federal 9.970\/00, a data \u00e9 uma conquista que demarca a luta pelos Direitos Humanos de Crian\u00e7as e Adolescentes no territ\u00f3rio brasileiro e j\u00e1 alcan\u00e7ou muitos munic\u00edpios do nosso pa\u00eds.<\/p>\n\n\n\n<p>Assessoria <\/p>\n","protected":false},"excerpt":{"rendered":"<p>Na \u00faltima segunda-feira (19), aconteceu o evento \u201cSomos Todos Rede de Prote\u00e7\u00e3o\u201d, alusivo ao Dia Nacional de Combate ao Abuso e \u00e0 Explora\u00e7\u00e3o Sexual de Crian\u00e7as e Adolescentes celebrado em 18 de maio. A solenidade foi realizada no audit\u00f3rio do Instituto Federal do Paran\u00e1 (IFPR). O evento foi organizado pela Comiss\u00e3o Municipal de Enfrentamento \u00e0s [&hellip;]<\/p>\n","protected":false},"author":2,"featured_media":67433,"comment_status":"open","ping_status":"open","sticky":false,"template":"","format":"standard","meta":{"advanced_seo_description":"","jetpack_seo_html_title":"","jetpack_seo_noindex":false,"_jetpack_memberships_contains_paid_content":false,"footnotes":""},"categories":[77],"tags":[321],"class_list":{"0":"post-67432","1":"post","2":"type-post","3":"status-publish","4":"format-standard","5":"has-post-thumbnail","7":"category-paranagua","8":"tag-paranagua"},"jetpack_featured_media_url":"https:\/\/www.paranapraia.com.br\/wp-content\/uploads\/2025\/05\/thumb-2025-05-23T172913.927-scaled.jpeg","jetpack_sharing_enabled":true,"_links":{"self":[{"href":"https:\/\/www.paranapraia.com.br\/index.php\/wp-json\/wp\/v2\/posts\/67432"}],"collection":[{"href":"https:\/\/www.paranapraia.com.br\/index.php\/wp-json\/wp\/v2\/posts"}],"about":[{"href":"https:\/\/www.paranapraia.com.br\/index.php\/wp-json\/wp\/v2\/types\/post"}],"author":[{"embeddable":true,"href":"https:\/\/www.paranapraia.com.br\/index.php\/wp-json\/wp\/v2\/users\/2"}],"replies":[{"embeddable":true,"href":"https:\/\/www.paranapraia.com.br\/index.php\/wp-json\/wp\/v2\/comments?post=67432"}],"version-history":[{"count":1,"href":"https:\/\/www.paranapraia.com.br\/index.php\/wp-json\/wp\/v2\/posts\/67432\/revisions"}],"predecessor-version":[{"id":67434,"href":"https:\/\/www.paranapraia.com.br\/index.php\/wp-json\/wp\/v2\/posts\/67432\/revisions\/67434"}],"wp:featuredmedia":[{"embeddable":true,"href":"https:\/\/www.paranapraia.com.br\/index.php\/wp-json\/wp\/v2\/media\/67433"}],"wp:attachment":[{"href":"https:\/\/www.paranapraia.com.br\/index.php\/wp-json\/wp\/v2\/media?parent=67432"}],"wp:term":[{"taxonomy":"category","embeddable":true,"href":"https:\/\/www.paranapraia.com.br\/index.php\/wp-json\/wp\/v2\/categories?post=67432"},{"taxonomy":"post_tag","embeddable":true,"href":"https:\/\/www.paranapraia.com.br\/index.php\/wp-json\/wp\/v2\/tags?post=67432"}],"curies":[{"name":"wp","href":"https:\/\/api.w.org\/{rel}","templated":true}]}}