{"id":67429,"date":"2025-05-23T17:25:58","date_gmt":"2025-05-23T20:25:58","guid":{"rendered":"https:\/\/www.paranapraia.com.br\/?p=67429"},"modified":"2025-05-23T17:26:01","modified_gmt":"2025-05-23T20:26:01","slug":"estudantes-da-rede-estadual-descobrem-oportunidades-na-feira-de-cursos-da-ufpr","status":"publish","type":"post","link":"https:\/\/www.paranapraia.com.br\/index.php\/2025\/05\/23\/estudantes-da-rede-estadual-descobrem-oportunidades-na-feira-de-cursos-da-ufpr\/","title":{"rendered":"Estudantes da rede estadual descobrem oportunidades na feira de cursos da UFPR"},"content":{"rendered":"\n<p>Cerca de 2.400 estudantes da rede estadual de ensino de Curitiba e da Regi\u00e3o Metropolitana participaram nesta sexta-feira (23) da primeira edi\u00e7\u00e3o da feira de Cursos e Profiss\u00f5es Universo UFPR 2025. O evento, promovido pela Universidade Federal do Paran\u00e1 (UFPR), come\u00e7ou quinta-feira (22) e segue at\u00e9 domingo (25), no Centro de Eventos Positivo (no Parque Barigui) e, nesta semana, contou com a presen\u00e7a de 30 \u00f4nibus escolares da rede estadual, que levaram os alunos at\u00e9 o local.<\/p>\n\n\n\n<p>A Secretaria da Educa\u00e7\u00e3o do Paran\u00e1 (Seed-PR) est\u00e1 presente com um estande interativo dedicado \u00e0 divulga\u00e7\u00e3o de alguns dos programas e plataformas educacionais inovadores que fazem parte da rotina escolar do estudantes da rede de ensino no Estado. Al\u00e9m do Enem Paran\u00e1 s\u00e3o apresentadas outras iniciativas da Seed-PR voltadas ao fortalecimento da aprendizagem, como o Leia Paran\u00e1 e o Khanmigo.<\/p>\n\n\n\n<p>A feira de Cursos e Profiss\u00f5es Universo UFPR 2025 re\u00fane escolas p\u00fablicas e privadas do ensino m\u00e9dio, universidades estaduais e federais, entidades e empresas, oferecendo ampla programa\u00e7\u00e3o voltada \u00e0 ci\u00eancia, cultura, inova\u00e7\u00e3o e orienta\u00e7\u00e3o profissional, al\u00e9m de discutir o impacto do Ensino Superior na vida de milhares de pessoas.<\/p>\n\n\n\n<p>O estudante M\u00e1rcio Aparecido Martins J\u00fanior, 16 anos, do Centro Estadual de Educa\u00e7\u00e3o Profissional de Curitiba (CEEP), faz curso t\u00e9cnico em Qu\u00edmica. Ele visitou a feira com o objetivo de conhecer melhor os cursos da \u00e1rea e aprofundar seus conhecimentos para al\u00e9m da sala de aula. Interessado na gradua\u00e7\u00e3o em F\u00edsica, o estudante almeja ingressar na UFPR.&nbsp;<\/p>\n\n\n\n<p>\u201cFoi uma experi\u00eancia muito importante para mim. Al\u00e9m de conhecer melhor os cursos, pude conversar com profissionais, tirar d\u00favidas e explorar outras possibilidades, como Computa\u00e7\u00e3o e at\u00e9 \u00e1reas das Ci\u00eancias Humanas. Isso ajuda bastante na hora de decidir qual caminho seguir\u201d, disse.<\/p>\n\n\n\n<p>J\u00e1 para Yasmim Ribeiro dos Anjos, 17, tamb\u00e9m aluna do Centro Estadual de Educa\u00e7\u00e3o Profissional de Curitiba, a feira serviu como b\u00fassola. Em d\u00favida entre dois cursos de gradua\u00e7\u00e3o, ela aproveitou para tirar d\u00favidas e compreender em qual \u00e1rea melhor se encaixa.&nbsp;<\/p>\n\n\n\n<p>\u201cSempre ouvi dos meus pais que seria lindo ter uma m\u00e9dica na fam\u00edlia, ent\u00e3o Medicina sempre esteve no meu horizonte. Mas tamb\u00e9m tenho um grande interesse por Psicologia. Ainda estou em d\u00favida, mas participar da feira est\u00e1 me ajudando muito a refletir sobre as op\u00e7\u00f5es. Conhecer os cursos de perto, conversar com quem j\u00e1 est\u00e1 na universidade e entender melhor o dia a dia de cada profiss\u00e3o faz toda a diferen\u00e7a. J\u00e1 comecei a me preparar e quero escolher com consci\u00eancia o que realmente combina comigo\u201d, afirmou.<\/p>\n\n\n\n<p><strong>INICIATIVAS DA REDE<\/strong>&nbsp;\u2013 No estande da Secretaria da Educa\u00e7\u00e3o do Paran\u00e1, entre os principais destaques est\u00e1 o Enem Paran\u00e1, Recurso Educacional Digital (RED) desenvolvido especialmente para estudantes da 3\u00aa s\u00e9rie do Ensino M\u00e9dio. O recurso, lan\u00e7ado neste ano, oferece prepara\u00e7\u00e3o completa para o Exame Nacional do Ensino M\u00e9dio (Enem) e vestibulares, por meio de videoaulas, podcasts, simulados, banco de quest\u00f5es e relat\u00f3rios personalizados, todos alinhados \u00e0 Base Nacional Comum Curricular (BNCC). Na feira, os visitantes puderam explorar na pr\u00e1tica as funcionalidades da ferramenta, com o apoio da equipe t\u00e9cnica da Seed-PR, utilizando chromebooks dispon\u00edveis no local.<\/p>\n\n\n\n<p>De acordo com o coordenador do programa, Oriovaldo Alexandre, o Enem Paran\u00e1 tem transformado a forma como os estudantes da rede p\u00fablica se preparam para o vestibular e para o Enem. \u201cO Enem Paran\u00e1 permite que cada aluno estude no seu ritmo, inclusive offline. O retorno tem sido muito positivo, em poucos meses, muitos estudantes j\u00e1 est\u00e3o utilizando o aplicativo, o que mostra o potencial real da ferramenta em ampliar as oportunidades de acesso ao ensino superior\u201d, explicou Alexandre.<\/p>\n\n\n\n<p><strong>OUTRAS PLATAFORMAS<\/strong>&nbsp;&#8211; Al\u00e9m do Enem Paran\u00e1, o estande da Seed-PR tamb\u00e9m apresenta outras iniciativas da Seed-PR voltadas ao fortalecimento da aprendizagem, como o Leia Paran\u00e1 (biblioteca digital que promove a leitura); o Khan Academy (para o aprendizado da Matem\u00e1tica); e o Khanmigo (tutor virtual baseado em Intelig\u00eancia Artificial que oferece media\u00e7\u00e3o pedag\u00f3gica em tempo real).&nbsp;<\/p>\n\n\n\n<p>\u201cO que temos observado \u00e9 que, por meio dos Recursos Educacionais Digitais e agora tamb\u00e9m com a&nbsp; implementa\u00e7\u00e3o da IA como ferramenta auxiliar \u00e0 educa\u00e7\u00e3o, est\u00e3o acontecendo importantes enriquecimentos do processo educacional, por meio do suporte individualizado, resposta de d\u00favidas em tempo real e adapta\u00e7\u00e3o de estrat\u00e9gias de ensino \u00e0s necessidades espec\u00edficas de cada aluno\u201d, destacou Oriovaldo.<\/p>\n\n\n\n<p>AEN<\/p>\n","protected":false},"excerpt":{"rendered":"<p>Cerca de 2.400 estudantes da rede estadual de ensino de Curitiba e da Regi\u00e3o Metropolitana participaram nesta sexta-feira (23) da primeira edi\u00e7\u00e3o da feira de Cursos e Profiss\u00f5es Universo UFPR 2025. O evento, promovido pela Universidade Federal do Paran\u00e1 (UFPR), come\u00e7ou quinta-feira (22) e segue at\u00e9 domingo (25), no Centro de Eventos Positivo (no Parque [&hellip;]<\/p>\n","protected":false},"author":2,"featured_media":67430,"comment_status":"open","ping_status":"open","sticky":false,"template":"","format":"standard","meta":{"advanced_seo_description":"","jetpack_seo_html_title":"","jetpack_seo_noindex":false,"_jetpack_memberships_contains_paid_content":false,"footnotes":""},"categories":[40],"tags":[319],"class_list":{"0":"post-67429","1":"post","2":"type-post","3":"status-publish","4":"format-standard","5":"has-post-thumbnail","7":"category-destaques","8":"tag-parana"},"jetpack_featured_media_url":"https:\/\/www.paranapraia.com.br\/wp-content\/uploads\/2025\/05\/feira_4-scaled.jpg","jetpack_sharing_enabled":true,"_links":{"self":[{"href":"https:\/\/www.paranapraia.com.br\/index.php\/wp-json\/wp\/v2\/posts\/67429"}],"collection":[{"href":"https:\/\/www.paranapraia.com.br\/index.php\/wp-json\/wp\/v2\/posts"}],"about":[{"href":"https:\/\/www.paranapraia.com.br\/index.php\/wp-json\/wp\/v2\/types\/post"}],"author":[{"embeddable":true,"href":"https:\/\/www.paranapraia.com.br\/index.php\/wp-json\/wp\/v2\/users\/2"}],"replies":[{"embeddable":true,"href":"https:\/\/www.paranapraia.com.br\/index.php\/wp-json\/wp\/v2\/comments?post=67429"}],"version-history":[{"count":1,"href":"https:\/\/www.paranapraia.com.br\/index.php\/wp-json\/wp\/v2\/posts\/67429\/revisions"}],"predecessor-version":[{"id":67431,"href":"https:\/\/www.paranapraia.com.br\/index.php\/wp-json\/wp\/v2\/posts\/67429\/revisions\/67431"}],"wp:featuredmedia":[{"embeddable":true,"href":"https:\/\/www.paranapraia.com.br\/index.php\/wp-json\/wp\/v2\/media\/67430"}],"wp:attachment":[{"href":"https:\/\/www.paranapraia.com.br\/index.php\/wp-json\/wp\/v2\/media?parent=67429"}],"wp:term":[{"taxonomy":"category","embeddable":true,"href":"https:\/\/www.paranapraia.com.br\/index.php\/wp-json\/wp\/v2\/categories?post=67429"},{"taxonomy":"post_tag","embeddable":true,"href":"https:\/\/www.paranapraia.com.br\/index.php\/wp-json\/wp\/v2\/tags?post=67429"}],"curies":[{"name":"wp","href":"https:\/\/api.w.org\/{rel}","templated":true}]}}