{"id":67423,"date":"2025-05-23T16:32:49","date_gmt":"2025-05-23T19:32:49","guid":{"rendered":"https:\/\/www.paranapraia.com.br\/?p=67423"},"modified":"2025-05-23T16:32:52","modified_gmt":"2025-05-23T19:32:52","slug":"prefeito-rudao-articula-em-brasilia-ampliacao-do-samu-para-o-litoral","status":"publish","type":"post","link":"https:\/\/www.paranapraia.com.br\/index.php\/2025\/05\/23\/prefeito-rudao-articula-em-brasilia-ampliacao-do-samu-para-o-litoral\/","title":{"rendered":"Prefeito Rud\u00e3o articula em Bras\u00edlia amplia\u00e7\u00e3o do SAMU para o litoral"},"content":{"rendered":"\n<p>Rud\u00e3o Gimenes representa Pontal do Paran\u00e1, Matinhos e Guaratuba em reuni\u00f5es com autoridades federais<\/p>\n\n\n\n<p>Nesta quarta-feira (21), o prefeito de Pontal do Paran\u00e1, Rud\u00e3o Gimenes, esteve em Bras\u00edlia representando os munic\u00edpios de Pontal, Matinhos e Guaratuba em reuni\u00f5es voltadas \u00e0 expans\u00e3o do atendimento do SAMU (Servi\u00e7o de Atendimento M\u00f3vel de Urg\u00eancia) por meio do COMESP (Cons\u00f3rcio Metropolitano de Servi\u00e7os do Paran\u00e1).<\/p>\n\n\n\n<p>A pauta principal foi a implanta\u00e7\u00e3o de uma ambul\u00e2ncia de suporte avan\u00e7ado (Alfa) em Matinhos, com atendimento regionalizado para o litoral e uma nova Bravo para Pontal do Paran\u00e1 para ocorr\u00eancias de menor complexidade.<br>Atualmente, a \u00fanica ambul\u00e2ncia Alfa da regi\u00e3o est\u00e1 sediada em Paranagu\u00e1, com prioridade de atendimento ao pr\u00f3prio munic\u00edpio.<\/p>\n\n\n\n<p>Em Pontal do Paran\u00e1, o servi\u00e7o \u00e9 realizado por uma ambul\u00e2ncia Bravo, destinada a ocorr\u00eancias de menor complexidade. A proposta discutida em Bras\u00edlia prev\u00ea a instala\u00e7\u00e3o de uma unidade Alfa em Matinhos, considerada ponto estrat\u00e9gico para atender tamb\u00e9m Pontal do Paran\u00e1, Guaratuba e os demais munic\u00edpios do litoral.<br>A iniciativa est\u00e1 pactuada na Rede Regional de Urg\u00eancia e Emerg\u00eancia e foi aprovada por todos os colegiados envolvidos.<\/p>\n\n\n\n<p>As ambul\u00e2ncias Alfa operam com suporte avan\u00e7ado de vida e contam com equipe formada por m\u00e9dico, enfermeiro e socorrista. J\u00e1 as unidades Bravo atuam com suporte b\u00e1sico, com socorrista e t\u00e9cnico de enfermagem, sendo indicadas para ocorr\u00eancias de menor gravidade.<\/p>\n\n\n\n<p>Durante as agendas, Rud\u00e3o Gimenes representou os prefeitos Eduardo Dalmora (Matinhos) e Maur\u00edcio Lense (Guaratuba). Ele esteve acompanhado da prefeita de Rio Branco do Sul e presidente do COMESP, Karime Fayad. As reuni\u00f5es inclu\u00edram encontros com a Ministra-chefe das Rela\u00e7\u00f5es Institucionais, Gleisi Hoffmann, o deputado estadual Arilson Chiorato e o secret\u00e1rio-executivo do Minist\u00e9rio da Sa\u00fade, Adriano Massuda.<\/p>\n\n\n\n<p>\u201cEstamos unindo esfor\u00e7os para ampliar a capacidade de resposta do SAMU nas praias. Com uma ambul\u00e2ncia Alfa em Matinhos, poderemos oferecer mais agilidade e qualidade no atendimento de urg\u00eancia para toda a regi\u00e3o\u201d, afirmou Rud\u00e3o Gimenes.<\/p>\n\n\n\n<p>\u201cOs tr\u00eas munic\u00edpios do litoral s\u00e3o integrantes ativos do COMESP e est\u00e3o alinhados com nossa proposta de gest\u00e3o transparente e expans\u00e3o dos servi\u00e7os na regi\u00e3o. A sa\u00fade \u00e9 uma das \u00e1reas priorit\u00e1rias, e estamos prontos para avan\u00e7ar com as necessidades locais\u201d, destacou Karime Fayad.<\/p>\n\n\n\n<p>Cen\u00e1rio atual e proposta de transi\u00e7\u00e3o:<br>Pontal do Paran\u00e1 atualmente integra o cons\u00f3rcio CISLIPA, com repasse mensal de R$ 99 mil para opera\u00e7\u00e3o dos servi\u00e7os. Esse valor cobre a regula\u00e7\u00e3o m\u00e9dica e a gest\u00e3o de profissionais para uma ambul\u00e2ncia Bravo em Pontal e uma Alfa que atende prioritariamente Paranagu\u00e1. Os custos com ve\u00edculo, manuten\u00e7\u00e3o, base operacional e telefonia ficam sob responsabilidade do munic\u00edpio.<\/p>\n\n\n\n<p>Desse total, R$ 28 mil s\u00e3o repasses do Governo Federal e R$ 70 mil s\u00e3o recursos municipais, calculados proporcionalmente \u00e0 popula\u00e7\u00e3o.<\/p>\n\n\n\n<p>Com a transi\u00e7\u00e3o para o COMESP, o munic\u00edpio manteria os R$ 28 mil federais e passaria a contribuir com R$ 57 mil em recursos pr\u00f3prios, o que representa uma economia mensal de aproximadamente R$ 20 mil. Essa economia \u00e9 proporcional tamb\u00e9m para os munic\u00edpios de Matinhos e Guaratuba, que participam da mesma proposta de regionaliza\u00e7\u00e3o e reestrutura\u00e7\u00e3o do servi\u00e7o.<\/p>\n\n\n\n<p>A nova proposta inclui a cobertura de servi\u00e7os como:<\/p>\n\n\n\n<ul class=\"wp-block-list\">\n<li>Equipes m\u00e9dicas (em unidades Alfa) e de enfermagem;<\/li>\n\n\n\n<li>Socorristas em turnos diurnos e noturnos;<\/li>\n\n\n\n<li>Combust\u00edvel, materiais m\u00e9dicos, insumos e EPIs;<\/li>\n\n\n\n<li>Limpeza e esteriliza\u00e7\u00e3o dos ve\u00edculos;<\/li>\n\n\n\n<li>Uniformes, manuten\u00e7\u00e3o e ve\u00edculo reserva;<\/li>\n\n\n\n<li>Telefonia e custos indiretos.<\/li>\n\n\n\n<li>Incentivos adicionais<br>Caso a nova ambul\u00e2ncia Alfa seja credenciada junto ao Minist\u00e9rio da Sa\u00fade, o munic\u00edpio poder\u00e1 acessar novos repasses para custeio:<\/li>\n\n\n\n<li>R$ 62 mil do Governo Federal;<\/li>\n\n\n\n<li>R$ 93 mil do Governo do Estado.<\/li>\n<\/ul>\n\n\n\n<p>A articula\u00e7\u00e3o em Bras\u00edlia representa um avan\u00e7o nas negocia\u00e7\u00f5es para fortalecer a rede de urg\u00eancia no litoral do Paran\u00e1. A proposta de instalar uma unidade Alfa em Matinhos, com cobertura regional, busca ampliar o alcance e a efici\u00eancia do SAMU, especialmente durante os per\u00edodos de alta demanda nas praias.<br>A mudan\u00e7a de cons\u00f3rcio tamb\u00e9m oferece economia ao munic\u00edpio e amplia\u00e7\u00e3o da estrutura de atendimento \u00e0 popula\u00e7\u00e3o.<\/p>\n\n\n\n<p>\ud83d\udcf7Foto: redes sociais<\/p>\n","protected":false},"excerpt":{"rendered":"<p>Rud\u00e3o Gimenes representa Pontal do Paran\u00e1, Matinhos e Guaratuba em reuni\u00f5es com autoridades federais Nesta quarta-feira (21), o prefeito de Pontal do Paran\u00e1, Rud\u00e3o Gimenes, esteve em Bras\u00edlia representando os munic\u00edpios de Pontal, Matinhos e Guaratuba em reuni\u00f5es voltadas \u00e0 expans\u00e3o do atendimento do SAMU (Servi\u00e7o de Atendimento M\u00f3vel de Urg\u00eancia) por meio do COMESP [&hellip;]<\/p>\n","protected":false},"author":2,"featured_media":67424,"comment_status":"open","ping_status":"open","sticky":false,"template":"","format":"standard","meta":{"advanced_seo_description":"","jetpack_seo_html_title":"","jetpack_seo_noindex":false,"_jetpack_memberships_contains_paid_content":false,"footnotes":""},"categories":[40,65],"tags":[319,318],"class_list":{"0":"post-67423","1":"post","2":"type-post","3":"status-publish","4":"format-standard","5":"has-post-thumbnail","7":"category-destaques","8":"category-pontal-do-parana","9":"tag-parana","10":"tag-pontal-do-parana"},"jetpack_featured_media_url":"https:\/\/www.paranapraia.com.br\/wp-content\/uploads\/2025\/05\/FB_IMG_1748028476574-scaled.jpg","jetpack_sharing_enabled":true,"_links":{"self":[{"href":"https:\/\/www.paranapraia.com.br\/index.php\/wp-json\/wp\/v2\/posts\/67423"}],"collection":[{"href":"https:\/\/www.paranapraia.com.br\/index.php\/wp-json\/wp\/v2\/posts"}],"about":[{"href":"https:\/\/www.paranapraia.com.br\/index.php\/wp-json\/wp\/v2\/types\/post"}],"author":[{"embeddable":true,"href":"https:\/\/www.paranapraia.com.br\/index.php\/wp-json\/wp\/v2\/users\/2"}],"replies":[{"embeddable":true,"href":"https:\/\/www.paranapraia.com.br\/index.php\/wp-json\/wp\/v2\/comments?post=67423"}],"version-history":[{"count":1,"href":"https:\/\/www.paranapraia.com.br\/index.php\/wp-json\/wp\/v2\/posts\/67423\/revisions"}],"predecessor-version":[{"id":67425,"href":"https:\/\/www.paranapraia.com.br\/index.php\/wp-json\/wp\/v2\/posts\/67423\/revisions\/67425"}],"wp:featuredmedia":[{"embeddable":true,"href":"https:\/\/www.paranapraia.com.br\/index.php\/wp-json\/wp\/v2\/media\/67424"}],"wp:attachment":[{"href":"https:\/\/www.paranapraia.com.br\/index.php\/wp-json\/wp\/v2\/media?parent=67423"}],"wp:term":[{"taxonomy":"category","embeddable":true,"href":"https:\/\/www.paranapraia.com.br\/index.php\/wp-json\/wp\/v2\/categories?post=67423"},{"taxonomy":"post_tag","embeddable":true,"href":"https:\/\/www.paranapraia.com.br\/index.php\/wp-json\/wp\/v2\/tags?post=67423"}],"curies":[{"name":"wp","href":"https:\/\/api.w.org\/{rel}","templated":true}]}}