{"id":67420,"date":"2025-05-23T16:26:43","date_gmt":"2025-05-23T19:26:43","guid":{"rendered":"https:\/\/www.paranapraia.com.br\/?p=67420"},"modified":"2025-05-23T16:26:46","modified_gmt":"2025-05-23T19:26:46","slug":"museu-paranaense-convida-o-publico-para-experimentar-o-espaco-de-forma-coletiva","status":"publish","type":"post","link":"https:\/\/www.paranapraia.com.br\/index.php\/2025\/05\/23\/museu-paranaense-convida-o-publico-para-experimentar-o-espaco-de-forma-coletiva\/","title":{"rendered":"Museu Paranaense convida o p\u00fablico para experimentar o espa\u00e7o de forma coletiva"},"content":{"rendered":"\n<p>O<strong>&nbsp;<a href=\"https:\/\/www.museuparanaense.pr.gov.br\/\" target=\"_blank\" rel=\"noreferrer noopener\">Museu Paranaense (MUPA)<\/a><\/strong>&nbsp;vai promover de 3 de junho a 3 de agosto a terceira edi\u00e7\u00e3o do MUPA \u2013 Comunidade \u2013 Cultura \u2013 Rela\u00e7\u00f5es. Idealizado pelo N\u00facleo Educativo, o projeto, com sazonalidade anual, transforma a sala Lange de Morretes (dedicada \u00e0s exposi\u00e7\u00f5es tempor\u00e1rias) em um espa\u00e7o aberto ao conv\u00edvio, \u00e0 cria\u00e7\u00e3o e \u00e0 experimenta\u00e7\u00e3o coletiva. Com entrada gratuita e atividades para todos os p\u00fablicos, a programa\u00e7\u00e3o prop\u00f5e um encontro vivo entre museu e comunidade.<\/p>\n\n\n\n<p>\u201cEsta edi\u00e7\u00e3o tem como tema o acervo e suas m\u00faltiplas possibilidades de cria\u00e7\u00e3o e visa aproximar a comunidade de forma l\u00fadica e experimental do museu, com oficinas, visitas mediadas e atividades que incentivam novas formas de leitura, apropria\u00e7\u00e3o e di\u00e1logo com as cole\u00e7\u00f5es do MUPA\u201d, afirma Gabriela Bettega, diretora da institui\u00e7\u00e3o.&nbsp;<\/p>\n\n\n\n<p>Algumas das a\u00e7\u00f5es acontecem de forma cont\u00ednua na sala, com media\u00e7\u00f5es do educativo durante os hor\u00e1rios de abertura do museu, de ter\u00e7a a domingo, das 10h \u00e0s 17h30. A partir de eixos tem\u00e1ticos que partem de objetos do acervo, o p\u00fablico ser\u00e1 convidado a colecionar, interferir, inventar, nomear e criar novos objetos e mem\u00f3rias, criando um acervo constru\u00eddo pela Comunidade MUPA.<\/p>\n\n\n\n<p>Al\u00e9m disso, as pessoas poder\u00e3o se inscrever para oficinas gratuitas que acontecer\u00e3o ao longo do per\u00edodo, conduzidas pelo N\u00facleo Educativo e parceiros convidados.<\/p>\n\n\n\n<p>O&nbsp; MUPA \u2013 Comunidade \u2013 Cultura \u2013 Rela\u00e7\u00f5es \u00e9 apresentado pelo Museu Paranaense e Minist\u00e9rio da Cultura. Tem como patrocinadores Ouro, a Sanepar e a Rede Ita\u00fa; Bronze, a Tijo\u00e1; e apoio a Berneck, por meio da Lei Federal de Incentivo \u00e0 Cultura.<\/p>\n\n\n\n<p><strong>Confira as atividades com necessidade de inscri\u00e7\u00e3o pr\u00e9via:<\/strong><\/p>\n\n\n\n<p><strong>Arquivo de arquivo: seres invis\u00edveis, esp\u00e9cies fant\u00e1sticas<\/strong><\/p>\n\n\n\n<p>Datas: 05 e 06\/06, quinta e sexta-feira, das 14h \u00e0s 17h30.<\/p>\n\n\n\n<p>Como as crian\u00e7as falam sobre um museu? Como elas o percebem? E quantos de seus devaneios podem ser inseridos nas narrativas do acervo? Orientada por essas quest\u00f5es, a oficina, voltada para crian\u00e7as de 6 a 12 anos, prop\u00f5e um percurso pelas etapas da produ\u00e7\u00e3o audiovisual \u2014 da escrita do roteiro \u00e0 edi\u00e7\u00e3o final.<\/p>\n\n\n\n<p>Ao longo de dois dias, a atividade prop\u00f5e narrativas poss\u00edveis a partir dos arquivos do museu. Ao percorrer a reserva t\u00e9cnica, os espa\u00e7os externos, o acervo e as exposi\u00e7\u00f5es, as crian\u00e7as encontrar\u00e3o personagens, sons, cen\u00e1rios e temas para os v\u00eddeos. De forma colaborativa, elas ir\u00e3o criar curtas-metragens experimentais em torno da pergunta: como crian\u00e7as percebem, recriam e arquivam o acervo do MUPA?<\/p>\n\n\n\n<p>A atividade \u00e9 oferecida pela parceria do N\u00facleo Educativo com Juca Fiis, que trabalha entre a arte, arquitetura e educa\u00e7\u00e3o em colabora\u00e7\u00e3o com crian\u00e7as. Tendo participado de resid\u00eancias art\u00edsticas e educacionais no Brasil e outros pa\u00edses, atua com arte educa\u00e7\u00e3o em parceria com diferentes museus.<\/p>\n\n\n\n<p><strong><a href=\"https:\/\/docs.google.com\/forms\/d\/e\/1FAIpQLScJYuZBkIXV0TwpNqoDBIJIYLwSZlu9KdFAQMXu_uBMCkCh8A\/viewform\" target=\"_blank\" rel=\"noreferrer noopener\">Inscri\u00e7\u00f5es aqui<\/a><\/strong>. Os inscritos devem ter disponibilidade para participar dos dois dias da atividade.<\/p>\n\n\n\n<p><strong>Objetos para serem mostrados<\/strong><\/p>\n\n\n\n<p>Datas: 17 e 25\/07, quinta e sexta-feira, das 14h30 \u00e0s 16h30.<\/p>\n\n\n\n<p>Voc\u00ea pensa sobre os objetos que voc\u00ea encontra no seu dia a dia? Ser\u00e1 que eles poderiam fazer parte do acervo de um museu? Um objeto quando vira \u201cacervo\u201d museol\u00f3gico carrega uma determinada import\u00e2ncia. Mas aquilo que \u00e9 importante para um museu tamb\u00e9m \u00e9 importante para voc\u00ea?.<\/p>\n\n\n\n<p>Inspirado no acervo, o N\u00facleo Educativo convida o p\u00fablico para uma media\u00e7\u00e3o por pe\u00e7as em exposi\u00e7\u00e3o, com leitura de poemas e a proposta de criar um objeto inutilit\u00e1rio, fant\u00e1stico ou provocador \u2014 algo que nos desafie a repensar nossas certezas sobre o mundo. A produ\u00e7\u00e3o desta oficina ser\u00e1 exibida na estante de acervo constru\u00edda pelo pr\u00f3prio p\u00fablico para o MUPA \u2013 Comunidade \u2013 Cultura \u2013 Rela\u00e7\u00f5es.<\/p>\n\n\n\n<p><strong><a href=\"https:\/\/docs.google.com\/forms\/d\/e\/1FAIpQLSf-eWInRy3XGvsbl_5oK9omAOaHt3tIVYQGwaCt8R6pStP5dA\/viewform\" target=\"_blank\" rel=\"noreferrer noopener\">Inscri\u00e7\u00f5es aqui<\/a><\/strong>. A oficina \u00e9 livre para todos os p\u00fablicos e disp\u00f5e de vinte vagas.<\/p>\n\n\n\n<p>Datas: 24\/07 e&nbsp; 01\/08, quinta e sexta-feira, das 14h30 \u00e0s 16h30.<\/p>\n\n\n\n<p>Ao visitar o museu, o acervo em exposi\u00e7\u00e3o pode nos transportar para outros lugares, evocar momentos do passado e nos lembrar de pessoas queridas. Inspirado por essas mem\u00f3rias, o N\u00facleo Educativo prop\u00f5e uma a\u00e7\u00e3o de envio de cart\u00f5es-postais \u2014 formas de compartilhar sauda\u00e7\u00f5es, relatos de viagem ou lembran\u00e7as com quem est\u00e1 distante, mas permanece presente em nossa mem\u00f3ria.<\/p>\n\n\n\n<p>Depois de uma media\u00e7\u00e3o, guiada por lembran\u00e7as e interesses dos participantes ao longo do percurso, o p\u00fablico poder\u00e1 escrever em postais do acervo, para que sejam enviados ao seu destinat\u00e1rio.<\/p>\n\n\n\n<p><strong><a href=\"https:\/\/docs.google.com\/forms\/d\/e\/1FAIpQLSd1LJeGuptDom6s4gHFHq7QBkD-L5c9jMmjJVtaPFVVd4J9EQ\/viewform\" target=\"_blank\" rel=\"noreferrer noopener\">Inscri\u00e7\u00f5es aqui<\/a><\/strong>. A oficina \u00e9 voltada para o p\u00fablico acima de oito anos e disp\u00f5e de vinte vagas.<\/p>\n\n\n\n<p>Datas: 18 e 31\/07, sexta e quinta-feira, das 14h30 \u00e0s 16h.<\/p>\n\n\n\n<p>Nesta atividade, o p\u00fablico \u00e9 convidado a conhecer a Reserva T\u00e9cnica do MUPA. Com aproximadamente 500 mil pe\u00e7as, muitas delas permanecem fora de exposi\u00e7\u00e3o e s\u00e3o pouco conhecidas pelos visitantes. A visita ser\u00e1 conduzida pelo historiador do Museu, que vai compartilhar informa\u00e7\u00f5es sobre os processos de conserva\u00e7\u00e3o, documenta\u00e7\u00e3o e gest\u00e3o de acervo.&nbsp;<\/p>\n\n\n\n<p><strong><a href=\"https:\/\/docs.google.com\/forms\/d\/e\/1FAIpQLSffX6eMv8EoaqigBH5Ey2-VMk7qv8YSOyOCF5eZX-89noiFWQ\/viewform\" target=\"_blank\" rel=\"noreferrer noopener\">Inscri\u00e7\u00f5es aqui<\/a><\/strong>. A oficina \u00e9 voltada para o p\u00fablico acima de 15 anos e disp\u00f5e de vinte vagas.<\/p>\n\n\n\n<p><strong>Museu infl\u00e1vel: oficina de birutas malucas<\/strong><\/p>\n\n\n\n<p>Data: 19\/07, s\u00e1bado, das 14h30 \u00e0s 16h30.<\/p>\n\n\n\n<p>A oficina Birutas Malucas \u00e9 inspirada nas obras da s\u00e9rie &#8220;Pinturas Vazias&#8221;, do artista Paolo Ridolfi, presente no acervo. Nesta atividade, o N\u00facleo Educativo prop\u00f5e um di\u00e1logo entre a produ\u00e7\u00e3o de Ridolfi e a reflex\u00e3o sobre o vazio \u2013 e como \u00e9 poss\u00edvel criar e imaginar formas estruturadas apenas com ar.<\/p>\n\n\n\n<p>Durante a oficina, os participantes v\u00e3o conhecer o trabalho do artista, percorrer o museu em busca de inspira\u00e7\u00f5es sobre o vazio, e depois montar e personalizar estruturas pl\u00e1sticas para criar suas pr\u00f3prias birutas malucas, na sala do MUPA \u2014 Comunidade \u2014 Cultura \u2014 Rela\u00e7\u00f5es.<\/p>\n\n\n\n<p><strong><a href=\"https:\/\/docs.google.com\/forms\/d\/e\/1FAIpQLSf4Xrq3a90qtim_xIWdoPSNY9v6QZP-ZeemGyiqJWxZlsXP_w\/viewform\" target=\"_blank\" rel=\"noreferrer noopener\">Inscri\u00e7\u00f5es aqui<\/a><\/strong>. A oficina \u00e9 voltada para o p\u00fablico de 5 a 16 anos e disp\u00f5e de vinte vagas.<\/p>\n\n\n\n<p><strong>Servi\u00e7o:<\/strong><\/p>\n\n\n\n<p>Museu Paranaense &#8211; Rua Kellers, 289, S\u00e3o Francisco \u2013 Curitiba.=<\/p>\n\n\n\n<p>Entrada gratuita.<\/p>\n\n\n\n<p>AEN<\/p>\n","protected":false},"excerpt":{"rendered":"<p>O&nbsp;Museu Paranaense (MUPA)&nbsp;vai promover de 3 de junho a 3 de agosto a terceira edi\u00e7\u00e3o do MUPA \u2013 Comunidade \u2013 Cultura \u2013 Rela\u00e7\u00f5es. Idealizado pelo N\u00facleo Educativo, o projeto, com sazonalidade anual, transforma a sala Lange de Morretes (dedicada \u00e0s exposi\u00e7\u00f5es tempor\u00e1rias) em um espa\u00e7o aberto ao conv\u00edvio, \u00e0 cria\u00e7\u00e3o e \u00e0 experimenta\u00e7\u00e3o coletiva. Com [&hellip;]<\/p>\n","protected":false},"author":2,"featured_media":67421,"comment_status":"open","ping_status":"open","sticky":false,"template":"","format":"standard","meta":{"advanced_seo_description":"","jetpack_seo_html_title":"","jetpack_seo_noindex":false,"_jetpack_memberships_contains_paid_content":false,"footnotes":""},"categories":[40,650],"tags":[319],"class_list":{"0":"post-67420","1":"post","2":"type-post","3":"status-publish","4":"format-standard","5":"has-post-thumbnail","7":"category-destaques","8":"category-parana","9":"tag-parana"},"jetpack_featured_media_url":"https:\/\/www.paranapraia.com.br\/wp-content\/uploads\/2025\/05\/especiesplanetario8-scaled.jpg","jetpack_sharing_enabled":true,"_links":{"self":[{"href":"https:\/\/www.paranapraia.com.br\/index.php\/wp-json\/wp\/v2\/posts\/67420"}],"collection":[{"href":"https:\/\/www.paranapraia.com.br\/index.php\/wp-json\/wp\/v2\/posts"}],"about":[{"href":"https:\/\/www.paranapraia.com.br\/index.php\/wp-json\/wp\/v2\/types\/post"}],"author":[{"embeddable":true,"href":"https:\/\/www.paranapraia.com.br\/index.php\/wp-json\/wp\/v2\/users\/2"}],"replies":[{"embeddable":true,"href":"https:\/\/www.paranapraia.com.br\/index.php\/wp-json\/wp\/v2\/comments?post=67420"}],"version-history":[{"count":1,"href":"https:\/\/www.paranapraia.com.br\/index.php\/wp-json\/wp\/v2\/posts\/67420\/revisions"}],"predecessor-version":[{"id":67422,"href":"https:\/\/www.paranapraia.com.br\/index.php\/wp-json\/wp\/v2\/posts\/67420\/revisions\/67422"}],"wp:featuredmedia":[{"embeddable":true,"href":"https:\/\/www.paranapraia.com.br\/index.php\/wp-json\/wp\/v2\/media\/67421"}],"wp:attachment":[{"href":"https:\/\/www.paranapraia.com.br\/index.php\/wp-json\/wp\/v2\/media?parent=67420"}],"wp:term":[{"taxonomy":"category","embeddable":true,"href":"https:\/\/www.paranapraia.com.br\/index.php\/wp-json\/wp\/v2\/categories?post=67420"},{"taxonomy":"post_tag","embeddable":true,"href":"https:\/\/www.paranapraia.com.br\/index.php\/wp-json\/wp\/v2\/tags?post=67420"}],"curies":[{"name":"wp","href":"https:\/\/api.w.org\/{rel}","templated":true}]}}