{"id":67414,"date":"2025-05-23T16:17:04","date_gmt":"2025-05-23T19:17:04","guid":{"rendered":"https:\/\/www.paranapraia.com.br\/?p=67414"},"modified":"2025-05-23T16:17:07","modified_gmt":"2025-05-23T19:17:07","slug":"pontal-do-parana-realiza-audiencia-publica-da-ldo-2026","status":"publish","type":"post","link":"https:\/\/www.paranapraia.com.br\/index.php\/2025\/05\/23\/pontal-do-parana-realiza-audiencia-publica-da-ldo-2026\/","title":{"rendered":"Pontal do Paran\u00e1 realiza audi\u00eancia p\u00fablica da LDO 2026"},"content":{"rendered":"\n<p>Na \u00faltima quinta-feira , 22 de maio, a Prefeitura de Pontal do Paran\u00e1 promoveu a audi\u00eancia p\u00fablica para apresenta\u00e7\u00e3o e discuss\u00e3o da Lei de Diretrizes Or\u00e7ament\u00e1rias (LDO) de 2026. O encontro, realizado no Centro de Capacita\u00e7\u00e3o da Educa\u00e7\u00e3o, contou com a presen\u00e7a de diversos segmentos da sociedade Pontalense, reafirmando o compromisso da gest\u00e3o municipal com a transpar\u00eancia e a participa\u00e7\u00e3o popular.<\/p>\n\n\n\n<p>A LDO \u00e9 um instrumento fundamental do planejamento p\u00fablico, respons\u00e1vel por estabelecer as metas e prioridades para o pr\u00f3ximo ano, orientando a elabora\u00e7\u00e3o da Lei Or\u00e7ament\u00e1ria Anual (LOA). Durante a audi\u00eancia, representantes da administra\u00e7\u00e3o municipal apresentaram os principais eixos estrat\u00e9gicos previstos para o or\u00e7amento de 2026, al\u00e9m de ouvir sugest\u00f5es e demandas dos cidad\u00e3os.<\/p>\n\n\n\n<p>Estiveram presentes l\u00edderes comunit\u00e1rios, representantes de conselhos municipais, servidores p\u00fablicos, empres\u00e1rios e moradores em geral, que contribu\u00edram com propostas voltadas para \u00e1reas como sa\u00fade, educa\u00e7\u00e3o, infraestrutura, seguran\u00e7a e meio ambiente.<\/p>\n\n\n\n<p>Segundo a equipe t\u00e9cnica da Prefeitura, a participa\u00e7\u00e3o da popula\u00e7\u00e3o neste tipo de audi\u00eancia fortalece a gest\u00e3o democr\u00e1tica e garante que os recursos p\u00fablicos sejam aplicados de forma mais eficiente, alinhados com as reais necessidades da comunidade.<\/p>\n\n\n\n<p>Al\u00e9m da audi\u00eancia presencial, a Prefeitura disponibilizou um formul\u00e1rio online para que os cidad\u00e3os pudessem enviar contribui\u00e7\u00f5es, ampliando as possibilidades de envolvimento da popula\u00e7\u00e3o no processo or\u00e7ament\u00e1rio.<\/p>\n\n\n\n<p>A constru\u00e7\u00e3o da LDO \u00e9 uma etapa estrat\u00e9gica para o desenvolvimento sustent\u00e1vel de Pontal do Paran\u00e1, e a ampla presen\u00e7a da sociedade civil no evento refor\u00e7a o papel do cidad\u00e3o como protagonista na defini\u00e7\u00e3o das pol\u00edticas p\u00fablicas municipais.<\/p>\n\n\n\n<p>\ud83d\udcf7 Fotos: Prefeitura de Pontal do Paran\u00e1 \/ Clovis Santos<\/p>\n","protected":false},"excerpt":{"rendered":"<p>Na \u00faltima quinta-feira , 22 de maio, a Prefeitura de Pontal do Paran\u00e1 promoveu a audi\u00eancia p\u00fablica para apresenta\u00e7\u00e3o e discuss\u00e3o da Lei de Diretrizes Or\u00e7ament\u00e1rias (LDO) de 2026. O encontro, realizado no Centro de Capacita\u00e7\u00e3o da Educa\u00e7\u00e3o, contou com a presen\u00e7a de diversos segmentos da sociedade Pontalense, reafirmando o compromisso da gest\u00e3o municipal com [&hellip;]<\/p>\n","protected":false},"author":2,"featured_media":67415,"comment_status":"open","ping_status":"open","sticky":false,"template":"","format":"standard","meta":{"advanced_seo_description":"","jetpack_seo_html_title":"","jetpack_seo_noindex":false,"_jetpack_memberships_contains_paid_content":false,"footnotes":""},"categories":[40,65],"tags":[318],"class_list":{"0":"post-67414","1":"post","2":"type-post","3":"status-publish","4":"format-standard","5":"has-post-thumbnail","7":"category-destaques","8":"category-pontal-do-parana","9":"tag-pontal-do-parana"},"jetpack_featured_media_url":"https:\/\/www.paranapraia.com.br\/wp-content\/uploads\/2025\/05\/FB_IMG_1748027702023.jpg","jetpack_sharing_enabled":true,"_links":{"self":[{"href":"https:\/\/www.paranapraia.com.br\/index.php\/wp-json\/wp\/v2\/posts\/67414"}],"collection":[{"href":"https:\/\/www.paranapraia.com.br\/index.php\/wp-json\/wp\/v2\/posts"}],"about":[{"href":"https:\/\/www.paranapraia.com.br\/index.php\/wp-json\/wp\/v2\/types\/post"}],"author":[{"embeddable":true,"href":"https:\/\/www.paranapraia.com.br\/index.php\/wp-json\/wp\/v2\/users\/2"}],"replies":[{"embeddable":true,"href":"https:\/\/www.paranapraia.com.br\/index.php\/wp-json\/wp\/v2\/comments?post=67414"}],"version-history":[{"count":1,"href":"https:\/\/www.paranapraia.com.br\/index.php\/wp-json\/wp\/v2\/posts\/67414\/revisions"}],"predecessor-version":[{"id":67416,"href":"https:\/\/www.paranapraia.com.br\/index.php\/wp-json\/wp\/v2\/posts\/67414\/revisions\/67416"}],"wp:featuredmedia":[{"embeddable":true,"href":"https:\/\/www.paranapraia.com.br\/index.php\/wp-json\/wp\/v2\/media\/67415"}],"wp:attachment":[{"href":"https:\/\/www.paranapraia.com.br\/index.php\/wp-json\/wp\/v2\/media?parent=67414"}],"wp:term":[{"taxonomy":"category","embeddable":true,"href":"https:\/\/www.paranapraia.com.br\/index.php\/wp-json\/wp\/v2\/categories?post=67414"},{"taxonomy":"post_tag","embeddable":true,"href":"https:\/\/www.paranapraia.com.br\/index.php\/wp-json\/wp\/v2\/tags?post=67414"}],"curies":[{"name":"wp","href":"https:\/\/api.w.org\/{rel}","templated":true}]}}