{"id":67315,"date":"2025-05-21T16:02:41","date_gmt":"2025-05-21T19:02:41","guid":{"rendered":"https:\/\/www.paranapraia.com.br\/?p=67315"},"modified":"2025-05-21T16:02:43","modified_gmt":"2025-05-21T19:02:43","slug":"prefeitura-de-antonina-celebra-o-dia-do-pedagogo-com-encontro-de-reflexao-e-fortalecimento-da-pratica-educativa","status":"publish","type":"post","link":"https:\/\/www.paranapraia.com.br\/index.php\/2025\/05\/21\/prefeitura-de-antonina-celebra-o-dia-do-pedagogo-com-encontro-de-reflexao-e-fortalecimento-da-pratica-educativa\/","title":{"rendered":"Prefeitura de Antonina celebra o Dia do Pedagogo com encontro de reflex\u00e3o e fortalecimento da pr\u00e1tica educativa"},"content":{"rendered":"\n<p>Na \u00faltima ter\u00e7a-feira (20), a Prefeitura de Antonina, atrav\u00e9s da Secretaria Municipal de Educa\u00e7\u00e3o, promoveu uma manh\u00e3 especial em comemora\u00e7\u00e3o ao Dia do Pedagogo. O encontro reuniu os profissionais que atuam nas unidades escolares do munic\u00edpio para um momento de troca, reflex\u00e3o e valoriza\u00e7\u00e3o da pr\u00e1tica pedag\u00f3gica.<\/p>\n\n\n\n<p>A abertura contou com a presen\u00e7a da Secret\u00e1ria de Educa\u00e7\u00e3o, que destacou a import\u00e2ncia do trabalho dos pedagogos para a constru\u00e7\u00e3o de uma educa\u00e7\u00e3o p\u00fablica de qualidade, humanizada e transformadora. Ela tamb\u00e9m ressaltou o papel fundamental desses profissionais na garantia dos direitos dos alunos e no fortalecimento dos processos de ensino e aprendizagem.<\/p>\n\n\n\n<p>Dando sequ\u00eancia \u00e0 programa\u00e7\u00e3o, foi realizado um momento de reflex\u00e3o e debate sobre o tema: \u201cNeglig\u00eancias ou falta de cuidados adequados\u201d conduzido com muita sensibilidade e conhecimento pela assistente social Ana Paula, da pr\u00f3pria Secretaria de Educa\u00e7\u00e3o. A discuss\u00e3o proporcionou importantes reflex\u00f5es sobre os desafios enfrentados no ambiente escolar e a necessidade de cuidado, aten\u00e7\u00e3o e compromisso com cada estudante.<\/p>\n\n\n\n<p>Assessoria<\/p>\n","protected":false},"excerpt":{"rendered":"<p>Na \u00faltima ter\u00e7a-feira (20), a Prefeitura de Antonina, atrav\u00e9s da Secretaria Municipal de Educa\u00e7\u00e3o, promoveu uma manh\u00e3 especial em comemora\u00e7\u00e3o ao Dia do Pedagogo. O encontro reuniu os profissionais que atuam nas unidades escolares do munic\u00edpio para um momento de troca, reflex\u00e3o e valoriza\u00e7\u00e3o da pr\u00e1tica pedag\u00f3gica. A abertura contou com a presen\u00e7a da Secret\u00e1ria [&hellip;]<\/p>\n","protected":false},"author":2,"featured_media":67317,"comment_status":"open","ping_status":"open","sticky":false,"template":"","format":"standard","meta":{"advanced_seo_description":"","jetpack_seo_html_title":"","jetpack_seo_noindex":false,"_jetpack_memberships_contains_paid_content":false,"footnotes":""},"categories":[132,40],"tags":[388],"class_list":{"0":"post-67315","1":"post","2":"type-post","3":"status-publish","4":"format-standard","5":"has-post-thumbnail","7":"category-antonina","8":"category-destaques","9":"tag-antonina"},"jetpack_featured_media_url":"https:\/\/www.paranapraia.com.br\/wp-content\/uploads\/2025\/05\/FB_IMG_1747854070251-scaled.jpg","jetpack_sharing_enabled":true,"_links":{"self":[{"href":"https:\/\/www.paranapraia.com.br\/index.php\/wp-json\/wp\/v2\/posts\/67315"}],"collection":[{"href":"https:\/\/www.paranapraia.com.br\/index.php\/wp-json\/wp\/v2\/posts"}],"about":[{"href":"https:\/\/www.paranapraia.com.br\/index.php\/wp-json\/wp\/v2\/types\/post"}],"author":[{"embeddable":true,"href":"https:\/\/www.paranapraia.com.br\/index.php\/wp-json\/wp\/v2\/users\/2"}],"replies":[{"embeddable":true,"href":"https:\/\/www.paranapraia.com.br\/index.php\/wp-json\/wp\/v2\/comments?post=67315"}],"version-history":[{"count":1,"href":"https:\/\/www.paranapraia.com.br\/index.php\/wp-json\/wp\/v2\/posts\/67315\/revisions"}],"predecessor-version":[{"id":67318,"href":"https:\/\/www.paranapraia.com.br\/index.php\/wp-json\/wp\/v2\/posts\/67315\/revisions\/67318"}],"wp:featuredmedia":[{"embeddable":true,"href":"https:\/\/www.paranapraia.com.br\/index.php\/wp-json\/wp\/v2\/media\/67317"}],"wp:attachment":[{"href":"https:\/\/www.paranapraia.com.br\/index.php\/wp-json\/wp\/v2\/media?parent=67315"}],"wp:term":[{"taxonomy":"category","embeddable":true,"href":"https:\/\/www.paranapraia.com.br\/index.php\/wp-json\/wp\/v2\/categories?post=67315"},{"taxonomy":"post_tag","embeddable":true,"href":"https:\/\/www.paranapraia.com.br\/index.php\/wp-json\/wp\/v2\/tags?post=67315"}],"curies":[{"name":"wp","href":"https:\/\/api.w.org\/{rel}","templated":true}]}}